{"id":499789,"date":"2021-10-08T11:53:41","date_gmt":"2021-10-08T15:53:41","guid":{"rendered":"https:\/\/diarioelpopular.com\/?p=499789"},"modified":"2021-10-08T11:53:41","modified_gmt":"2021-10-08T15:53:41","slug":"la-cuarta-ola-de-covid-19-ya-no-crece-los-casos-podrian-disminuir-en-las-proximas-semanas-phac","status":"publish","type":"post","link":"https:\/\/diarioelpopular.com\/index.php\/2021\/10\/08\/la-cuarta-ola-de-covid-19-ya-no-crece-los-casos-podrian-disminuir-en-las-proximas-semanas-phac\/","title":{"rendered":"La cuarta ola de COVID-19 ya no crece, los casos podr\u00edan disminuir en las pr\u00f3ximas semanas: PHAC"},"content":{"rendered":"<p><img loading=\"lazy\" decoding=\"async\" class=\"alignnone size-medium wp-image-499790\" src=\"https:\/\/diarioelpopular.com\/wp-content\/uploads\/2021\/10\/Screen-Shot-2021-10-08-at-11.53.01-AM-300x185.png\" alt=\"\" width=\"300\" height=\"185\" srcset=\"https:\/\/diarioelpopular.com\/wp-content\/uploads\/2021\/10\/Screen-Shot-2021-10-08-at-11.53.01-AM-300x185.png 300w, https:\/\/diarioelpopular.com\/wp-content\/uploads\/2021\/10\/Screen-Shot-2021-10-08-at-11.53.01-AM-768x474.png 768w, https:\/\/diarioelpopular.com\/wp-content\/uploads\/2021\/10\/Screen-Shot-2021-10-08-at-11.53.01-AM-1200x740.png 1200w, https:\/\/diarioelpopular.com\/wp-content\/uploads\/2021\/10\/Screen-Shot-2021-10-08-at-11.53.01-AM-636x392.png 636w, https:\/\/diarioelpopular.com\/wp-content\/uploads\/2021\/10\/Screen-Shot-2021-10-08-at-11.53.01-AM-118x73.png 118w, https:\/\/diarioelpopular.com\/wp-content\/uploads\/2021\/10\/Screen-Shot-2021-10-08-at-11.53.01-AM.png 1024w\" sizes=\"auto, (max-width: 300px) 100vw, 300px\" \/><\/p>\n<h4><em><strong>&#8211; La cuarta ola de la pandemia parece haberse estabilizado en todo Canad\u00e1, seg\u00fan funcionarios de la Agencia de Salud P\u00fablica de Canad\u00e1, aunque advierten que las medidas de salud p\u00fablica deben mantenerse para mantener a raya los casos <\/strong><\/em><em><strong>de COVID-19.<\/strong><\/em><\/h4>\n<p>TORONTO.- El nuevo modelo presentado por PHAC el viernes sugiere que si se mantienen los niveles de transmisi\u00f3n actuales, la cantidad de nuevos casos diarios podr\u00eda disminuir en las pr\u00f3ximas semanas.<\/p>\n<p>El progreso no ha sido uniforme en todo Canad\u00e1, dicen los funcionarios, pero en general, las cifras dan &#8220;motivos para el optimismo&#8221;, dijo la Dra. Theresa Tam, directora de salud p\u00fablica de Canad\u00e1.<\/p>\n<p>\u201cCon el nivel de cobertura de vacunas que hemos logrado en Canad\u00e1 hasta la fecha, estamos mucho mejor protegidos de cara a la temporada de infecciones respiratorias, y la actualizaci\u00f3n del modelo de hoy muestra que al mantener medidas b\u00e1sicas y menos restrictivas, como enmascarar y limitar el contacto cercano, podr\u00eda reducir el impacto de COVID-19 este invierno \u201d, dijo Tam.<br \/>\nPor primera vez desde mediados de julio, el n\u00famero de reproducci\u00f3n de COVID-19 ha ca\u00eddo por debajo de uno, anot\u00f3, lo que significa que la pandemia ya no est\u00e1 creciendo.<\/p>\n<p>Sin embargo, si la transmisi\u00f3n aumenta en solo un 15 por ciento en los pr\u00f3ximos meses, podr\u00eda haber un resurgimiento considerable del virus este invierno, advirti\u00f3.<\/p>\n<p>Los recuentos de casos en Canad\u00e1, aunque se han estabilizado, siguen siendo altos, dijeron las autoridades. Las tasas de infecci\u00f3n son &#8220;excesivamente altas&#8221; en algunas \u00e1reas, agregaron.<\/p>\n<p>\u201cEstamos lejos de declarar el fin de la pandemia\u201d, dijo el Dr. Howard Njoo, subdirector de salud p\u00fablica.<\/p>\n","protected":false},"excerpt":{"rendered":"<p>&#8211; La cuarta ola de la pandemia parece haberse estabilizado en todo Canad\u00e1, seg\u00fan funcionarios de la Agencia de Salud P\u00fablica de Canad\u00e1, aunque advierten&hellip;<\/p>\n","protected":false},"author":99,"featured_media":0,"comment_status":"open","ping_status":"open","sticky":false,"template":"","format":"standard","meta":{"footnotes":""},"categories":[21,11191],"tags":[],"class_list":["post-499789","post","type-post","status-publish","format-standard","hentry","category-canada","category-top-news"],"_links":{"self":[{"href":"https:\/\/diarioelpopular.com\/index.php\/wp-json\/wp\/v2\/posts\/499789","targetHints":{"allow":["GET"]}}],"collection":[{"href":"https:\/\/diarioelpopular.com\/index.php\/wp-json\/wp\/v2\/posts"}],"about":[{"href":"https:\/\/diarioelpopular.com\/index.php\/wp-json\/wp\/v2\/types\/post"}],"author":[{"embeddable":true,"href":"https:\/\/diarioelpopular.com\/index.php\/wp-json\/wp\/v2\/users\/99"}],"replies":[{"embeddable":true,"href":"https:\/\/diarioelpopular.com\/index.php\/wp-json\/wp\/v2\/comments?post=499789"}],"version-history":[{"count":1,"href":"https:\/\/diarioelpopular.com\/index.php\/wp-json\/wp\/v2\/posts\/499789\/revisions"}],"predecessor-version":[{"id":499791,"href":"https:\/\/diarioelpopular.com\/index.php\/wp-json\/wp\/v2\/posts\/499789\/revisions\/499791"}],"wp:attachment":[{"href":"https:\/\/diarioelpopular.com\/index.php\/wp-json\/wp\/v2\/media?parent=499789"}],"wp:term":[{"taxonomy":"category","embeddable":true,"href":"https:\/\/diarioelpopular.com\/index.php\/wp-json\/wp\/v2\/categories?post=499789"},{"taxonomy":"post_tag","embeddable":true,"href":"https:\/\/diarioelpopular.com\/index.php\/wp-json\/wp\/v2\/tags?post=499789"}],"curies":[{"name":"wp","href":"https:\/\/api.w.org\/{rel}","templated":true}]}}