{"id":499802,"date":"2021-10-09T10:25:32","date_gmt":"2021-10-09T14:25:32","guid":{"rendered":"https:\/\/diarioelpopular.com\/?p=499802"},"modified":"2021-10-09T10:25:32","modified_gmt":"2021-10-09T14:25:32","slug":"la-fiscalia-de-chile-abre-causa-contra-pinera-por-papeles-de-pandora","status":"publish","type":"post","link":"https:\/\/diarioelpopular.com\/index.php\/2021\/10\/09\/la-fiscalia-de-chile-abre-causa-contra-pinera-por-papeles-de-pandora\/","title":{"rendered":"La Fiscal\u00eda de Chile abre causa contra Pi\u00f1era por papeles de Pandora"},"content":{"rendered":"<p><img loading=\"lazy\" decoding=\"async\" class=\"alignnone size-medium wp-image-499803\" src=\"https:\/\/diarioelpopular.com\/wp-content\/uploads\/2021\/10\/5defcab80d180.r_1633764816157.0-0-3000-1498-300x150.jpg\" alt=\"\" width=\"300\" height=\"150\" srcset=\"https:\/\/diarioelpopular.com\/wp-content\/uploads\/2021\/10\/5defcab80d180.r_1633764816157.0-0-3000-1498-300x150.jpg 300w, https:\/\/diarioelpopular.com\/wp-content\/uploads\/2021\/10\/5defcab80d180.r_1633764816157.0-0-3000-1498-768x384.jpg 768w, https:\/\/diarioelpopular.com\/wp-content\/uploads\/2021\/10\/5defcab80d180.r_1633764816157.0-0-3000-1498-636x318.jpg 636w, https:\/\/diarioelpopular.com\/wp-content\/uploads\/2021\/10\/5defcab80d180.r_1633764816157.0-0-3000-1498-146x73.jpg 146w, https:\/\/diarioelpopular.com\/wp-content\/uploads\/2021\/10\/5defcab80d180.r_1633764816157.0-0-3000-1498.jpg 950w\" sizes=\"auto, (max-width: 300px) 100vw, 300px\" \/><\/p>\n<p>La Fiscal\u00eda de Chile inform\u00f3 este viernes la apertura de una investigaci\u00f3n de oficio contra el presidente del pa\u00eds,\u00a0<b>Sebasti\u00e1n Pi\u00f1era<\/b>, luego de que la publicaci\u00f3n\u00a0<b>Papeles de Pandora<\/b>\u00a0revelara presuntas irregularidades en la venta en 2010 en Islas V\u00edrgenes Brit\u00e1nicas de sus acciones en un megaproyecto minero.<\/p>\n<p>&#8220;El fiscal nacional dicidi\u00f3 abrir de oficio una investigaci\u00f3n penal por los hechos asociados a los Pandora Papers&#8221;, anunci\u00f3 la directora Anticorrupci\u00f3n de la Fiscal\u00eda Nacional, Marta Herrera.<\/p>\n<p>De acuerdo a la funcionaria, &#8220;hay antecedentes que podr\u00edan revertir car\u00e1cter de cohecho, con su correlato de soborno, y eventuales delitos tributarios&#8221;.<\/p>\n<p>El\u00a0<b>Consorcio Internacional de Periodistas de Investigaci\u00f3n<\/b>\u00a0(ICIJ), en colaboraci\u00f3n con los medios chilenos CIPER y LaBot, revel\u00f3 el domingo pasado que Minera Dominga se vendi\u00f3 en 2010 al empresario y amigo de la familia presidencial Carlos Alberto<\/p>\n<p id=\"p623903-m599-3-600\" class=\"contenido\">D\u00e9lano en una operaci\u00f3n de 152 millones de d\u00f3lares realizada en parte en el para\u00edso fiscal caribe\u00f1o.<\/p>\n<p>El pago supuestamente deb\u00eda producirse en tres cuotas, pero la \u00faltima estaba condicionada a que la zona no fuera declarada de protecci\u00f3n ambiental, pese a que la mina amenaza una reserva natural con ping\u00fcinos \u00fanicos, seg\u00fan el ICIJ.<\/p>\n<p id=\"p623903-m605-4-606\" class=\"contenido\">La protecci\u00f3n ambiental depend\u00eda de\u00a0Pi\u00f1era, quien hab\u00eda asumido el poder para su primer mandato apenas unos meses antes de la venta del proyecto, que actualmente est\u00e1 aprobado por un tribunal regional ambiental pero pendiente de recursos por la Corte Suprema.<\/p>\n<p>El objetivo central de la pesquisa es determinar si el contrato de venta preve\u00eda efectivamente la pol\u00e9mica cl\u00e1usula de la \u00faltima cuota, un asunto que no fue incluido en la investigaci\u00f3n que la propia Fiscal\u00eda abri\u00f3 en 2017 y que se termin\u00f3 sobreseyendo.<\/p>\n<p>&#8220;El contrato en ingl\u00e9s en las<b>\u00a0Islas V\u00edrgenes Brit\u00e1nicas<\/b>\u00a0no estaba incorporado en la investigaci\u00f3n (de 2017), por lo tanto es un antecedente nuevo&#8221;, indic\u00f3 la fiscal.<\/p>\n<div class=\"col2\">\n<div class=\"articulo-contenido\">\n<div class=\"modulos public-side\">\n<div class=\"col2\">\n<div class=\"articulo-contenido\">\n<div class=\"modulos public-side\">\n<div id=\"p623903-m573-2-574\" class=\"fotografia vertical\">\n<div class=\"imagen-cuerpo-bk\"><\/div>\n<\/div>\n<div class=\"relacionados nuevo-modulo dtm-modulos_evo_articulo\">\n<div class=\"bx-wrapper\">\n<div class=\"bx-viewport\">\n<div class=\"slider\">\n<article class=\"new-article\">\n<div><\/div>\n<\/article>\n<article class=\"new-article\">\n<div><\/div>\n<\/article>\n<\/div>\n<\/div>\n<\/div>\n<\/div>\n<div class=\"social-col col1\">\n<div class=\"publicidad pauta_160px\"><\/div>\n<\/div>\n<div class=\"col2\">\n<div class=\"articulo-contenido\">\n<div class=\"modulos public-side\">\n<div id=\"p623903-m573-2-574\" class=\"fotografia vertical\">\n<div class=\"imagen-cuerpo-bk\"><\/div>\n<\/div>\n<div class=\"relacionados nuevo-modulo dtm-modulos_evo_articulo\">\n<div class=\"bx-wrapper\">\n<div class=\"bx-viewport\">\n<div class=\"slider\">\n<article class=\"new-article\" data-editorial=\"Editorial\" data-bloqueo=\"Abierto\" data-name=\"Conozca la famosa Isla de Pascua en Chile\" data-board=\"Temas relacionados\" data-tipocontenido=\"Articulo\" data-id=\"623673\" data-seccion=\"mundo\" data-subseccion=\"latinoamerica\" data-category=\"mundo\/latinoamerica\" data-position=\"2\">\n<div>\n<div class=\"content-info-modulo\"><\/div>\n<\/div>\n<\/article>\n<\/div>\n<\/div>\n<\/div>\n<\/div>\n<p id=\"p623903-m641-10-642\" class=\"contenido\">\n<\/div>\n<\/div>\n<\/div>\n<\/div>\n<\/div>\n<\/div>\n<\/div>\n<\/div>\n<\/div>\n","protected":false},"excerpt":{"rendered":"<p>La Fiscal\u00eda de Chile inform\u00f3 este viernes la apertura de una investigaci\u00f3n de oficio contra el presidente del pa\u00eds,\u00a0Sebasti\u00e1n Pi\u00f1era, luego de que la publicaci\u00f3n\u00a0Papeles&hellip;<\/p>\n","protected":false},"author":99,"featured_media":499803,"comment_status":"open","ping_status":"open","sticky":false,"template":"","format":"standard","meta":{"footnotes":""},"categories":[23],"tags":[],"class_list":["post-499802","post","type-post","status-publish","format-standard","has-post-thumbnail","hentry","category-latinoamerica"],"_links":{"self":[{"href":"https:\/\/diarioelpopular.com\/index.php\/wp-json\/wp\/v2\/posts\/499802","targetHints":{"allow":["GET"]}}],"collection":[{"href":"https:\/\/diarioelpopular.com\/index.php\/wp-json\/wp\/v2\/posts"}],"about":[{"href":"https:\/\/diarioelpopular.com\/index.php\/wp-json\/wp\/v2\/types\/post"}],"author":[{"embeddable":true,"href":"https:\/\/diarioelpopular.com\/index.php\/wp-json\/wp\/v2\/users\/99"}],"replies":[{"embeddable":true,"href":"https:\/\/diarioelpopular.com\/index.php\/wp-json\/wp\/v2\/comments?post=499802"}],"version-history":[{"count":1,"href":"https:\/\/diarioelpopular.com\/index.php\/wp-json\/wp\/v2\/posts\/499802\/revisions"}],"predecessor-version":[{"id":499804,"href":"https:\/\/diarioelpopular.com\/index.php\/wp-json\/wp\/v2\/posts\/499802\/revisions\/499804"}],"wp:featuredmedia":[{"embeddable":true,"href":"https:\/\/diarioelpopular.com\/index.php\/wp-json\/wp\/v2\/media\/499803"}],"wp:attachment":[{"href":"https:\/\/diarioelpopular.com\/index.php\/wp-json\/wp\/v2\/media?parent=499802"}],"wp:term":[{"taxonomy":"category","embeddable":true,"href":"https:\/\/diarioelpopular.com\/index.php\/wp-json\/wp\/v2\/categories?post=499802"},{"taxonomy":"post_tag","embeddable":true,"href":"https:\/\/diarioelpopular.com\/index.php\/wp-json\/wp\/v2\/tags?post=499802"}],"curies":[{"name":"wp","href":"https:\/\/api.w.org\/{rel}","templated":true}]}}