{"id":499818,"date":"2021-10-11T10:33:21","date_gmt":"2021-10-11T14:33:21","guid":{"rendered":"https:\/\/diarioelpopular.com\/?p=499818"},"modified":"2021-10-11T10:33:21","modified_gmt":"2021-10-11T14:33:21","slug":"la-cepa-delta-predomina-en-chile","status":"publish","type":"post","link":"https:\/\/diarioelpopular.com\/index.php\/2021\/10\/11\/la-cepa-delta-predomina-en-chile\/","title":{"rendered":"La cepa Delta predomina en Chile"},"content":{"rendered":"<div id=\"attachment_499819\" style=\"width: 310px\" class=\"wp-caption alignnone\"><img loading=\"lazy\" decoding=\"async\" aria-describedby=\"caption-attachment-499819\" class=\"size-medium wp-image-499819\" src=\"https:\/\/diarioelpopular.com\/wp-content\/uploads\/2021\/10\/8945ba9c4f2c7e7b4fac71b87f7cce38-300x194.jpg\" alt=\"\" width=\"300\" height=\"194\" srcset=\"https:\/\/diarioelpopular.com\/wp-content\/uploads\/2021\/10\/8945ba9c4f2c7e7b4fac71b87f7cce38-300x194.jpg 300w, https:\/\/diarioelpopular.com\/wp-content\/uploads\/2021\/10\/8945ba9c4f2c7e7b4fac71b87f7cce38-85x55.jpg 85w, https:\/\/diarioelpopular.com\/wp-content\/uploads\/2021\/10\/8945ba9c4f2c7e7b4fac71b87f7cce38-113x73.jpg 113w, https:\/\/diarioelpopular.com\/wp-content\/uploads\/2021\/10\/8945ba9c4f2c7e7b4fac71b87f7cce38.jpg 600w\" sizes=\"auto, (max-width: 300px) 100vw, 300px\" \/><p id=\"caption-attachment-499819\" class=\"wp-caption-text\"><em>La cepa Delta predomina en Chile (foto: ANSA)<\/em><\/p><\/div>\n<h4><em><strong>Hubo 1668 casos (78,8%) de las 2115 infecciones secuenciadas<\/strong><\/em><\/h4>\n<p><strong>SANTIAGO DE CHILE, 11 OCT &#8211;<\/strong> La variante Delta del coronavirus SARS-CoV-2 lleva un mes siendo la m\u00e1s frecuente en las muestras de contagios analizadas en Chile, a trav\u00e9s del programa de Vigilancia Gen\u00f3mica.<br \/>\nEl informe del Departamento de Epidemiolog\u00eda detall\u00f3 que en la semana m\u00e1s reciente, del 26 de septiembre al 2 de octubre, hubo 1668 casos (78,8%) de las 2115 infecciones genotificadas.<br \/>\nLe siguieron Gamma, con 139 (6,6%), y Mu, con 121 (5,7%).<br \/>\nLos casos Delta tuvieron un aumento respecto a la semana anterior (19 al 25 de septiembre), cuando concentr\u00f3 1.577 muestras (70%).<br \/>\nAs\u00ed, dentro de los 12.401 contagios analizados en las \u00faltimas 10 semanas, Delta sum\u00f3 la mayor cantidad de infecciones: 5.499, equivalentes al 44,3%. M\u00e1s atr\u00e1s quedaron Gamma (3.466, 27,9%) y Mu (1.430, 11,5%). Del total en ese per\u00edodo, el 95,4%, es decir, 11.835 casos, correspondieron a contagios comunitarios, y s\u00f3lo 566 (4,6%) fueron &#8220;importados&#8221;.<br \/>\nDelta, que lleg\u00f3 a Chile a mediados de junio de este a\u00f1o, es la segunda m\u00e1s identificada desde que en diciembre del 2020 se inici\u00f3 el an\u00e1lisis de muestras del programa de Vigilancia Gen\u00f3mica.<br \/>\nDesde entonces se han analizado 18.491 casos confirmados de coronavirus, de los cuales 12.778 (69,1%) han sido de variantes de preocupaci\u00f3n: de estos, Gamma se detect\u00f3 en 6.798 (36,8%) y Delta en 5.569 (30,1%).<br \/>\nSobre la situaci\u00f3n cl\u00ednica de los pacientes, de todas los infectados por Delta, s\u00f3lo 272 (4,9%) han requerido hospitalizaci\u00f3n y 23 han fallecido (0,41%).<br \/>\nEn tanto, el \u00faltimo reporte del monitoreo de la pandemia que realiza el equipo ICOVID Chile, iniciativa liderada por las universidades de Chile, Cat\u00f3lica y de Concepci\u00f3n, ratific\u00f3 el ascenso de casos de coronavirus en todo el pa\u00eds, revirtiendo la tendencia a la baja.<br \/>\nLa carga, expresada como casos de Covid por 100 mil habitantes, lleg\u00f3 a 3,9 casos, (color amarillo), acerc\u00e1ndose al color naranja de 5 casos por 100 mil habitantes.<br \/>\nLas mayores tasas de casos se presentan en las regiones de Arica-Parinacota (12), Tarapac\u00e1 (8,0), Antofagasta (6,7) y Atacama (5,6), en el extremo norte, lim\u00edtrofe con Per\u00fa y Bolivia. Mientras, las m\u00e1s bajas son Coquimbo (2,3) O\u00efHiggins (2,3), Biob\u00edo (2,1), La Araucan\u00eda (2,0), Los R\u00edos (2,2) y Los Lagos (2,3), en el centro y sur del pa\u00eds.<br \/>\nLa regi\u00f3n extrema austral de Magallanes es la \u00fanica que no present\u00f3 alza a fines de septiembre, manteni\u00e9ndose con las menores tasas nacionales, en torno a 0,3 casos nuevos por 100 mil habitantes.<br \/>\nLa tasa de transmisi\u00f3n (R efectivo) no alcanz\u00f3 un nivel seguro, (color verde bajo 0,80), estando pr\u00e1cticamente todo agosto en color anaranjado, situ\u00e1ndose en color rojo el 7 de septiembre y manteni\u00e9ndose as\u00ed hasta la fecha, en niveles entre 1 y 1,2, es decir, transmisi\u00f3n en aumento.<br \/>\n&#8220;Aumentar la capacidad de testeo, que es aumentar la toma de ex\u00e1menes PCR, es parte importante de la estrategia de control de la pandemia y se mantiene una capacidad de testeo de 17,7 test por mil habitantes de promedio semanal&#8221;, relevaron los investigadores.<br \/>\nEn cuanto a la ocupaci\u00f3n de camas cr\u00edticas, de acuerdo al informe, en la \u00faltima semana se mantuvo en 85%, mostrando un peque\u00f1o aumento con respecto a la semana anterior (82%), despu\u00e9s de venir cayendo por varias semanas.<br \/>\nLa reducci\u00f3n de ocupaci\u00f3n camas UCI est\u00e1 directamente asociada a la disminuci\u00f3n de pacientes Covid-19. Este lleg\u00f3 a su punto m\u00e1s alto (77% de las camas ocupadas por pacientes Covid-19) en abril de 2021, pero ha venido bajando sostenidamente desde mediados de junio a la fecha. Hoy se encuentra en su nivel m\u00e1s bajo de toda la pandemia, en torno a 16%.<br \/>\nUna importante mejora es la disminuci\u00f3n en la ocupaci\u00f3n UCI de pacientes del grupo de mayor edad, el cual se hab\u00eda mantenido estancado en alrededor de 450-500 camas ocupadas durante junio y julio, y que ahora se encuentra en alrededor de 100 camas UCI ocupadas (5 veces menos).<br \/>\n&#8220;Una posible explicaci\u00f3n es el avance en la campa\u00f1a de dosis de refuerzo para ese grupo de edad. Actualmente hay 2 millones de personas sobre 60 a\u00f1os que ya recibieron la dosis de refuerzo (de un total de 3 millones que completaron su ciclo de vacunaci\u00f3n)&#8221;, expuso el documento.<\/p>\n","protected":false},"excerpt":{"rendered":"<p>Hubo 1668 casos (78,8%) de las 2115 infecciones secuenciadas SANTIAGO DE CHILE, 11 OCT &#8211; La variante Delta del coronavirus SARS-CoV-2 lleva un mes siendo&hellip;<\/p>\n","protected":false},"author":99,"featured_media":499819,"comment_status":"open","ping_status":"open","sticky":false,"template":"","format":"standard","meta":{"footnotes":""},"categories":[23],"tags":[],"class_list":["post-499818","post","type-post","status-publish","format-standard","has-post-thumbnail","hentry","category-latinoamerica"],"_links":{"self":[{"href":"https:\/\/diarioelpopular.com\/index.php\/wp-json\/wp\/v2\/posts\/499818","targetHints":{"allow":["GET"]}}],"collection":[{"href":"https:\/\/diarioelpopular.com\/index.php\/wp-json\/wp\/v2\/posts"}],"about":[{"href":"https:\/\/diarioelpopular.com\/index.php\/wp-json\/wp\/v2\/types\/post"}],"author":[{"embeddable":true,"href":"https:\/\/diarioelpopular.com\/index.php\/wp-json\/wp\/v2\/users\/99"}],"replies":[{"embeddable":true,"href":"https:\/\/diarioelpopular.com\/index.php\/wp-json\/wp\/v2\/comments?post=499818"}],"version-history":[{"count":1,"href":"https:\/\/diarioelpopular.com\/index.php\/wp-json\/wp\/v2\/posts\/499818\/revisions"}],"predecessor-version":[{"id":499820,"href":"https:\/\/diarioelpopular.com\/index.php\/wp-json\/wp\/v2\/posts\/499818\/revisions\/499820"}],"wp:featuredmedia":[{"embeddable":true,"href":"https:\/\/diarioelpopular.com\/index.php\/wp-json\/wp\/v2\/media\/499819"}],"wp:attachment":[{"href":"https:\/\/diarioelpopular.com\/index.php\/wp-json\/wp\/v2\/media?parent=499818"}],"wp:term":[{"taxonomy":"category","embeddable":true,"href":"https:\/\/diarioelpopular.com\/index.php\/wp-json\/wp\/v2\/categories?post=499818"},{"taxonomy":"post_tag","embeddable":true,"href":"https:\/\/diarioelpopular.com\/index.php\/wp-json\/wp\/v2\/tags?post=499818"}],"curies":[{"name":"wp","href":"https:\/\/api.w.org\/{rel}","templated":true}]}}