{"id":499830,"date":"2021-10-12T12:51:54","date_gmt":"2021-10-12T16:51:54","guid":{"rendered":"https:\/\/diarioelpopular.com\/?p=499830"},"modified":"2021-10-12T12:51:54","modified_gmt":"2021-10-12T16:51:54","slug":"el-12-de-octubre-deja-de-ser-el-dia-de-la-raza-por-que","status":"publish","type":"post","link":"https:\/\/diarioelpopular.com\/index.php\/2021\/10\/12\/el-12-de-octubre-deja-de-ser-el-dia-de-la-raza-por-que\/","title":{"rendered":"El 12 de octubre deja de ser el D\u00eda de la Raza, \u00bfpor qu\u00e9?"},"content":{"rendered":"<h4><img loading=\"lazy\" decoding=\"async\" class=\"alignnone size-medium wp-image-499831\" src=\"https:\/\/diarioelpopular.com\/wp-content\/uploads\/2021\/10\/Screen-Shot-2021-10-12-at-12.51.24-PM-300x179.png\" alt=\"\" width=\"300\" height=\"179\" srcset=\"https:\/\/diarioelpopular.com\/wp-content\/uploads\/2021\/10\/Screen-Shot-2021-10-12-at-12.51.24-PM-300x179.png 300w, https:\/\/diarioelpopular.com\/wp-content\/uploads\/2021\/10\/Screen-Shot-2021-10-12-at-12.51.24-PM-768x459.png 768w, https:\/\/diarioelpopular.com\/wp-content\/uploads\/2021\/10\/Screen-Shot-2021-10-12-at-12.51.24-PM-1200x717.png 1200w, https:\/\/diarioelpopular.com\/wp-content\/uploads\/2021\/10\/Screen-Shot-2021-10-12-at-12.51.24-PM-636x380.png 636w, https:\/\/diarioelpopular.com\/wp-content\/uploads\/2021\/10\/Screen-Shot-2021-10-12-at-12.51.24-PM-122x73.png 122w, https:\/\/diarioelpopular.com\/wp-content\/uploads\/2021\/10\/Screen-Shot-2021-10-12-at-12.51.24-PM.png 1024w\" sizes=\"auto, (max-width: 300px) 100vw, 300px\" \/><\/h4>\n<h4><em><strong>&#8211; Esta importante fecha, en la que se conmemora la llegada de Crist\u00f3bal Col\u00f3n a Am\u00e9rica, cambia de nombre.<\/strong><\/em><\/h4>\n<p>Desde los a\u00f1os 90, movimientos sociales y algunos acad\u00e9micos se han cuestionado la conmemoraci\u00f3n de la llegada de Crist\u00f3bal Col\u00f3n a Am\u00e9rica, el concepto de raza, la idea de un descubrimiento y el nombre del \u2018D\u00eda de la Raza\u2019.<\/p>\n<p>Atendiendo a este llamado y en concordancia con los valores, memorias e identidades que se quieren fomentar en el pa\u00eds, el Ministerio de Cultura, a trav\u00e9s de la Resoluci\u00f3n 0138 del 31 de mayo de 2021, estableci\u00f3 el 12 de octubre como el \u2018D\u00eda de la Diversidad \u00c9tnica y Cultural de la Naci\u00f3n Colombiana\u2019.<\/p>\n<p>\u201cEste cambio sirve para que entendamos que debemos dejar atr\u00e1s un concepto anacr\u00f3nico que genera profundas discriminaciones en el mundo y reconocernos como un pa\u00eds pluri\u00e9tnico y multicultural, en el que la diversidad es nuestra mayor riqueza\u201d, explic\u00f3 la ministra de Cultura, Ang\u00e9lica Mayolo, al insistir en que se avanz\u00f3 en la resignificaci\u00f3n de esta fecha por solicitud de las comunidades \u00e9tnicas para progresar hac\u00eda un pa\u00eds m\u00e1s inclusivo e incluyente.<\/p>\n<p>El nombre de \u2018D\u00eda de la Diversidad \u00c9tnica y Cultural de la Naci\u00f3n Colombiana\u2019 se otorg\u00f3 bas\u00e1ndose en la Constituci\u00f3n de 1991, que es expl\u00edcita en resaltar el car\u00e1cter pluralista de Colombia y en hacer un reconocimiento a la diversidad \u00e9tnica y cultural del pa\u00eds, incentivando a su protecci\u00f3n bajo las ideas de igualdad y dignidad de todas las culturas que conviven en el territorio.<\/p>\n<p>Este nombre va en la misma l\u00ednea de lo que ya han hecho muchos otros pa\u00edses de Am\u00e9rica, al poner el acento de la conmemoraci\u00f3n en la valoraci\u00f3n de la diversidad cultural. En Argentina se le llama \u2018D\u00eda del Respeto a la Diversidad Cultural\u2019, en Belice \u2018D\u00eda Panamericano\u2019, en Costa Rica \u2018D\u00eda de las Culturas\u2019, en Ecuador \u2018D\u00eda de la Interculturalidad y la Plurinacionalidad\u2019, y as\u00ed sucesivamente.<\/p>\n<p>Seg\u00fan indica el Instituto Colombiano de Antropolog\u00eda e Historia -ICANH, estos cambios de nombre surgieron de los movimientos indigenistas y afros, tambi\u00e9n de los acad\u00e9micos, sobre todo desde la antropolog\u00eda. Colombia era uno de los pocos pa\u00edses americanos que conservaban la anterior denominaci\u00f3n.<\/p>\n<p>Desde finales del siglo XIX, se comenz\u00f3 a celebrar el 12 de octubre en Estados Unidos y el resto de Am\u00e9rica en conmemoraci\u00f3n de la llegada de Crist\u00f3bal Col\u00f3n a Am\u00e9rica. En Colombia se empez\u00f3 a celebrar el \u2018D\u00eda de la Raza\u2019 desde 1914, acogiendo la propuesta de Espa\u00f1a de fomentar la uni\u00f3n de los pa\u00edses hispanoamericanos. Sin embargo, la idea de raza ten\u00eda un tinte biol\u00f3gico y eurocentrista, lo que hac\u00eda necesario que el hincapi\u00e9 de esta conmemoraci\u00f3n estuviera en la diversidad cultural, siendo este m\u00e1s acorde con las aspiraciones de la actual sociedad colombiana y reflejando el sentir de sus comunidades.<\/p>\n<p>\u201cAdem\u00e1s de ser un homenaje a las culturas ind\u00edgenas y africanas que aportaron para la formaci\u00f3n de lo que es hoy en d\u00eda Colombia, tambi\u00e9n es un llamado a la uni\u00f3n y a incrementar la conciencia y el orgullo por nuestra identidad colombiana, que es construida por los diferentes pueblos, etnias y manifestaciones culturales que se dan a lo largo y ancho del territorio\u201d, a\u00f1adi\u00f3 la ministra, Ang\u00e9lica Mayolo.<\/p>\n<div id=\"\" class=\"portlet-boundary portlet-static-end content-viewer-portlet last full-access restricted\">\n<div class=\"template-eu-5 detail w50 m50\">\n<div class=\"left-block\">\n<div class=\"text small resizable\">\n<article>\n<div class=\"paragraph\">\n<p><b>La agenda del d\u00eda<\/b><\/p>\n<p>Con una agenda art\u00edstica y cultural, Colombia da inicio, este 12 de octubre, a una nueva mirada a su diversidad e inigualable acervo cultural nacida de los pueblos ind\u00edgenas nativos, los colonos de ascendencia europea y los cimarrones africanos.<\/p>\n<p>La Ciudadela Educativa Nuevo Latir, en Cali, ser\u00e1 escenario de la presentaci\u00f3n de Cantos Alabados del Pac\u00edfico a cargo de Do\u00f1a Tecla, la agrupaci\u00f3n de salsa choque ChumiDay y otros m\u00fasicos que combinan ritmos de la marimba con g\u00e9neros urbanos como Proyecto Celda, Urban Boys Ragga, Linaje, Son Ra\u00edces, Canal\u00f3n de Timbiqu\u00ed y Yeisel.<\/p>\n<p>Asimismo, acojer\u00e1 el conversatorio \u2018Las mujeres narramos nuestra diversidad\u2019 y el encuentro \u2018Flujo y Reflujo: di\u00e1logos visuales\u2019 entre la fot\u00f3grafa maliense Fatoumata Diabat\u00e9 y los fotoperioditas colombianos Jeison Riasco, conocido como El Murcy, y Julieth Morales.<\/p>\n<\/div>\n<\/article>\n<\/div>\n<\/div>\n<\/div>\n<\/div>\n<div id=\"\" class=\"portlet-boundary portlet-static-end content-viewer-portlet last full-access restricted\">\n<div class=\"template-eu-72\">\n<h3><\/h3>\n<\/div>\n<\/div>\n","protected":false},"excerpt":{"rendered":"<p>&#8211; Esta importante fecha, en la que se conmemora la llegada de Crist\u00f3bal Col\u00f3n a Am\u00e9rica, cambia de nombre. Desde los a\u00f1os 90, movimientos sociales&hellip;<\/p>\n","protected":false},"author":99,"featured_media":499831,"comment_status":"open","ping_status":"open","sticky":false,"template":"","format":"standard","meta":{"footnotes":""},"categories":[11358],"tags":[],"class_list":["post-499830","post","type-post","status-publish","format-standard","has-post-thumbnail","hentry","category-especiales"],"_links":{"self":[{"href":"https:\/\/diarioelpopular.com\/index.php\/wp-json\/wp\/v2\/posts\/499830","targetHints":{"allow":["GET"]}}],"collection":[{"href":"https:\/\/diarioelpopular.com\/index.php\/wp-json\/wp\/v2\/posts"}],"about":[{"href":"https:\/\/diarioelpopular.com\/index.php\/wp-json\/wp\/v2\/types\/post"}],"author":[{"embeddable":true,"href":"https:\/\/diarioelpopular.com\/index.php\/wp-json\/wp\/v2\/users\/99"}],"replies":[{"embeddable":true,"href":"https:\/\/diarioelpopular.com\/index.php\/wp-json\/wp\/v2\/comments?post=499830"}],"version-history":[{"count":1,"href":"https:\/\/diarioelpopular.com\/index.php\/wp-json\/wp\/v2\/posts\/499830\/revisions"}],"predecessor-version":[{"id":499832,"href":"https:\/\/diarioelpopular.com\/index.php\/wp-json\/wp\/v2\/posts\/499830\/revisions\/499832"}],"wp:featuredmedia":[{"embeddable":true,"href":"https:\/\/diarioelpopular.com\/index.php\/wp-json\/wp\/v2\/media\/499831"}],"wp:attachment":[{"href":"https:\/\/diarioelpopular.com\/index.php\/wp-json\/wp\/v2\/media?parent=499830"}],"wp:term":[{"taxonomy":"category","embeddable":true,"href":"https:\/\/diarioelpopular.com\/index.php\/wp-json\/wp\/v2\/categories?post=499830"},{"taxonomy":"post_tag","embeddable":true,"href":"https:\/\/diarioelpopular.com\/index.php\/wp-json\/wp\/v2\/tags?post=499830"}],"curies":[{"name":"wp","href":"https:\/\/api.w.org\/{rel}","templated":true}]}}