{"id":499835,"date":"2021-10-13T09:14:54","date_gmt":"2021-10-13T13:14:54","guid":{"rendered":"https:\/\/diarioelpopular.com\/?p=499835"},"modified":"2021-10-13T09:14:54","modified_gmt":"2021-10-13T13:14:54","slug":"el-40-de-los-canadienses-tiene-una-vision-negativa-de-facebook-dice-que-amplifica-el-odio-encuesta","status":"publish","type":"post","link":"https:\/\/diarioelpopular.com\/index.php\/2021\/10\/13\/el-40-de-los-canadienses-tiene-una-vision-negativa-de-facebook-dice-que-amplifica-el-odio-encuesta\/","title":{"rendered":"El 40% de los canadienses tiene una visi\u00f3n negativa de Facebook, dice que amplifica el odio: encuesta"},"content":{"rendered":"<p><img loading=\"lazy\" decoding=\"async\" class=\"alignnone size-medium wp-image-499836\" src=\"https:\/\/diarioelpopular.com\/wp-content\/uploads\/2021\/10\/1.imgres-300x180.jpg\" alt=\"\" width=\"300\" height=\"180\" srcset=\"https:\/\/diarioelpopular.com\/wp-content\/uploads\/2021\/10\/1.imgres-300x180.jpg 300w, https:\/\/diarioelpopular.com\/wp-content\/uploads\/2021\/10\/1.imgres-768x462.jpg 768w, https:\/\/diarioelpopular.com\/wp-content\/uploads\/2021\/10\/1.imgres-636x380.jpg 636w, https:\/\/diarioelpopular.com\/wp-content\/uploads\/2021\/10\/1.imgres-121x73.jpg 121w, https:\/\/diarioelpopular.com\/wp-content\/uploads\/2021\/10\/1.imgres.jpg 903w\" sizes=\"auto, (max-width: 300px) 100vw, 300px\" \/><\/p>\n<h4><em><strong>&#8211; Una amplia franja de canadienses tiene una visi\u00f3n amarga de Facebook, y la mitad de los encuestados en una nueva encuesta dicen que deber\u00eda ser regulado o dividido ya que una crisis de &#8220;imagen corporativa&#8221; sacude al gigante de las redes sociales una vez m\u00e1s.<\/strong><\/em><\/h4>\n<p><em><strong>OTTAWA.-<\/strong> <\/em>El cuarenta por ciento de los que respondieron a una encuesta en l\u00ednea de Leger y la Asociaci\u00f3n de Estudios Canadienses dijeron que ten\u00edan una opini\u00f3n negativa de la empresa.<\/p>\n<p>La gran mayor\u00eda tambi\u00e9n estuvo de acuerdo en que Facebook amplifica el discurso de odio, ayuda a difundir noticias falsas, da\u00f1a la salud mental de las personas y representa un riesgo para los ni\u00f1os y adolescentes.<\/p>\n<p>Sin embargo, m\u00e1s de tres de cada cuatro creen que la red social les ayuda a mantenerse conectados con sus seres queridos, y poco m\u00e1s del 50 por ciento dice que es clave para compartir informaci\u00f3n y positiva para la libre expresi\u00f3n.<\/p>\n<p>Realizada del 8 al 10 de octubre, la encuesta en l\u00ednea encuest\u00f3 a 1.545 canadienses y no se le puede asignar un margen de error porque las encuestas basadas en Internet no se consideran muestras aleatorias.<\/p>\n<p>El vicepresidente ejecutivo de Leger, Christian Bourque, dice que los canadienses mantienen una dependencia de Facebook pero no un gran afecto por \u00e9l, ya que la plataforma enfrenta un intenso escrutinio p\u00fablico sobre c\u00f3mo sus algoritmos fomentan la ret\u00f3rica inflamatoria y afectan la autoestima de los usuarios.<\/p>\n<p>&#8220;Hay una especie de relaci\u00f3n de te necesito pero no te amo&#8221;, dijo Bourque en una entrevista.<\/p>\n<p>&#8220;Facebook realmente tiene un problema de imagen corporativa ahora que tendr\u00e1n que enfrentar&#8221;.<\/p>\n<p>La semana pasada, la denunciante de Facebook Frances Haugen testific\u00f3 ante un comit\u00e9 del Senado de los Estados Unidos que los productos de la compa\u00f1\u00eda da\u00f1an a los ni\u00f1os y alimentan la polarizaci\u00f3n en los Estados Unidos, una afirmaci\u00f3n respaldada por una investigaci\u00f3n interna de la compa\u00f1\u00eda que se filtr\u00f3 al Wall Street Journal.<\/p>\n<p>El testimonio del ex ejecutivo acumula m\u00e1s bagaje para una corporaci\u00f3n que ya se tambalea bajo el peso de las preocupaciones sobre el discurso de odio, la proliferaci\u00f3n de la teor\u00eda de la conspiraci\u00f3n y la debacle de la miner\u00eda de datos de Cambridge Analytica de 2018.<\/p>\n<p>\u201cFacebook est\u00e1 empezando a ser una cebolla. Las fugas fueron b\u00e1sicamente una capa m\u00e1s \u201d, dijo Bourque.<\/p>\n<p>Destac\u00f3 la plataforma como un espacio donde los partidarios del entonces presidente Donald Trump pidieron a los ciudadanos que asaltaran el Capitolio de los Estados Unidos en el per\u00edodo previo a la insurrecci\u00f3n del 6 de enero.<\/p>\n<p>\u201cUn solo evento nunca es suficiente para destruir una empresa. Pero una serie de eventos, luego se convierte en algo, se vuelve como una bola de nieve &#8220;.<\/p>\n<p>Facebook Canad\u00e1 dijo en un comunicado enviado por correo electr\u00f3nico que contin\u00faa realizando inversiones que tienen como objetivo la desinformaci\u00f3n y el contenido da\u00f1ino.<\/p>\n<p>&#8220;Los canadienses vienen a Facebook para conectarse con sus seres queridos, hacer crecer sus negocios y compartir lo que les importa&#8221;, escribi\u00f3 la compa\u00f1\u00eda.<\/p>\n<p>Tambi\u00e9n destac\u00f3 la prohibici\u00f3n de la plataforma de varias organizaciones de odio canadienses y una asociaci\u00f3n de $ 500,000 con el Centro de Odio, Sesgo y Extremismo de la Universidad Tecnol\u00f3gica de Ontario que tiene como objetivo reforzar la investigaci\u00f3n sobre la propagaci\u00f3n de esos elementos en l\u00ednea.<\/p>\n<p>Con aproximadamente 2.900 millones de usuarios activos mensuales, Facebook tambi\u00e9n posee las aplicaciones m\u00f3viles Messenger, Instagram y WhatsApp, cada una de las cuales cuenta con al menos 1.300 millones de usuarios.<\/p>\n<p>Cuando se les pregunt\u00f3 si el conglomerado deber\u00eda dividirse &#8220;para garantizar una competencia sana&#8221; y regular sus interacciones con los usuarios, m\u00e1s de una cuarta parte de los encuestados respondi\u00f3 afirmativamente. Otro 23 por ciento dijo que solo deber\u00eda ser regulado por el gobierno.<\/p>\n<p>\u201cEstamos de acuerdo en que se necesitan regulaciones cuidadosas para Internet y estamos listos para trabajar con los responsables pol\u00edticos canadienses\u201d, dijo Facebook Canad\u00e1.<\/p>\n<p>Solo uno de cada cinco encuestados ten\u00eda una opini\u00f3n positiva del cofundador y director ejecutivo de Facebook, Mark Zuckerberg, y casi la mitad marcaba la casilla negativa y un tercio no estaba seguro.<\/p>\n<p>Alrededor del 87 por ciento de los encuestados dijo que su empresa contribuye a la desinformaci\u00f3n y puede da\u00f1ar a los j\u00f3venes, lo que equivale a un &#8220;consenso&#8221; canadiense que refleja uno estadounidense similar pero ligeramente m\u00e1s d\u00e9bil, dijo Bourque.<\/p>\n<p>En las elecciones federales del mes pasado, los liberales se comprometieron a introducir una legislaci\u00f3n en un plazo de 100 d\u00edas que combata el discurso de odio en l\u00ednea y el contenido que incite a la violencia.<\/p>\n<p>La promesa se produce despu\u00e9s de que el gobierno liberal minoritario presentara un proyecto de ley en noviembre pasado que propon\u00eda regular Facebook, YouTube y otras plataformas, pero que muri\u00f3 en el Senado una vez que se desencadenaron las elecciones.<\/p>\n","protected":false},"excerpt":{"rendered":"<p>&#8211; Una amplia franja de canadienses tiene una visi\u00f3n amarga de Facebook, y la mitad de los encuestados en una nueva encuesta dicen que deber\u00eda&hellip;<\/p>\n","protected":false},"author":99,"featured_media":499836,"comment_status":"open","ping_status":"open","sticky":false,"template":"","format":"standard","meta":{"footnotes":""},"categories":[21,11191],"tags":[],"class_list":["post-499835","post","type-post","status-publish","format-standard","has-post-thumbnail","hentry","category-canada","category-top-news"],"_links":{"self":[{"href":"https:\/\/diarioelpopular.com\/index.php\/wp-json\/wp\/v2\/posts\/499835","targetHints":{"allow":["GET"]}}],"collection":[{"href":"https:\/\/diarioelpopular.com\/index.php\/wp-json\/wp\/v2\/posts"}],"about":[{"href":"https:\/\/diarioelpopular.com\/index.php\/wp-json\/wp\/v2\/types\/post"}],"author":[{"embeddable":true,"href":"https:\/\/diarioelpopular.com\/index.php\/wp-json\/wp\/v2\/users\/99"}],"replies":[{"embeddable":true,"href":"https:\/\/diarioelpopular.com\/index.php\/wp-json\/wp\/v2\/comments?post=499835"}],"version-history":[{"count":1,"href":"https:\/\/diarioelpopular.com\/index.php\/wp-json\/wp\/v2\/posts\/499835\/revisions"}],"predecessor-version":[{"id":499837,"href":"https:\/\/diarioelpopular.com\/index.php\/wp-json\/wp\/v2\/posts\/499835\/revisions\/499837"}],"wp:featuredmedia":[{"embeddable":true,"href":"https:\/\/diarioelpopular.com\/index.php\/wp-json\/wp\/v2\/media\/499836"}],"wp:attachment":[{"href":"https:\/\/diarioelpopular.com\/index.php\/wp-json\/wp\/v2\/media?parent=499835"}],"wp:term":[{"taxonomy":"category","embeddable":true,"href":"https:\/\/diarioelpopular.com\/index.php\/wp-json\/wp\/v2\/categories?post=499835"},{"taxonomy":"post_tag","embeddable":true,"href":"https:\/\/diarioelpopular.com\/index.php\/wp-json\/wp\/v2\/tags?post=499835"}],"curies":[{"name":"wp","href":"https:\/\/api.w.org\/{rel}","templated":true}]}}