{"id":499870,"date":"2021-10-16T10:09:45","date_gmt":"2021-10-16T14:09:45","guid":{"rendered":"https:\/\/diarioelpopular.com\/?p=499870"},"modified":"2021-10-16T10:09:45","modified_gmt":"2021-10-16T14:09:45","slug":"se-disparan-los-contagios-en-chile","status":"publish","type":"post","link":"https:\/\/diarioelpopular.com\/index.php\/2021\/10\/16\/se-disparan-los-contagios-en-chile\/","title":{"rendered":"Se disparan los contagios en Chile"},"content":{"rendered":"<div id=\"attachment_499871\" style=\"width: 646px\" class=\"wp-caption alignnone\"><img loading=\"lazy\" decoding=\"async\" aria-describedby=\"caption-attachment-499871\" class=\"size-custom-full-size wp-image-499871\" src=\"https:\/\/diarioelpopular.com\/wp-content\/uploads\/2021\/10\/1.a1a316211c5c32bbfc066c1501ff0e-636x424.jpg\" alt=\"\" width=\"636\" height=\"424\" \/><p id=\"caption-attachment-499871\" class=\"wp-caption-text\"><em>Una calle concurrida en Santiago. Aumentan los contagios en Chile<\/em><\/p><\/div>\n<h4><strong><em>Reportaron 1.703 casos, pero ocupaci\u00f3n camas cr\u00edticas sigue baja<\/em><\/strong><\/h4>\n<p><em><strong>SANTIAGO DE CHILE, 16 OCT &#8211;<\/strong><\/em> Se dispararon los contagios en Chile al informarse de 1.703 casos nuevos, cifra que no se ve\u00eda desde el 22 de julio cuando las autoridades sanitarias reportaron 1.861 pacientes.<br \/>\nLa positividad tambi\u00e9n va en alza siendo de 2,46% a nivel nacional, resultado de 66.751 ex\u00e1menes, PCR y test de ant\u00edgeno.<br \/>\nSinn embargo, esa positividad se eleva en la regi\u00f3n Metropolitana -donde se concentra la mitad de la poblaci\u00f3n del pa\u00eds- al 4% mientras 14 regiones tienen una positividad que bordea el 2%.<br \/>\nLa variaci\u00f3n de nuevos casos confirmados a nivel nacional es 35% y 47% para la comparaci\u00f3n de 7 y 14 d\u00edas respectivamente.<br \/>\nDe los 1.703 casos nuevos, un 14% se diagnostica por test de ant\u00edgeno, un 23% se origina por B\u00fasqueda Activa de Casos (BAC) y un 28% de los notificados son asintom\u00e1ticos.<br \/>\nSeg\u00fan toma de muestra, las regiones con mayor positividad son Metropolitana, Valpara\u00edso, Maule y O\u00efHiggins, la zona central de Chile. En tanto, la regi\u00f3n de Arica y Parinacota (extremo norte) registra el \u00edndice de incidencia m\u00e1s alto a nivel pa\u00eds por 100 mil habitantes, seguido por las regiones de Metropolitana, Tarapac\u00e1, y Antofagasta.<br \/>\nLas autoridades sanitarias observaron que si bien se aprecia un aumento de los casos nuevos, la ocupaci\u00f3n de camas UCI por Covid-19 se mantiene baja y la Red Integrada de Salud reporta 381 pacientes hospitalizados en UCI. Con 102 internados, el grupo etario mayor a 70 a\u00f1os es el grupo que mayor ocupaci\u00f3n representa en las UCI del pa\u00eds.<br \/>\nEl ministro de Salud, Enrique Paris, explic\u00f3 que los pacientes Covid en UCI alcanzan solo el 21% y que el porcentaje restante son personas con otras patolog\u00edas.<br \/>\n&#8220;En relaci\u00f3n al aumento de casos positivos que informamos hoy quiero destacar no obstante que el aumento de la ocupaci\u00f3n de camas UCI se mantiene en el 85% y solo el 21% de ocupaci\u00f3n de esas camas corresponde a pacientes Covid-19 y obviamente el 79% restante a pacientes no Covid-19&#8243;, apunt\u00f3 Paris.<br \/>\nEs decir, agreg\u00f3, en el estado actual de la evoluci\u00f3n de pandemia, nos parece que el indicador m\u00e1s relevante es justamente la ocupaci\u00f3n de camas UCI por pacientes Covid-19&#8221;.<br \/>\nParis recalco su disminuci\u00f3n progresiva y rememor\u00f3 que &#8220;en el pasado llegamos a tener m\u00e1s de 4 mil camas ocupadas por Covid-19 y en este momento las camas habilitadas son 2.100 y las camas ocupadas son solo 1.812, eso es solo el 21% por pacientes Covid-19, por lo tanto, ese es el indicador al cual le tenemos que hacer seguimiento&#8221;.<br \/>\nEl ministro resalt\u00f3 adem\u00e1s los efectos que est\u00e1 teniendo la vacunaci\u00f3n contra el Covid-19 &#8220;esto se debe a que nuestra estrategia tiene que ver con el cumplimiento de todas las medidas sanitarias, pero tambi\u00e9n con un plan de vacunaci\u00f3n muy exitoso, y eso es lo que est\u00e1 evitando el ingreso de pacientes a UCI por causa de COVID-19&#8221;. Record\u00f3 los estudios que demuestran que la dosis de refuerzo evita con mayor intensidad la hospitalizaci\u00f3n en UCI. &#8220;Hoy tenemos casi el 92% de la poblaci\u00f3n objetivo vacunado con una dosis contra SARS-CoV-2, y casi un 90% con ambas dosis y m\u00e1s de 4 millones 100 mil personas con su dosis de refuerzo&#8221;.<br \/>\nLa cifra total de personas que han sido diagnosticadas con coronavirus desde que se inici\u00f3 la pandemia en Chile el 3 de marzo de 2020 alcanz\u00f3 a 1.667.547. De ese total, 6.322 pacientes se encuentran en etapa activa, lo m\u00e1s alto desde el 8 de agosto (6.379). Los casos recuperados son 1.620.240.<br \/>\nEn cuanto a los decesos, en las \u00faltimas 24 horas se registraron 11 fallecidos por causas asociadas al Covid-19. El n\u00famero total de fallecidos lleg\u00f3 a 37.594 v\u00edctimas.<\/p>\n","protected":false},"excerpt":{"rendered":"<p>Reportaron 1.703 casos, pero ocupaci\u00f3n camas cr\u00edticas sigue baja SANTIAGO DE CHILE, 16 OCT &#8211; Se dispararon los contagios en Chile al informarse de 1.703&hellip;<\/p>\n","protected":false},"author":99,"featured_media":499872,"comment_status":"open","ping_status":"open","sticky":false,"template":"","format":"standard","meta":{"footnotes":""},"categories":[23],"tags":[],"class_list":["post-499870","post","type-post","status-publish","format-standard","has-post-thumbnail","hentry","category-latinoamerica"],"_links":{"self":[{"href":"https:\/\/diarioelpopular.com\/index.php\/wp-json\/wp\/v2\/posts\/499870","targetHints":{"allow":["GET"]}}],"collection":[{"href":"https:\/\/diarioelpopular.com\/index.php\/wp-json\/wp\/v2\/posts"}],"about":[{"href":"https:\/\/diarioelpopular.com\/index.php\/wp-json\/wp\/v2\/types\/post"}],"author":[{"embeddable":true,"href":"https:\/\/diarioelpopular.com\/index.php\/wp-json\/wp\/v2\/users\/99"}],"replies":[{"embeddable":true,"href":"https:\/\/diarioelpopular.com\/index.php\/wp-json\/wp\/v2\/comments?post=499870"}],"version-history":[{"count":1,"href":"https:\/\/diarioelpopular.com\/index.php\/wp-json\/wp\/v2\/posts\/499870\/revisions"}],"predecessor-version":[{"id":499873,"href":"https:\/\/diarioelpopular.com\/index.php\/wp-json\/wp\/v2\/posts\/499870\/revisions\/499873"}],"wp:featuredmedia":[{"embeddable":true,"href":"https:\/\/diarioelpopular.com\/index.php\/wp-json\/wp\/v2\/media\/499872"}],"wp:attachment":[{"href":"https:\/\/diarioelpopular.com\/index.php\/wp-json\/wp\/v2\/media?parent=499870"}],"wp:term":[{"taxonomy":"category","embeddable":true,"href":"https:\/\/diarioelpopular.com\/index.php\/wp-json\/wp\/v2\/categories?post=499870"},{"taxonomy":"post_tag","embeddable":true,"href":"https:\/\/diarioelpopular.com\/index.php\/wp-json\/wp\/v2\/tags?post=499870"}],"curies":[{"name":"wp","href":"https:\/\/api.w.org\/{rel}","templated":true}]}}