{"id":499878,"date":"2021-10-16T10:19:28","date_gmt":"2021-10-16T14:19:28","guid":{"rendered":"https:\/\/diarioelpopular.com\/?p=499878"},"modified":"2021-10-16T10:19:28","modified_gmt":"2021-10-16T14:19:28","slug":"bolivia-la-presidencia-de-anez-no-fue-constitucional","status":"publish","type":"post","link":"https:\/\/diarioelpopular.com\/index.php\/2021\/10\/16\/bolivia-la-presidencia-de-anez-no-fue-constitucional\/","title":{"rendered":"Bolivia: La presidencia de A\u00f1ez &#8220;no fue constitucional&#8221;"},"content":{"rendered":"<div id=\"attachment_499880\" style=\"width: 646px\" class=\"wp-caption alignnone\"><img loading=\"lazy\" decoding=\"async\" aria-describedby=\"caption-attachment-499880\" class=\"size-custom-full-size wp-image-499880\" src=\"https:\/\/diarioelpopular.com\/wp-content\/uploads\/2021\/10\/1.bb65b8ade256a6498111e8b0b5fce0-636x424.jpg\" alt=\"\" width=\"636\" height=\"424\" \/><p id=\"caption-attachment-499880\" class=\"wp-caption-text\"><em>Jeanine A\u00f1ez en marzo de 2019, cuando asumi\u00f3 como presidenta interina de Bolivia<\/em><br \/><em>(foto: ANSA)<\/em><\/p><\/div>\n<h4><em><strong>Sentencia del Tribunal Constitucional Plurinacional<\/strong><\/em><\/h4>\n<p><em><strong>LA PAZ 16 OCT<\/strong><\/em> &#8211; El Tribunal Constitucional Plurinacional (TCP) de Bolivia consider\u00f3 que la proclamaci\u00f3n de Jeanine A\u00f1ez como presidenta el 12 de noviembre de 2019, tras la salida del gobierno del presidente Evo Morales, no fue constitucional.<br \/>\nLo inform\u00f3 el diario P\u00e1gina Siete, que se edita en La Paz.<br \/>\nEl TCP emiti\u00f3 un comunicado, en el que dice que toda renuncia debe ser tratada en el Pleno de la C\u00e1mara Legislativa y un reemplazante no puede adjudicarse el cargo de Presidente.<br \/>\n&#8220;El TCP sentenci\u00f3 que la denominada sucesi\u00f3n ipso facto s\u00f3lo se aplica para la Presidencia del Estado, de acuerdo al art\u00edculo 169 de la Constituci\u00f3n Pol\u00edtica del Estado (&#8230;) debiendo toda renuncia ser tratada y aceptada en el Pleno Camaral, aclarando que este reemplazo temporal no significa que el reemplazante se inviste (adjudica) el cargo de Presidente&#8221;, se lee en el comunicado publicado este viernes por ese cuerpo.<br \/>\nEn el documento se pronunci\u00f3 sobre el caso de la sucesi\u00f3n &#8220;ipso facto&#8221; de la diputada Margarita Fern\u00e1ndez, quien en 2019 pidi\u00f3 ocupar la Presidencia de la C\u00e1mara de Diputados por esa v\u00eda.<br \/>\nEl TCP se\u00f1al\u00f3 que este tipo de sucesi\u00f3n solo es v\u00e1lido para el caso del Presidente del Estado. &#8220;Fern\u00e1ndez solo ejerci\u00f3 el cargo de presidenta de Diputados de manera temporal, mientras Susana Rivero se encontraba impedida, pues a diferencia de la sucesi\u00f3n presidencial que puede darse ipso facto conforme al art\u00edculo 169 esta figura no es aplicable para el caso de la Presidencia de la C\u00e1mara de Diputados, debiendo toda renuncia ser tratada y aceptada por el Pleno Camaral&#8221;, subraya el comunicado.<br \/>\nA\u00f1ez est\u00e1 detenida en la c\u00e1rcel de Miraflores, acusada de &#8220;sedici\u00f3n&#8221; y de promover un golpe de estado.<br \/>\nEl 10 de noviembre de 2019, Morales renunci\u00f3 a la presidencia en medio de una serie de protestas c\u00edvicas, que denunciaban un presunto fraude electoral, bajo presi\u00f3n de un mot\u00edn policial e incluso de las Fuerzas Armadas que exigieron que dimitiera.<br \/>\nDos d\u00edas despu\u00e9s, asumi\u00f3 el mando del pa\u00eds la entonces segunda vicepresidenta del Senado, A\u00f1ez, a trav\u00e9s de un cuestionado proceso de transici\u00f3n.<\/p>\n","protected":false},"excerpt":{"rendered":"<p>Sentencia del Tribunal Constitucional Plurinacional LA PAZ 16 OCT &#8211; El Tribunal Constitucional Plurinacional (TCP) de Bolivia consider\u00f3 que la proclamaci\u00f3n de Jeanine A\u00f1ez como&hellip;<\/p>\n","protected":false},"author":99,"featured_media":499881,"comment_status":"open","ping_status":"open","sticky":false,"template":"","format":"standard","meta":{"footnotes":""},"categories":[23],"tags":[],"class_list":["post-499878","post","type-post","status-publish","format-standard","has-post-thumbnail","hentry","category-latinoamerica"],"_links":{"self":[{"href":"https:\/\/diarioelpopular.com\/index.php\/wp-json\/wp\/v2\/posts\/499878","targetHints":{"allow":["GET"]}}],"collection":[{"href":"https:\/\/diarioelpopular.com\/index.php\/wp-json\/wp\/v2\/posts"}],"about":[{"href":"https:\/\/diarioelpopular.com\/index.php\/wp-json\/wp\/v2\/types\/post"}],"author":[{"embeddable":true,"href":"https:\/\/diarioelpopular.com\/index.php\/wp-json\/wp\/v2\/users\/99"}],"replies":[{"embeddable":true,"href":"https:\/\/diarioelpopular.com\/index.php\/wp-json\/wp\/v2\/comments?post=499878"}],"version-history":[{"count":1,"href":"https:\/\/diarioelpopular.com\/index.php\/wp-json\/wp\/v2\/posts\/499878\/revisions"}],"predecessor-version":[{"id":499882,"href":"https:\/\/diarioelpopular.com\/index.php\/wp-json\/wp\/v2\/posts\/499878\/revisions\/499882"}],"wp:featuredmedia":[{"embeddable":true,"href":"https:\/\/diarioelpopular.com\/index.php\/wp-json\/wp\/v2\/media\/499881"}],"wp:attachment":[{"href":"https:\/\/diarioelpopular.com\/index.php\/wp-json\/wp\/v2\/media?parent=499878"}],"wp:term":[{"taxonomy":"category","embeddable":true,"href":"https:\/\/diarioelpopular.com\/index.php\/wp-json\/wp\/v2\/categories?post=499878"},{"taxonomy":"post_tag","embeddable":true,"href":"https:\/\/diarioelpopular.com\/index.php\/wp-json\/wp\/v2\/tags?post=499878"}],"curies":[{"name":"wp","href":"https:\/\/api.w.org\/{rel}","templated":true}]}}