{"id":499893,"date":"2021-10-17T11:24:11","date_gmt":"2021-10-17T15:24:11","guid":{"rendered":"https:\/\/diarioelpopular.com\/?p=499893"},"modified":"2021-10-17T11:24:11","modified_gmt":"2021-10-17T15:24:11","slug":"la-mayoria-de-las-reacciones-pasadas-a-vacunas-no-justifican-exenciones-a-las-inyecciones-de-covid-19-expertos","status":"publish","type":"post","link":"https:\/\/diarioelpopular.com\/index.php\/2021\/10\/17\/la-mayoria-de-las-reacciones-pasadas-a-vacunas-no-justifican-exenciones-a-las-inyecciones-de-covid-19-expertos\/","title":{"rendered":"La mayor\u00eda de las reacciones pasadas a vacunas no justifican exenciones a las inyecciones de COVID-19: expertos"},"content":{"rendered":"<p><img loading=\"lazy\" decoding=\"async\" class=\"alignnone size-custom-full-size wp-image-499895\" src=\"https:\/\/diarioelpopular.com\/wp-content\/uploads\/2021\/10\/2.download-1-636x356.jpg\" alt=\"\" width=\"636\" height=\"356\" srcset=\"https:\/\/diarioelpopular.com\/wp-content\/uploads\/2021\/10\/2.download-1-636x356.jpg 636w, https:\/\/diarioelpopular.com\/wp-content\/uploads\/2021\/10\/2.download-1-300x168.jpg 300w, https:\/\/diarioelpopular.com\/wp-content\/uploads\/2021\/10\/2.download-1-130x73.jpg 130w, https:\/\/diarioelpopular.com\/wp-content\/uploads\/2021\/10\/2.download-1.jpg 650w\" sizes=\"auto, (max-width: 636px) 100vw, 636px\" \/><\/p>\n<h4><em><strong>&#8211; La Dra. Mariam Hanna not\u00f3 un aumento en las solicitudes de evaluaciones de alergia en su cl\u00ednica de Burlington, Ontario, despu\u00e9s de que la provincia comenzara a implementar los certificados de vacuna COVID-19 el mes pasado.<\/strong><\/em><\/h4>\n<p><em><strong>TORONTO.-<\/strong> <\/em>Ya sea que las personas hayan dejado de vacunarse debido a una reacci\u00f3n anterior o est\u00e9n buscando una exenci\u00f3n a los mandatos de vacunaci\u00f3n, Hanna dijo que una respuesta al\u00e9rgica anterior no significa que no pueda recibir sus vacunas.<\/p>\n<p>Los alerg\u00f3logos de todo el pa\u00eds han inoculado de forma segura a la mayor\u00eda de los pacientes que acuden a sus cl\u00ednicas, independientemente de sus antecedentes de alergia, dijo.<br \/>\n\u201cYa sea como una excusa o un malentendido o una falta de comunicaci\u00f3n, ciertamente estamos recibiendo muchas referencias debido a (las reglas de la vacuna)\u201d, dijo Hanna, profesora cl\u00ednica asistente en la Universidad McMaster.<\/p>\n<p>&#8220;La mayor\u00eda de las veces, no es motivo de exenci\u00f3n&#8221;.<\/p>\n<p>Hanna dijo que muchos de los pacientes que eval\u00faa est\u00e1n preocupados por reacciones previas a vacunas que no son COVID-19. Pero debido a que los pinchazos de ARNm de Pfizer-BioNTech y Moderna son diferentes de las inoculaciones t\u00edpicas, esas reacciones pasadas generalmente no vuelven a aparecer.<\/p>\n<p>A otros pacientes les preocupa recibir una segunda dosis de ARNm si tuvieron una reacci\u00f3n adversa a la primera. Pero dijo que muchos pacientes confunden las reacciones comunes que no ponen en peligro la vida, incluida la erupci\u00f3n o la hinchaz\u00f3n en el lugar de la inyecci\u00f3n, con una alergia.<\/p>\n<p>&#8220;Solo debemos tener cuidado con los muy, muy pocos pacientes que han tenido una reacci\u00f3n sist\u00e9mica, por lo general dentro de los 15 a 20 minutos posteriores a la recepci\u00f3n de la primera dosis&#8221;, dijo Hanna. \u201cLa mayor\u00eda de los efectos secundarios que esperamos con una vacuna, no son contraindicaciones para la exenci\u00f3n.<\/p>\n<p>&#8220;Y a veces se necesita un alerg\u00f3logo para ayudar a aclararlo&#8221;.<\/p>\n<p>Los alerg\u00f3logos eval\u00faan a los pacientes en sus cl\u00ednicas especializadas, tomando un historial completo para determinar la gravedad de la experiencia previa de alergia, y si fue una reacci\u00f3n al\u00e9rgica en absoluto.<\/p>\n<p>En ocasiones, la evaluaci\u00f3n puede incluir pruebas cut\u00e1neas, en las que un ingrediente de la vacuna se aplica en un peque\u00f1o parche de piel, pero Hanna dijo que la cita de cada paciente ser\u00e1 diferente.<\/p>\n<p>La Dra. Samira Jeimy, experta en inmunolog\u00eda cl\u00ednica y alergias de la Western University, dijo que incluso aquellos que experimentaron lo que percibieron como reacciones al\u00e9rgicas fuertes podr\u00edan estar equivocados.<\/p>\n<p>Algunas reacciones no al\u00e9rgicas pueden incluir eventos relacionados con la ansiedad que imitan las respuestas al\u00e9rgicas, dijo, como hiperventilaci\u00f3n, desmayos e incluso s\u00edntomas que parecen y se sienten como anafilaxia, una reacci\u00f3n grave y potencialmente mortal en la que la presi\u00f3n arterial desciende y las v\u00edas respiratorias se estrechan, lo que la hace dificil respirar.<\/p>\n<p>&#8220;Las cosas que imitan la anafilaxia son mucho m\u00e1s comunes que la anafilaxia real&#8221;, dijo Jeimy. &#8220;Un ejemplo es la disfunci\u00f3n de las cuerdas vocales, en la que alguien podr\u00eda tener sus cuerdas vocales cerradas de golpe (cuando) est\u00e1 nervioso&#8221;.<\/p>\n<p>La Sociedad Canadiense de Alergia e Inmunolog\u00eda Cl\u00ednica dice que el riesgo de reacciones al\u00e9rgicas sist\u00e9micas, incluida la anafilaxia, es extremadamente raro. Los estudios sugieren que la tasa anual estimada de anafilaxia en Canad\u00e1 es de aproximadamente 0,4 a 1,8 casos por mill\u00f3n de dosis de vacunas administradas.<\/p>\n<p>Seg\u00fan la revisi\u00f3n de Health Canada sobre reacciones adversas a las vacunas, se han informado 307 casos de anafilaxia en el pa\u00eds, de m\u00e1s de 56 millones de dosis de COVID-19 administradas.<\/p>\n<p>Jeimy dijo que su cl\u00ednica de London, Ontario, ha podido vacunar a \u201calrededor del 99 por ciento\u201d de las personas que ingresan con problemas de alergia. Eso incluye a aquellos que han tenido reacciones graves y reales a la primera dosis de la vacuna COVID-19.<\/p>\n<p>Los alerg\u00f3logos solucionan este problema administrando a una persona con alergia confirmada peque\u00f1as cantidades de la dosis, separadas por per\u00edodos de observaci\u00f3n de 15 a 30 minutos, hasta que finaliza la dosificaci\u00f3n.<\/p>\n<p>Jeimy dijo que puede llevar horas completar una administraci\u00f3n graduada para casos extremos.<\/p>\n<p>&#8220;Si creo que el paciente tiene un riesgo moderado de reacci\u00f3n, dividir\u00e9 la vacuna en tres o cuatro dosis&#8221;, dijo. &#8220;Si el paciente tiene un riesgo mayor, har\u00e9 que la dosis sea a\u00fan m\u00e1s larga&#8221;.<\/p>\n<p>El Comit\u00e9 Asesor Nacional de Inmunizaci\u00f3n de Canad\u00e1 dice que las vacunas COVID-19 no deben ofrecerse &#8220;de manera rutinaria&#8221; a quienes tuvieron una reacci\u00f3n al\u00e9rgica grave despu\u00e9s de la primera dosis. Si una evaluaci\u00f3n de riesgo considera que el beneficio de la vacunaci\u00f3n supera los riesgos de alergia, NACI dice que se puede usar una vacuna diferente a la que caus\u00f3 la reacci\u00f3n inicial, ya sea la vacuna del vector viral de AstraZeneca o los productos de ARNm, para completar la serie de dos dosis.<\/p>\n<p>Jeimy dijo que su cl\u00ednica lleva dosis de AstraZeneca para situaciones de emergencia, pero que no ha tenido que usarlas. En cambio, la mayor\u00eda de las personas pueden completar con seguridad una serie de ARNm de dos dosis.<\/p>\n<p>Jeimy dijo que los alerg\u00f3logos no est\u00e1n seguros de qu\u00e9 componente de las vacunas de ARNm causa reacciones al\u00e9rgicas graves en una peque\u00f1a cantidad de personas. Pero actualmente se cree que el PEG, o polietilenglicol, es el culpable. Sin embargo, agreg\u00f3 que las alergias al PEG en las pruebas cut\u00e1neas no necesariamente &#8220;se correlacionan con la tolerancia a la vacuna&#8221;.<\/p>\n<p>El PEG es un ingrediente com\u00fan en cosm\u00e9ticos, productos para el cuidado de la piel y algunos medicamentos, como Tylenol y jarabe para la tos, dijo Jeimy. Por lo tanto, las personas con alergias al PEG probablemente sepan que la tienen mucho antes de recibir una vacuna de ARNm.<br \/>\nNACI dice que una vacuna COVID-19 \u201cno debe ofrecerse de forma rutinaria a personas al\u00e9rgicas a cualquier componente\u201d de la vacuna.<\/p>\n<p>Jeimy insta a las personas a pedirle aclaraciones a un m\u00e9dico antes de renunciar a las inyecciones de COVID-19.<\/p>\n<p>&#8220;No creo que sea \u00fatil evitar cosas de manera preventiva por temor a una reacci\u00f3n&#8221;, dijo. &#8220;Tiene un riesgo mucho mayor de infecci\u00f3n por COVID-19&#8221;.<\/p>\n","protected":false},"excerpt":{"rendered":"<p>&#8211; La Dra. Mariam Hanna not\u00f3 un aumento en las solicitudes de evaluaciones de alergia en su cl\u00ednica de Burlington, Ontario, despu\u00e9s de que la&hellip;<\/p>\n","protected":false},"author":99,"featured_media":499895,"comment_status":"open","ping_status":"open","sticky":false,"template":"","format":"standard","meta":{"footnotes":""},"categories":[21,11191],"tags":[],"class_list":["post-499893","post","type-post","status-publish","format-standard","has-post-thumbnail","hentry","category-canada","category-top-news"],"_links":{"self":[{"href":"https:\/\/diarioelpopular.com\/index.php\/wp-json\/wp\/v2\/posts\/499893","targetHints":{"allow":["GET"]}}],"collection":[{"href":"https:\/\/diarioelpopular.com\/index.php\/wp-json\/wp\/v2\/posts"}],"about":[{"href":"https:\/\/diarioelpopular.com\/index.php\/wp-json\/wp\/v2\/types\/post"}],"author":[{"embeddable":true,"href":"https:\/\/diarioelpopular.com\/index.php\/wp-json\/wp\/v2\/users\/99"}],"replies":[{"embeddable":true,"href":"https:\/\/diarioelpopular.com\/index.php\/wp-json\/wp\/v2\/comments?post=499893"}],"version-history":[{"count":1,"href":"https:\/\/diarioelpopular.com\/index.php\/wp-json\/wp\/v2\/posts\/499893\/revisions"}],"predecessor-version":[{"id":499896,"href":"https:\/\/diarioelpopular.com\/index.php\/wp-json\/wp\/v2\/posts\/499893\/revisions\/499896"}],"wp:featuredmedia":[{"embeddable":true,"href":"https:\/\/diarioelpopular.com\/index.php\/wp-json\/wp\/v2\/media\/499895"}],"wp:attachment":[{"href":"https:\/\/diarioelpopular.com\/index.php\/wp-json\/wp\/v2\/media?parent=499893"}],"wp:term":[{"taxonomy":"category","embeddable":true,"href":"https:\/\/diarioelpopular.com\/index.php\/wp-json\/wp\/v2\/categories?post=499893"},{"taxonomy":"post_tag","embeddable":true,"href":"https:\/\/diarioelpopular.com\/index.php\/wp-json\/wp\/v2\/tags?post=499893"}],"curies":[{"name":"wp","href":"https:\/\/api.w.org\/{rel}","templated":true}]}}