{"id":499912,"date":"2021-10-18T10:43:45","date_gmt":"2021-10-18T14:43:45","guid":{"rendered":"https:\/\/diarioelpopular.com\/?p=499912"},"modified":"2021-10-18T10:43:45","modified_gmt":"2021-10-18T14:43:45","slug":"peru-inmunizo-al-50-de-su-poblacion","status":"publish","type":"post","link":"https:\/\/diarioelpopular.com\/index.php\/2021\/10\/18\/peru-inmunizo-al-50-de-su-poblacion\/","title":{"rendered":"Per\u00fa inmuniz\u00f3 al 50% de su poblaci\u00f3n"},"content":{"rendered":"<div id=\"attachment_499913\" style=\"width: 646px\" class=\"wp-caption alignnone\"><img loading=\"lazy\" decoding=\"async\" aria-describedby=\"caption-attachment-499913\" class=\"size-custom-full-size wp-image-499913\" src=\"https:\/\/diarioelpopular.com\/wp-content\/uploads\/2021\/10\/1.-4c6183e21fb65d91bc7871b601cda-636x406.jpg\" alt=\"\" width=\"636\" height=\"406\" srcset=\"https:\/\/diarioelpopular.com\/wp-content\/uploads\/2021\/10\/1.-4c6183e21fb65d91bc7871b601cda-636x406.jpg 636w, https:\/\/diarioelpopular.com\/wp-content\/uploads\/2021\/10\/1.-4c6183e21fb65d91bc7871b601cda-300x191.jpg 300w, https:\/\/diarioelpopular.com\/wp-content\/uploads\/2021\/10\/1.-4c6183e21fb65d91bc7871b601cda-85x55.jpg 85w, https:\/\/diarioelpopular.com\/wp-content\/uploads\/2021\/10\/1.-4c6183e21fb65d91bc7871b601cda-114x73.jpg 114w, https:\/\/diarioelpopular.com\/wp-content\/uploads\/2021\/10\/1.-4c6183e21fb65d91bc7871b601cda.jpg 655w\" sizes=\"auto, (max-width: 636px) 100vw, 636px\" \/><p id=\"caption-attachment-499913\" class=\"wp-caption-text\">Proceso de vacunaci\u00f3n en Lima (foto: ANSA)<\/p><\/div>\n<h4><em><strong>Dato oficial, 13,8 millones de personas tienen ya dos dosis<\/strong><\/em><\/h4>\n<p><em><strong>LIMA 18 OCT &#8211;<\/strong><\/em> El Ministerio de Salud de Per\u00fa (Minsa) inform\u00f3 que en el pa\u00eds se aplicaron hasta el momento 31.545.003 dosis de vacunas contra el covid y que, de ese total, 13.870.655 personas ya fueron completamente inmunizadas.<br \/>\nSeg\u00fan esos datos, Per\u00fa ha aplicado las dos dosis de la vacuna al 50 % de su &#8220;poblaci\u00f3n objetivo&#8221;.<br \/>\nLa llamada &#8220;poblaci\u00f3n objetivo&#8221; est\u00e1 conformada por personas mayores de 12 a\u00f1os de edad que, en el pa\u00eds, suman 28.024.250.<br \/>\nActualmente, la edad m\u00ednima de inmunizaci\u00f3n est\u00e1 en 18 a\u00f1os, aunque tambi\u00e9n pueden acudir a los vacunatorios quienes tienen 17 y cumplen 18 durante este a\u00f1o.<br \/>\nEl Ministerio de Salud inform\u00f3 hoy que a la fecha a nivel nacional se registran 199.816 muertos y 2.189.165 casos acumulados del nuevo coronavirus, report\u00f3 la cadena RRPP de radio.<\/p>\n","protected":false},"excerpt":{"rendered":"<p>Dato oficial, 13,8 millones de personas tienen ya dos dosis LIMA 18 OCT &#8211; El Ministerio de Salud de Per\u00fa (Minsa) inform\u00f3 que en el&hellip;<\/p>\n","protected":false},"author":99,"featured_media":499913,"comment_status":"open","ping_status":"open","sticky":false,"template":"","format":"standard","meta":{"footnotes":""},"categories":[23],"tags":[],"class_list":["post-499912","post","type-post","status-publish","format-standard","has-post-thumbnail","hentry","category-latinoamerica"],"_links":{"self":[{"href":"https:\/\/diarioelpopular.com\/index.php\/wp-json\/wp\/v2\/posts\/499912","targetHints":{"allow":["GET"]}}],"collection":[{"href":"https:\/\/diarioelpopular.com\/index.php\/wp-json\/wp\/v2\/posts"}],"about":[{"href":"https:\/\/diarioelpopular.com\/index.php\/wp-json\/wp\/v2\/types\/post"}],"author":[{"embeddable":true,"href":"https:\/\/diarioelpopular.com\/index.php\/wp-json\/wp\/v2\/users\/99"}],"replies":[{"embeddable":true,"href":"https:\/\/diarioelpopular.com\/index.php\/wp-json\/wp\/v2\/comments?post=499912"}],"version-history":[{"count":1,"href":"https:\/\/diarioelpopular.com\/index.php\/wp-json\/wp\/v2\/posts\/499912\/revisions"}],"predecessor-version":[{"id":499914,"href":"https:\/\/diarioelpopular.com\/index.php\/wp-json\/wp\/v2\/posts\/499912\/revisions\/499914"}],"wp:featuredmedia":[{"embeddable":true,"href":"https:\/\/diarioelpopular.com\/index.php\/wp-json\/wp\/v2\/media\/499913"}],"wp:attachment":[{"href":"https:\/\/diarioelpopular.com\/index.php\/wp-json\/wp\/v2\/media?parent=499912"}],"wp:term":[{"taxonomy":"category","embeddable":true,"href":"https:\/\/diarioelpopular.com\/index.php\/wp-json\/wp\/v2\/categories?post=499912"},{"taxonomy":"post_tag","embeddable":true,"href":"https:\/\/diarioelpopular.com\/index.php\/wp-json\/wp\/v2\/tags?post=499912"}],"curies":[{"name":"wp","href":"https:\/\/api.w.org\/{rel}","templated":true}]}}