{"id":499916,"date":"2021-10-18T10:51:26","date_gmt":"2021-10-18T14:51:26","guid":{"rendered":"https:\/\/diarioelpopular.com\/?p=499916"},"modified":"2021-10-18T10:51:26","modified_gmt":"2021-10-18T14:51:26","slug":"argentina-sale-a-la-calle-a-celebrar-el-peronismo","status":"publish","type":"post","link":"https:\/\/diarioelpopular.com\/index.php\/2021\/10\/18\/argentina-sale-a-la-calle-a-celebrar-el-peronismo\/","title":{"rendered":"Argentina sale a la calle a celebrar el peronismo"},"content":{"rendered":"<h4><img loading=\"lazy\" decoding=\"async\" class=\"alignnone size-custom-full-size wp-image-499917\" src=\"https:\/\/diarioelpopular.com\/wp-content\/uploads\/2021\/10\/1.hi045025664-b5c1e57cc93a865cea9b1d88c1d6de5c-1200x800-636x424.jpg\" alt=\"\" width=\"636\" height=\"424\" srcset=\"https:\/\/diarioelpopular.com\/wp-content\/uploads\/2021\/10\/1.hi045025664-b5c1e57cc93a865cea9b1d88c1d6de5c-1200x800-636x424.jpg 636w, https:\/\/diarioelpopular.com\/wp-content\/uploads\/2021\/10\/1.hi045025664-b5c1e57cc93a865cea9b1d88c1d6de5c-1200x800-300x200.jpg 300w, https:\/\/diarioelpopular.com\/wp-content\/uploads\/2021\/10\/1.hi045025664-b5c1e57cc93a865cea9b1d88c1d6de5c-1200x800-109x73.jpg 109w, https:\/\/diarioelpopular.com\/wp-content\/uploads\/2021\/10\/1.hi045025664-b5c1e57cc93a865cea9b1d88c1d6de5c-1200x800.jpg 655w\" sizes=\"auto, (max-width: 636px) 100vw, 636px\" \/><\/h4>\n<h4><em><strong>&#8211; Centenares de argentinos salieron este domingo a las calles y a la Plaza de Mayo de Buenos Aires para celebrar el \u201cD\u00eda de la Lealtad\u201d, que conmemora 76 a\u00f1os del nacimiento de una de las tendencias pol\u00edticas m\u00e1s populares del pa\u00eds, el peronismo. <\/strong><\/em><\/h4>\n<p><strong><em>BUENOS AIRES.-<\/em> <\/strong>En medio de una fuerte crisis del actual gobierno peronista de Alberto Fern\u00e1ndez y tras el duro rev\u00e9s electoral sufrido en las recientes PASO (elecciones Primarias Abiertas, Simult\u00e1neas y Obligatorias) en septiembre, cientos de personas salieron a apoyar al gobierno en la celebraci\u00f3n de dos de sus h\u00e9roes de la historia reciente, el general Juan Domingo Per\u00f3n y su esposa Evita Duarte. Hace 76 a\u00f1os, en 1945, miles de personas se congregaron en la Plaza de Mayo para solicitar la liberaci\u00f3n de Per\u00f3n, entonces ministro de Trabajo. Per\u00f3n forj\u00f3 un concepto social en el que la riqueza deb\u00eda ir acompa\u00f1ada de pol\u00edticas para las personas de estratos sociales bajos.<\/p>\n<p>El gobierno de Fern\u00e1ndez y de su vicepresidente y exmandataria del pa\u00eds, Cristina Fern\u00e1ndez de Kirchner, est\u00e1 tratando de contener el alza en los precios de los alimentos con acuerdos con la industria alimenticia y las cadenas de supermercados. Seg\u00fan cifras oficiales, la inflaci\u00f3n en Argentina se dispar\u00f3 a 52,5% en lo que va del a\u00f1o. \u201cLos peronistas no gobernamos para los peronistas. Se gobierna para todo el pueblo, y cuando un gobierno peronista pareciera que se manda alguna macana (error), ac\u00e1 estamos, festejando el D\u00eda de la Lealtad y pidi\u00e9ndole m\u00e1s peronismo al presidente\u201d, le dijo a The Associated Press Fabio Asnez, quien portaba un cartel que dec\u00eda \u201cViva la grieta\u201d, en referencia a la divisi\u00f3n pol\u00edtica entre peronistas y no peronistas.<\/p>\n<p>Gabriela Tobia, otra persona que particip\u00f3 en las conmemoraciones, le dijo a la AP que su abuelo estuvo en el mismo lugar en 1945, luchando por Per\u00f3n. \u201cSer peronista significa ser del pueblo, saber de trabajo, saber de la patria, saber de nuestros h\u00e9roes, saber de dignidad&#8221;, manifest\u00f3. \u201cEl pueblo est\u00e1 con \u00e9l (Alberto Fern\u00e1ndez)&#8230; El pueblo va a apoyarlo si toma medidas para el pueblo\u201d.<\/p>\n<p>&nbsp;<\/p>\n","protected":false},"excerpt":{"rendered":"<p>&#8211; Centenares de argentinos salieron este domingo a las calles y a la Plaza de Mayo de Buenos Aires para celebrar el \u201cD\u00eda de la&hellip;<\/p>\n","protected":false},"author":99,"featured_media":499917,"comment_status":"open","ping_status":"open","sticky":false,"template":"","format":"standard","meta":{"footnotes":""},"categories":[23],"tags":[],"class_list":["post-499916","post","type-post","status-publish","format-standard","has-post-thumbnail","hentry","category-latinoamerica"],"_links":{"self":[{"href":"https:\/\/diarioelpopular.com\/index.php\/wp-json\/wp\/v2\/posts\/499916","targetHints":{"allow":["GET"]}}],"collection":[{"href":"https:\/\/diarioelpopular.com\/index.php\/wp-json\/wp\/v2\/posts"}],"about":[{"href":"https:\/\/diarioelpopular.com\/index.php\/wp-json\/wp\/v2\/types\/post"}],"author":[{"embeddable":true,"href":"https:\/\/diarioelpopular.com\/index.php\/wp-json\/wp\/v2\/users\/99"}],"replies":[{"embeddable":true,"href":"https:\/\/diarioelpopular.com\/index.php\/wp-json\/wp\/v2\/comments?post=499916"}],"version-history":[{"count":1,"href":"https:\/\/diarioelpopular.com\/index.php\/wp-json\/wp\/v2\/posts\/499916\/revisions"}],"predecessor-version":[{"id":499918,"href":"https:\/\/diarioelpopular.com\/index.php\/wp-json\/wp\/v2\/posts\/499916\/revisions\/499918"}],"wp:featuredmedia":[{"embeddable":true,"href":"https:\/\/diarioelpopular.com\/index.php\/wp-json\/wp\/v2\/media\/499917"}],"wp:attachment":[{"href":"https:\/\/diarioelpopular.com\/index.php\/wp-json\/wp\/v2\/media?parent=499916"}],"wp:term":[{"taxonomy":"category","embeddable":true,"href":"https:\/\/diarioelpopular.com\/index.php\/wp-json\/wp\/v2\/categories?post=499916"},{"taxonomy":"post_tag","embeddable":true,"href":"https:\/\/diarioelpopular.com\/index.php\/wp-json\/wp\/v2\/tags?post=499916"}],"curies":[{"name":"wp","href":"https:\/\/api.w.org\/{rel}","templated":true}]}}