{"id":499928,"date":"2021-10-20T09:26:12","date_gmt":"2021-10-20T13:26:12","guid":{"rendered":"https:\/\/diarioelpopular.com\/?p=499928"},"modified":"2021-10-20T09:26:12","modified_gmt":"2021-10-20T13:26:12","slug":"comision-analiza-impeachment-a-pinera","status":"publish","type":"post","link":"https:\/\/diarioelpopular.com\/index.php\/2021\/10\/20\/comision-analiza-impeachment-a-pinera\/","title":{"rendered":"Comisi\u00f3n analiza &#8220;impeachment&#8221; a Pi\u00f1era"},"content":{"rendered":"<div id=\"attachment_499929\" style=\"width: 646px\" class=\"wp-caption alignnone\"><img loading=\"lazy\" decoding=\"async\" aria-describedby=\"caption-attachment-499929\" class=\"size-custom-full-size wp-image-499929\" src=\"https:\/\/diarioelpopular.com\/wp-content\/uploads\/2021\/10\/1.ae408ebd37ba3e05605ab809d9f11-636x423.jpg\" alt=\"\" width=\"636\" height=\"423\" srcset=\"https:\/\/diarioelpopular.com\/wp-content\/uploads\/2021\/10\/1.ae408ebd37ba3e05605ab809d9f11-636x423.jpg 636w, https:\/\/diarioelpopular.com\/wp-content\/uploads\/2021\/10\/1.ae408ebd37ba3e05605ab809d9f11-300x200.jpg 300w, https:\/\/diarioelpopular.com\/wp-content\/uploads\/2021\/10\/1.ae408ebd37ba3e05605ab809d9f11-110x73.jpg 110w, https:\/\/diarioelpopular.com\/wp-content\/uploads\/2021\/10\/1.ae408ebd37ba3e05605ab809d9f11.jpg 700w\" sizes=\"auto, (max-width: 636px) 100vw, 636px\" \/><p id=\"caption-attachment-499929\" class=\"wp-caption-text\"><em>Comisi\u00f3n analiza &#8220;impeachment&#8221; a Pi\u00f1era (foto: EPA)<\/em><\/p><\/div>\n<h4><em><strong>Mandatario no asistir\u00e1 a las audiencias<\/strong><\/em><\/h4>\n<p><em><strong>SANTIAGO DE CHILE, 20 OCT &#8211;<\/strong><\/em> Los cinco diputados que estudian la acusaci\u00f3n constitucional en contra del presidente Sebasti\u00e1n Pi\u00f1era por la venta de la compa\u00f1\u00eda minera Dominga iniciaron el an\u00e1lisis del libelo.<br \/>\nEl mandatario, quien no asistir\u00e1 a las audiencias, estuvo representado por su abogado Jorge G\u00e1lvez, quien posiblemente expondr\u00e1 los descargos en una sesi\u00f3n de la pr\u00f3xima semana o al t\u00e9rmino del plazo, dentro de 15 d\u00edas.<br \/>\nLos diputados escucharon hoy los argumentos de los abogados ambientalistas Llankiray D\u00edaz, Ezio Costa y Dominique Herv\u00e9 y del expresidente del Consejo para la Transparencia, Marcelo Drago.<br \/>\nLa Comisi\u00f3n Revisora es integrada por Maya Fern\u00e1ndez, socialista, quien la preside; Florcita Alarc\u00f3n, humanista, ambos opositores, Pepe Auth, independiente, y las oficialistas Paulina N\u00fa\u00f1ez y Virginia Troncoso. Esta Comisi\u00f3n deber\u00e1 emitir un informe con una conclusi\u00f3n no vinculante que luego revisar\u00e1 la sala con todos los diputados.<br \/>\nLos expositores abordaron la definici\u00f3n de un \u00e1rea protegida mar\u00edtima, la relaci\u00f3n de Chile con el tratado de Escaz\u00fa, la cronolog\u00eda del caso de la minera Dominga y el principio de probidad y su eventual trasgresi\u00f3n, entre otros temas.<br \/>\nLa acusaci\u00f3n fue presentada el pasado 13 de octubre en la C\u00e1mara de Diputados y es impulsada por parlamentarios opositores que denuncian un conflicto de inter\u00e9s del mandatario y la compraventa de Dominga por parte de la familia Pi\u00f1era Morel, por un lado, y el empresario Carlos D\u00e9lano, amigo \u00edntimo del presidente, por otro.<br \/>\nEl documento de 99 p\u00e1ginas fue presentado luego que el Consorcio Internacional de Periodistas de Investigaci\u00f3n (ICIJ) revel\u00f3 una millonaria compraventa de la minera Dominga concretada en las Islas V\u00edrgenes Brit\u00e1nicas.<br \/>\nSeg\u00fan el reportaje, la tercera cuota a pagar estaba condicionada a que el sector donde se emplaza no se declarara zona de exclusi\u00f3n y reserva, lo que ser\u00eda avalado por la actuaci\u00f3n de Pi\u00f1era desde la presidencia chilena.<br \/>\nTras conocerse esos antecedentes, la oposici\u00f3n present\u00f3 la acusaci\u00f3n constitucional y el Ministerio P\u00fablico chileno abri\u00f3 de oficio una investigaci\u00f3n.<br \/>\nEl Fiscal Nacional, Jorge Abbott, quien orden\u00f3 la apertura, se excus\u00f3 hoy por escrito de no asistir a la primera sesi\u00f3n de la Comisi\u00f3n. Se le hab\u00eda citado para que explicara por qu\u00e9 hay elementos de prueba que faltaron en la carpeta investigativa de 2017, y c\u00f3mo eso pudo determinar entonces el sobreseimiento de Pi\u00f1era.<br \/>\nAbbott se\u00f1al\u00f3 que &#8220;dado que la mencionada investigaci\u00f3n se encuentra a cargo de una Fiscal Regional quien act\u00faa aut\u00f3nomamente en uso de sus atribuciones, no resulta procedente que este Fiscal Nacional pudiera referirse a tales antecedentes, teniendo en consideraci\u00f3n adem\u00e1s, que le est\u00e1 impedido a este Fiscal Nacional impartir instrucciones particulares en un caso concreto&#8221;.<br \/>\nAbbot s\u00ed envi\u00f3 a la Comisi\u00f3n los antecedentes para iniciar la indagatoria, entre ellos una copia del informe de la Unidad Especializada Anticorrupci\u00f3n.<br \/>\nAnte la ausencia del Fiscal nacional, el diputado Auth propuso enviarle un cuestionario escrito.<br \/>\nLos integrantes de la Comisi\u00f3n ya citaron a los exministros de Medio Ambiente y a la actual titular de ese cargo, Carolina Schmidt. Tambi\u00e9n a funcionarios del Servicio de Impuestos Internos y exfuncionarios de la entidad que recauda los tributos en Chile.<br \/>\nLa diputada Fern\u00e1ndez anticip\u00f3 que se invitar\u00e1 a la Comisi\u00f3n al subsecretario de econom\u00eda, Julio Pertuz\u00e9, para que explique cu\u00e1les son los criterios con que se priorizan los proyectos mineros.<br \/>\n&#8220;Necesitamos saber c\u00f3mo funciona, c\u00f3mo se prioriza y c\u00f3mo se deciden estos grandes proyectos, porque lo que tenemos hasta ahora es que hay una priorizaci\u00f3n de proyectos, pero no sabemos cu\u00e1les son los criterios y no hemos podido tener esos antecedentes&#8221;, expres\u00f3 la parlamentaria.<br \/>\nPosteriormente se invitar\u00e1 a representantes de organizaciones medioambientales como GreenPeace y Nat Geo, agreg\u00f3.<br \/>\nEl ministro de la presidencia, Juan Jos\u00e9 Ossa, calific\u00f3 la acusaci\u00f3n como una acci\u00f3n &#8220;con fines que son completamente antidemocr\u00e1ticos&#8221; y que por ello la oposici\u00f3n quiere definirla antes de la elecci\u00f3n presidencial del 21 de noviembre pr\u00f3ximo.<br \/>\n&#8220;Hemos dicho tambi\u00e9n que lo que se busca no es solo acusar al presidente Pi\u00f1era, sino evitar un traspaso democr\u00e1tico del mando presidencial (en marzo del 2022) como aquellos que siempre nos han caracterizado&#8221;, asever\u00f3 Ossa.<br \/>\nTras recibir la respuesta con los argumentos de la defensa de Pi\u00f1era, la Comisi\u00f3n votar\u00e1 si aprueba o no el libelo.<br \/>\nCualquiera sea ese resultado, deber\u00e1 ser votada en la C\u00e1mara de Diputados.<br \/>\nDe ser aprobada, pasar\u00e1 al Senado que act\u00faa como ente definitorio y por dos tercios puede aprobar la destituci\u00f3n del mandatario quien se ver\u00eda obligado a dejar el cargo y quedar\u00eda inhabilitado por cinco a\u00f1os para ejercer cargos p\u00fablicos.<\/p>\n","protected":false},"excerpt":{"rendered":"<p>Mandatario no asistir\u00e1 a las audiencias SANTIAGO DE CHILE, 20 OCT &#8211; Los cinco diputados que estudian la acusaci\u00f3n constitucional en contra del presidente Sebasti\u00e1n&hellip;<\/p>\n","protected":false},"author":99,"featured_media":499929,"comment_status":"open","ping_status":"open","sticky":false,"template":"","format":"standard","meta":{"footnotes":""},"categories":[23],"tags":[],"class_list":["post-499928","post","type-post","status-publish","format-standard","has-post-thumbnail","hentry","category-latinoamerica"],"_links":{"self":[{"href":"https:\/\/diarioelpopular.com\/index.php\/wp-json\/wp\/v2\/posts\/499928","targetHints":{"allow":["GET"]}}],"collection":[{"href":"https:\/\/diarioelpopular.com\/index.php\/wp-json\/wp\/v2\/posts"}],"about":[{"href":"https:\/\/diarioelpopular.com\/index.php\/wp-json\/wp\/v2\/types\/post"}],"author":[{"embeddable":true,"href":"https:\/\/diarioelpopular.com\/index.php\/wp-json\/wp\/v2\/users\/99"}],"replies":[{"embeddable":true,"href":"https:\/\/diarioelpopular.com\/index.php\/wp-json\/wp\/v2\/comments?post=499928"}],"version-history":[{"count":1,"href":"https:\/\/diarioelpopular.com\/index.php\/wp-json\/wp\/v2\/posts\/499928\/revisions"}],"predecessor-version":[{"id":499930,"href":"https:\/\/diarioelpopular.com\/index.php\/wp-json\/wp\/v2\/posts\/499928\/revisions\/499930"}],"wp:featuredmedia":[{"embeddable":true,"href":"https:\/\/diarioelpopular.com\/index.php\/wp-json\/wp\/v2\/media\/499929"}],"wp:attachment":[{"href":"https:\/\/diarioelpopular.com\/index.php\/wp-json\/wp\/v2\/media?parent=499928"}],"wp:term":[{"taxonomy":"category","embeddable":true,"href":"https:\/\/diarioelpopular.com\/index.php\/wp-json\/wp\/v2\/categories?post=499928"},{"taxonomy":"post_tag","embeddable":true,"href":"https:\/\/diarioelpopular.com\/index.php\/wp-json\/wp\/v2\/tags?post=499928"}],"curies":[{"name":"wp","href":"https:\/\/api.w.org\/{rel}","templated":true}]}}