{"id":499931,"date":"2021-10-20T09:29:26","date_gmt":"2021-10-20T13:29:26","guid":{"rendered":"https:\/\/diarioelpopular.com\/?p=499931"},"modified":"2021-10-20T09:29:26","modified_gmt":"2021-10-20T13:29:26","slug":"ecuador-decretan-estado-de-excepcion-por-aumento-violencia","status":"publish","type":"post","link":"https:\/\/diarioelpopular.com\/index.php\/2021\/10\/20\/ecuador-decretan-estado-de-excepcion-por-aumento-violencia\/","title":{"rendered":"Ecuador: Decretan estado de excepci\u00f3n por aumento violencia"},"content":{"rendered":"<p><img loading=\"lazy\" decoding=\"async\" class=\"alignnone size-custom-full-size wp-image-499932\" src=\"https:\/\/diarioelpopular.com\/wp-content\/uploads\/2021\/10\/1.a0795b6c26b9bbaa10a45c97d0-636x878.jpg\" alt=\"\" width=\"636\" height=\"878\" srcset=\"https:\/\/diarioelpopular.com\/wp-content\/uploads\/2021\/10\/1.a0795b6c26b9bbaa10a45c97d0-636x878.jpg 636w, https:\/\/diarioelpopular.com\/wp-content\/uploads\/2021\/10\/1.a0795b6c26b9bbaa10a45c97d0-217x300.jpg 217w, https:\/\/diarioelpopular.com\/wp-content\/uploads\/2021\/10\/1.a0795b6c26b9bbaa10a45c97d0-53x73.jpg 53w, https:\/\/diarioelpopular.com\/wp-content\/uploads\/2021\/10\/1.a0795b6c26b9bbaa10a45c97d0.jpg 700w\" sizes=\"auto, (max-width: 636px) 100vw, 636px\" \/><\/p>\n<p><em><strong>QUITO 20 OCT &#8211;<\/strong><\/em> El presidente de Ecuador, Guillermo Lasso, declar\u00f3 el estado de excepci\u00f3n en todo el territorio nacional durante 60 d\u00edas, una medida adoptada como consecuencia del agravamiento de la inseguridad en el pa\u00eds y con el fin de combatir la violencia relacionada con las drogas.<br \/>\nEl problema de la inseguridad en Ecuador se convirti\u00f3 en un asunto a resolver en el medio plazo despu\u00e9s de la muerte de un ni\u00f1o de 11 a\u00f1os en una helader\u00eda, abatido por cuatro disparos en el fuego cruzado entre un polic\u00eda y un ladr\u00f3n.<br \/>\n&#8220;Empezando de inmediato, nuestras Fuerzas Armadas y policiales se sentir\u00e1n con fuerza en las calles porque estamos decretando el estado de excepci\u00f3n en todo el territorio nacional&#8221;, anunci\u00f3 Lasso durante una transmisi\u00f3n en cadena nacional.<br \/>\nLasso dijo que la polic\u00eda y las fuerzas armadas trabajar\u00e1n en conjunto y por ello se les dar\u00e1n &#8220;el respaldo necesario para llevar a cabo su lucha contra el crimen&#8221;, sentenci\u00f3.<br \/>\nEl mandatario asegur\u00f3 que existe en el pa\u00eds una &#8220;grave conmoci\u00f3n interna&#8221; debido al &#8220;aumento de la actividad delictiva&#8221;, especialmente en provincias como Guayas, donde las estad\u00edsticas advierten de un repunte del crimen.<br \/>\n&#8220;En las calles del Ecuador hay un solo enemigo: el narcotr\u00e1fico&#8221;, afirm\u00f3 el mandatario durante su discurso a la naci\u00f3n, pronunciado en paralelo al decreto ejecutivo, que crear\u00e1 una unidad de defensa legal para proteger a los agentes que sean demandados por &#8220;simplemente cumplir con su deber&#8221;.<br \/>\nAdem\u00e1s Lasso prometi\u00f3 indultos. &#8220;Este gobierno indultar\u00e1 a todos aquellos que hayan sido injustamente condenados por haber cumplido con su labor&#8221;, declar\u00f3 el mandatario.<br \/>\nEl estado de excepci\u00f3n fue decretado adem\u00e1s 18 despu\u00e9s de la peor matanza carcelaria del pa\u00eds, en la que bandas ligadas al narcotr\u00e1fico se enfrentaron y causaron 119 muertos.<br \/>\nPara el mandatario la medida excepcional &#8220;tiene como finalidad controlar las circunstancias que se han generado, restablecer la convivencia pac\u00edfica y el orden p\u00fablico&#8221;.<br \/>\nEntre las acciones que pretende implementar, el presidente ecuatoriano cit\u00f3 controles de armas, controles de tr\u00e1fico de drogas, requisa de droga, inspecciones y patrullaje las 24 horas del d\u00eda.<\/p>\n","protected":false},"excerpt":{"rendered":"<p>QUITO 20 OCT &#8211; El presidente de Ecuador, Guillermo Lasso, declar\u00f3 el estado de excepci\u00f3n en todo el territorio nacional durante 60 d\u00edas, una medida&hellip;<\/p>\n","protected":false},"author":99,"featured_media":499932,"comment_status":"open","ping_status":"open","sticky":false,"template":"","format":"standard","meta":{"footnotes":""},"categories":[23],"tags":[],"class_list":["post-499931","post","type-post","status-publish","format-standard","has-post-thumbnail","hentry","category-latinoamerica"],"_links":{"self":[{"href":"https:\/\/diarioelpopular.com\/index.php\/wp-json\/wp\/v2\/posts\/499931","targetHints":{"allow":["GET"]}}],"collection":[{"href":"https:\/\/diarioelpopular.com\/index.php\/wp-json\/wp\/v2\/posts"}],"about":[{"href":"https:\/\/diarioelpopular.com\/index.php\/wp-json\/wp\/v2\/types\/post"}],"author":[{"embeddable":true,"href":"https:\/\/diarioelpopular.com\/index.php\/wp-json\/wp\/v2\/users\/99"}],"replies":[{"embeddable":true,"href":"https:\/\/diarioelpopular.com\/index.php\/wp-json\/wp\/v2\/comments?post=499931"}],"version-history":[{"count":1,"href":"https:\/\/diarioelpopular.com\/index.php\/wp-json\/wp\/v2\/posts\/499931\/revisions"}],"predecessor-version":[{"id":499933,"href":"https:\/\/diarioelpopular.com\/index.php\/wp-json\/wp\/v2\/posts\/499931\/revisions\/499933"}],"wp:featuredmedia":[{"embeddable":true,"href":"https:\/\/diarioelpopular.com\/index.php\/wp-json\/wp\/v2\/media\/499932"}],"wp:attachment":[{"href":"https:\/\/diarioelpopular.com\/index.php\/wp-json\/wp\/v2\/media?parent=499931"}],"wp:term":[{"taxonomy":"category","embeddable":true,"href":"https:\/\/diarioelpopular.com\/index.php\/wp-json\/wp\/v2\/categories?post=499931"},{"taxonomy":"post_tag","embeddable":true,"href":"https:\/\/diarioelpopular.com\/index.php\/wp-json\/wp\/v2\/tags?post=499931"}],"curies":[{"name":"wp","href":"https:\/\/api.w.org\/{rel}","templated":true}]}}