{"id":499964,"date":"2021-10-24T11:32:34","date_gmt":"2021-10-24T15:32:34","guid":{"rendered":"https:\/\/diarioelpopular.com\/?p=499964"},"modified":"2021-10-24T11:32:34","modified_gmt":"2021-10-24T15:32:34","slug":"colombia-arrestan-al-hombre-mas-buscado-del-pais","status":"publish","type":"post","link":"https:\/\/diarioelpopular.com\/index.php\/2021\/10\/24\/colombia-arrestan-al-hombre-mas-buscado-del-pais\/","title":{"rendered":"Colombia. Arrestan al hombre m\u00e1s buscado del pa\u00eds"},"content":{"rendered":"<div id=\"attachment_499965\" style=\"width: 646px\" class=\"wp-caption alignnone\"><img loading=\"lazy\" decoding=\"async\" aria-describedby=\"caption-attachment-499965\" class=\"size-custom-full-size wp-image-499965\" src=\"https:\/\/diarioelpopular.com\/wp-content\/uploads\/2021\/10\/1.f7e2118f32f30e07ca3a18-636x477.jpg\" alt=\"\" width=\"636\" height=\"477\" srcset=\"https:\/\/diarioelpopular.com\/wp-content\/uploads\/2021\/10\/1.f7e2118f32f30e07ca3a18-636x477.jpg 636w, https:\/\/diarioelpopular.com\/wp-content\/uploads\/2021\/10\/1.f7e2118f32f30e07ca3a18-300x225.jpg 300w, https:\/\/diarioelpopular.com\/wp-content\/uploads\/2021\/10\/1.f7e2118f32f30e07ca3a18-97x73.jpg 97w, https:\/\/diarioelpopular.com\/wp-content\/uploads\/2021\/10\/1.f7e2118f32f30e07ca3a18.jpg 700w\" sizes=\"auto, (max-width: 636px) 100vw, 636px\" \/><p id=\"caption-attachment-499965\" class=\"wp-caption-text\"><em>Dario Antonio Usuga, &#8216;Otoniel&#8217;, el arrestado m\u00e1ximo jefe del Clan del Golfo, en el centro de la escena (foto: Cortes\u00eda Presidencia de Colombia)<\/em><\/p><\/div>\n<p><em><strong>BOGOTA 24 OCT &#8211;<\/strong><\/em> Dario Antonio Usuga, &#8220;Otoniel&#8221;, m\u00e1ximo jefe del Clan del Golfo, grupo dedicado al crimen y el narcotr\u00e1fico, fue arrestado este s\u00e1bado en Colombia, en el marco de una operaci\u00f3n adelantada por autoridades locales.<br \/>\nEl anuncio de la detenci\u00f3n del hombre m\u00e1s buscado del pa\u00eds lo hizo este s\u00e1bado el presidente, Iv\u00e1n Duque, que compar\u00f3 este arresto con el fin del temible jefe mafioso del cartel de Medell\u00edn, Pablo Escobar, muerto en un operativo de la polic\u00eda, el 2 de diciembre de 1993.<br \/>\n&#8220;Este es el golpe mas duro que se le ha propiciado al narcotr\u00e1fico en este siglo en nuestro pa\u00eds y este golpe solamente es comparable con la ca\u00edda de Pablo Escobar en los a\u00f1os 90&#8221;, asegur\u00f3 Duque.<br \/>\nEl recorrido criminal de Usuga lo ubica como guerrillero, luego paramilitar y finalmente jefe de una estructura delincuencia que en su inicios era conocida como &#8220;Los urabe\u00f1os&#8221;, en el noroeste del pa\u00eds.<br \/>\nEl grupo reclut\u00f3 a ex guerrilleros del denominado Ej\u00e9rcito Popular de Liberaci\u00f3n (EPL) y a antiguos ultraderechistas y ampl\u00edo sus tent\u00e1culos criminales m\u00e1s all\u00e1 de sus territorios hasta convertirse en una empresa del crimen, dedicada a toda clase de actos delincuenciales.<br \/>\nCon los a\u00f1os esa estructura pas\u00f3 de llamarse &#8220;Los urabe\u00f1os&#8221; a el &#8220;Clan Usuga&#8221; y finalmente el temido &#8220;Clan del Golfo&#8221;.<br \/>\n&#8220;Era el narcotraficante m\u00e1s temido en todo el mundo; asesino de polic\u00edas, de soldados de l\u00edderes sociales, adem\u00e1s reclutador de menores&#8221;, describi\u00f3 Duque, al precisar que Usuga tambi\u00e9n est\u00e1 acusado de abuso sexual de menores de edad.<br \/>\n&#8220;Sobre este delincuente existen \u00f3rdenes de extradici\u00f3n&#8221; a Estados Unidos, record\u00f3 el jefe de Estado, quien revel\u00f3 que el arresto del mandam\u00e1s de esa estructura criminal cont\u00f3 con el apoyo de autoridades norteamericanas y del Reino Unido.<br \/>\nEl ministro de Defensa, Diego Molano, sostuvo que la operaci\u00f3n que condujo a este arresto, bautizada por la polic\u00eda y los militares como &#8220;Osiris&#8221;, es la muestra de la &#8220;pol\u00edtica de seguridad&#8221; del gobierno y una &#8220;victoria del Estado.<br \/>\nPara Duque, el arresto de Usuga debe conducir al fin del Clan del Golfo.<br \/>\n&#8220;O se someten a la justicia de inmediata o les caer\u00e1 de la misma manera todo el peso de la ley&#8221;, advirti\u00f3 el jefe de Estado a los miembros de esa organizaci\u00f3n.<\/p>\n","protected":false},"excerpt":{"rendered":"<p>BOGOTA 24 OCT &#8211; Dario Antonio Usuga, &#8220;Otoniel&#8221;, m\u00e1ximo jefe del Clan del Golfo, grupo dedicado al crimen y el narcotr\u00e1fico, fue arrestado este s\u00e1bado&hellip;<\/p>\n","protected":false},"author":99,"featured_media":499965,"comment_status":"open","ping_status":"open","sticky":false,"template":"","format":"standard","meta":{"footnotes":""},"categories":[23],"tags":[],"class_list":["post-499964","post","type-post","status-publish","format-standard","has-post-thumbnail","hentry","category-latinoamerica"],"_links":{"self":[{"href":"https:\/\/diarioelpopular.com\/index.php\/wp-json\/wp\/v2\/posts\/499964","targetHints":{"allow":["GET"]}}],"collection":[{"href":"https:\/\/diarioelpopular.com\/index.php\/wp-json\/wp\/v2\/posts"}],"about":[{"href":"https:\/\/diarioelpopular.com\/index.php\/wp-json\/wp\/v2\/types\/post"}],"author":[{"embeddable":true,"href":"https:\/\/diarioelpopular.com\/index.php\/wp-json\/wp\/v2\/users\/99"}],"replies":[{"embeddable":true,"href":"https:\/\/diarioelpopular.com\/index.php\/wp-json\/wp\/v2\/comments?post=499964"}],"version-history":[{"count":1,"href":"https:\/\/diarioelpopular.com\/index.php\/wp-json\/wp\/v2\/posts\/499964\/revisions"}],"predecessor-version":[{"id":499966,"href":"https:\/\/diarioelpopular.com\/index.php\/wp-json\/wp\/v2\/posts\/499964\/revisions\/499966"}],"wp:featuredmedia":[{"embeddable":true,"href":"https:\/\/diarioelpopular.com\/index.php\/wp-json\/wp\/v2\/media\/499965"}],"wp:attachment":[{"href":"https:\/\/diarioelpopular.com\/index.php\/wp-json\/wp\/v2\/media?parent=499964"}],"wp:term":[{"taxonomy":"category","embeddable":true,"href":"https:\/\/diarioelpopular.com\/index.php\/wp-json\/wp\/v2\/categories?post=499964"},{"taxonomy":"post_tag","embeddable":true,"href":"https:\/\/diarioelpopular.com\/index.php\/wp-json\/wp\/v2\/tags?post=499964"}],"curies":[{"name":"wp","href":"https:\/\/api.w.org\/{rel}","templated":true}]}}