{"id":499975,"date":"2021-10-25T10:07:14","date_gmt":"2021-10-25T14:07:14","guid":{"rendered":"https:\/\/diarioelpopular.com\/?p=499975"},"modified":"2021-10-25T10:07:14","modified_gmt":"2021-10-25T14:07:14","slug":"acciones-de-bukele-en-el-salvador-asustan-al-mundo","status":"publish","type":"post","link":"https:\/\/diarioelpopular.com\/index.php\/2021\/10\/25\/acciones-de-bukele-en-el-salvador-asustan-al-mundo\/","title":{"rendered":"Acciones de Bukele en El Salvador asustan al mundo"},"content":{"rendered":"<h4><img loading=\"lazy\" decoding=\"async\" class=\"alignnone size-custom-full-size wp-image-499976\" src=\"https:\/\/diarioelpopular.com\/wp-content\/uploads\/2021\/10\/1.20211024190008-636x401.jpg\" alt=\"\" width=\"636\" height=\"401\" srcset=\"https:\/\/diarioelpopular.com\/wp-content\/uploads\/2021\/10\/1.20211024190008-636x401.jpg 636w, https:\/\/diarioelpopular.com\/wp-content\/uploads\/2021\/10\/1.20211024190008-300x189.jpg 300w, https:\/\/diarioelpopular.com\/wp-content\/uploads\/2021\/10\/1.20211024190008-85x55.jpg 85w, https:\/\/diarioelpopular.com\/wp-content\/uploads\/2021\/10\/1.20211024190008-116x73.jpg 116w, https:\/\/diarioelpopular.com\/wp-content\/uploads\/2021\/10\/1.20211024190008.jpg 700w\" sizes=\"auto, (max-width: 636px) 100vw, 636px\" \/><\/h4>\n<h4 class=\"lead cita\"><em><strong>&#8211; Las decisiones autoritarias del presidente salvadore\u00f1o comienzan a menguar su popularidad en el pa\u00eds.<\/strong><\/em><\/h4>\n<div class=\"paragraph\">\n<p>En junio de 2019, Nayib Bukele asumi\u00f3 como presidente de El Salvador prometiendo ser la renovaci\u00f3n que buscaba el pa\u00eds luego de tres d\u00e9cadas de gobiernos bipartidistas del Frente Farabundo Mart\u00ed para la Liberaci\u00f3n Nacional (Fmln) y la Alianza Republicana Nacionalista (Arena), que se repartieron el poder entre 1989 y 2019.<\/p>\n<p>Pero de a poco la imagen de cambio de quien es el presidente m\u00e1s joven de la naci\u00f3n centroamericana (asumi\u00f3 la presidencia con 38 a\u00f1os), se ha ido desdibujando con sus posturas autoritarias que hacen recordar el oscuro pasado de las dictaduras en Latinoam\u00e9rica y que han puesto en alerta a entidades como la Organizaci\u00f3n de Estados Americanos (OEA) o Human Rights Watch, que considera que, con Bukele, El Salvador va camino de convertirse en \u201cuna dictadura\u201d.<\/p>\n<p>Y esa idea ha sido recopilada ir\u00f3nicamente por el mandatario que lleg\u00f3 al poder haciendo campa\u00f1a desde su celular y que ahora gobierna a trav\u00e9s de \u00e9l.<\/p>\n<p>\u201cEl Dictador m\u00e1s cool del mundo mundial\u201d, \u201cDictador de El Salvador\u201d o la m\u00e1s reciente: \u201cEmperador de El Salvador\u201d, han sido las descripciones que el Presidente salvadore\u00f1o ha utilizado en su cuenta de Twitter para responder a los se\u00f1alamientos de la oposici\u00f3n y la comunidad internacional a su manera de conducir el pa\u00eds.<\/p>\n<p>Y aunque parezca una estrategia para burlar las cr\u00edticas, Rafael Pi\u00f1eros, m\u00e1ster en an\u00e1lisis de problemas pol\u00edticos, econ\u00f3micos e internacionales y docente de la Universidad Externado, explica que los choques del Presidente con el Legislativo y Judicial dan muestra de las ganas de Bukele de \u201cconcentrar el poder en su figura\u201d, se\u00f1ala.<\/p>\n<p>Esa idea tom\u00f3 fuerza el 9 de febrero de 2020, cuando irrumpi\u00f3 acompa\u00f1ado de un s\u00e9quito de militares en el recinto de la Asamblea para presionar a los diputados \u2013de mayor\u00eda opositora en ese momento\u2013 a que aprobaran un pr\u00e9stamo de 109 millones de d\u00f3lares para la financiaci\u00f3n de su plan de seguridad. Los parlamentarios aprobaron los recursos y de paso, el pa\u00eds comenz\u00f3 a ver la cara dictatorial de su mandatario.<\/p>\n<p>Tras la acci\u00f3n, conocida como \u201cBukelazo\u201d, el presidente defendi\u00f3 la irrupci\u00f3n en una columna de opini\u00f3n en el diario The Washington Post, argumentando que la seguridad en la Asamblea era una preocupaci\u00f3n pues \u201cdecenas de miles de salvadore\u00f1os estaban fuera de la Asamblea pidiendo la remoci\u00f3n total de sus miembros\u201d.<\/p>\n<p>Adem\u00e1s, reiter\u00f3 que \u201cla separaci\u00f3n de poderes no est\u00e1 en riesgo en mi pa\u00eds\u201d.<\/p>\n<p>Sin embargo, un mes despu\u00e9s, no acat\u00f3 las \u00f3rdenes de la Corte Suprema de que dejara de usar al Ej\u00e9rcito en los operativos de detenci\u00f3n de los infractores de la cuarentena estricta que impuso para contener la covid-19 y que inclu\u00edan la detenci\u00f3n hasta por 30 d\u00edas en prisi\u00f3n de quienes incumplieran la medida.<\/p>\n<p>M\u00e1s tarde, en abril, tras la publicaci\u00f3n de una serie de fotograf\u00edas en la que reos, integrantes de las pandillas m\u00e1s peligrosas del pa\u00eds, aparec\u00edan mezclados en las celdas de varias c\u00e1rceles como respuesta al aumento de la tasa de homicidios en el pa\u00eds, Bukele abog\u00f3 por el uso de \u201cla fuerza letal\u201d en una ofensiva contra los miembros de pandillas criminales que estaban delinquiendo en las calle en el marco de la ola de violencia.<\/p>\n<p>\u201cEl pandillero que ponga resistencia ser\u00e1 abatido con fuerza proporcional y posiblemente letal por nuestra fuerza p\u00fablica\u201d, advirti\u00f3 Bukele en su momento a trav\u00e9s de Twitter.<\/p>\n<p>Estas pol\u00e9micas decisiones tuvieron repercusi\u00f3n en organismos internacionales como la Comisi\u00f3n Interamericana de Derechos Humanos; sin embargo, la mayor\u00eda de la poblaci\u00f3n, cansada de la violencia, respald\u00f3 las medidas.<\/p>\n<div class=\"Entretitulo\">Estallido y represi\u00f3n<\/div>\n<div class=\"paragraph\">\n<p>Desde el inicio de su mandato, que va hasta 2024, Bukele ha contado con la aprobaci\u00f3n de la poblaci\u00f3n. O eso es lo que muestran las encuestas.<\/p>\n<p>El sondeo m\u00e1s reciente del diario salvadore\u00f1o La Prensa Gr\u00e1fica, muestra que el 84,7% de la poblaci\u00f3n aprueba la gesti\u00f3n del mandatario. Aunque la cifra es alta, su popularidad mostr\u00f3 una reducci\u00f3n de casi seis puntos, ya que, en los primeros meses del a\u00f1o marcaba 90% de apoyo.<\/p>\n<p>Esto demuestra que, adem\u00e1s de cooptar los poderes \u2013tras las elecciones legislativas de febrero, en las que la Asamblea ahora tiene mayor\u00eda oficialista\u2013, las m\u00e1s recientes acciones del gobierno del presidente m\u00e1s joven de Latinoam\u00e9rica que afectan directamente a la poblaci\u00f3n, empiezan a lastimar su imagen.<\/p>\n<p>Tras la destituci\u00f3n de los magistrados de la Sala Constitucional de la Corte Suprema por parte de la Asamblea, y el nombramiento de afines al gobierno, Bukele logr\u00f3 que se avalara la reelecci\u00f3n presidencial en 2024.<\/p>\n<p>Eso, sumada a la tambi\u00e9n destituci\u00f3n del fiscal general, una serie de cambios previstos a 215 art\u00edculos de 272 de la Constituci\u00f3n y la adopci\u00f3n del uso del bitcoin, provocaron a una multitud de ciudadanos que se han lanzado a la calle a manifestarse en contra del Presidente.<\/p>\n<p>Dos manifestaciones masivas, las del pasado 15 de septiembre y el 17 de octubre, fueron la muestra del descontento de sindicatos, asociaciones de jueces, estudiantes, feministas y campesinos que rechazan las posturas del presidente que en respuesta y a modo de burla, publica videos y montajes en sus redes sociales minimizando las marchas.<\/p>\n<p>Y aunque por redes el gobierno subestima el poder de las marchas, la semana pasada la Asamblea termin\u00f3 por decretar la prohibici\u00f3n \u2013hasta el 8 de diciembre\u2013 de las marchas con el argumento de contener la covid-19. Quien lo incumpla podr\u00eda ir a la c\u00e1rcel.<\/p>\n<p>Las protestas de los salvadore\u00f1os ya dieron frutos. De acuerdo con La Prensa Gr\u00e1fica, Bukele revers\u00f3 una reforma de pensiones que se presentar\u00eda el 15 de septiembre, cuando se llevaron a cabo las primeras concentraciones. Ese d\u00eda, dijo que aplazar\u00eda 30 d\u00edas su presentaci\u00f3n, es decir, el 15 de octubre, pero nuevamente desisti\u00f3.<\/p>\n<p>En todo caso, las posturas del Presidente, que sigue respondiendo con s\u00e1tira a sus detractores, describi\u00e9ndose en redes sociales como dictador o emperador y utilizando montajes como Julio C\u00e9sar, continuar\u00e1n bajo la lupa de la comunidad internacional, el \u00faltimo en reaccionar ante esto fue el gobierno de Joe Biden.<\/p>\n<p>Juan Gonz\u00e1lez, el principal asesor para Latinoam\u00e9rica del presidente estadounidense indic\u00f3 el viernes, en entrevista con la Agencia Efe, que el presidente salvadore\u00f1o \u201cusa la popularidad para debilitar el sistema democr\u00e1tico\u201d.<\/p>\n<p>\u201cEs algo que nos preocupa bastante\u201d dijo y agreg\u00f3: \u201cVamos a trabajar para prevenir que El Salvador se vuelva otra Venezuela\u201d<\/p>\n<\/div>\n<\/div>\n","protected":false},"excerpt":{"rendered":"<p>&#8211; Las decisiones autoritarias del presidente salvadore\u00f1o comienzan a menguar su popularidad en el pa\u00eds. En junio de 2019, Nayib Bukele asumi\u00f3 como presidente de&hellip;<\/p>\n","protected":false},"author":99,"featured_media":499976,"comment_status":"open","ping_status":"open","sticky":false,"template":"","format":"standard","meta":{"footnotes":""},"categories":[23],"tags":[],"class_list":["post-499975","post","type-post","status-publish","format-standard","has-post-thumbnail","hentry","category-latinoamerica"],"_links":{"self":[{"href":"https:\/\/diarioelpopular.com\/index.php\/wp-json\/wp\/v2\/posts\/499975","targetHints":{"allow":["GET"]}}],"collection":[{"href":"https:\/\/diarioelpopular.com\/index.php\/wp-json\/wp\/v2\/posts"}],"about":[{"href":"https:\/\/diarioelpopular.com\/index.php\/wp-json\/wp\/v2\/types\/post"}],"author":[{"embeddable":true,"href":"https:\/\/diarioelpopular.com\/index.php\/wp-json\/wp\/v2\/users\/99"}],"replies":[{"embeddable":true,"href":"https:\/\/diarioelpopular.com\/index.php\/wp-json\/wp\/v2\/comments?post=499975"}],"version-history":[{"count":1,"href":"https:\/\/diarioelpopular.com\/index.php\/wp-json\/wp\/v2\/posts\/499975\/revisions"}],"predecessor-version":[{"id":499977,"href":"https:\/\/diarioelpopular.com\/index.php\/wp-json\/wp\/v2\/posts\/499975\/revisions\/499977"}],"wp:featuredmedia":[{"embeddable":true,"href":"https:\/\/diarioelpopular.com\/index.php\/wp-json\/wp\/v2\/media\/499976"}],"wp:attachment":[{"href":"https:\/\/diarioelpopular.com\/index.php\/wp-json\/wp\/v2\/media?parent=499975"}],"wp:term":[{"taxonomy":"category","embeddable":true,"href":"https:\/\/diarioelpopular.com\/index.php\/wp-json\/wp\/v2\/categories?post=499975"},{"taxonomy":"post_tag","embeddable":true,"href":"https:\/\/diarioelpopular.com\/index.php\/wp-json\/wp\/v2\/tags?post=499975"}],"curies":[{"name":"wp","href":"https:\/\/api.w.org\/{rel}","templated":true}]}}