{"id":499983,"date":"2021-10-26T09:42:31","date_gmt":"2021-10-26T13:42:31","guid":{"rendered":"https:\/\/diarioelpopular.com\/?p=499983"},"modified":"2021-10-26T09:42:31","modified_gmt":"2021-10-26T13:42:31","slug":"chile-sufre-nuevo-rebrote-confirmo-pinera","status":"publish","type":"post","link":"https:\/\/diarioelpopular.com\/index.php\/2021\/10\/26\/chile-sufre-nuevo-rebrote-confirmo-pinera\/","title":{"rendered":"Chile sufre nuevo &#8220;rebrote&#8221;, confirm\u00f3 Pi\u00f1era"},"content":{"rendered":"<div id=\"attachment_499985\" style=\"width: 646px\" class=\"wp-caption alignnone\"><img loading=\"lazy\" decoding=\"async\" aria-describedby=\"caption-attachment-499985\" class=\"size-custom-full-size wp-image-499985\" src=\"https:\/\/diarioelpopular.com\/wp-content\/uploads\/2021\/10\/1.e2e70d8bd921a46f3e3cd-636x423.jpg\" alt=\"\" width=\"636\" height=\"423\" srcset=\"https:\/\/diarioelpopular.com\/wp-content\/uploads\/2021\/10\/1.e2e70d8bd921a46f3e3cd-636x423.jpg 636w, https:\/\/diarioelpopular.com\/wp-content\/uploads\/2021\/10\/1.e2e70d8bd921a46f3e3cd-300x200.jpg 300w, https:\/\/diarioelpopular.com\/wp-content\/uploads\/2021\/10\/1.e2e70d8bd921a46f3e3cd-110x73.jpg 110w, https:\/\/diarioelpopular.com\/wp-content\/uploads\/2021\/10\/1.e2e70d8bd921a46f3e3cd.jpg 700w\" sizes=\"auto, (max-width: 636px) 100vw, 636px\" \/><p id=\"caption-attachment-499985\" class=\"wp-caption-text\"><em>Ni\u00f1os en clases durante la pandemia en Chile<\/em><br \/><em>(foto: EPA)<\/em><\/p><\/div>\n<h4><em><strong>Anunci\u00f3 que &#8220;seremos m\u00e1s exigentes para que todos se vacunen&#8221;<\/strong><\/em><\/h4>\n<p><em><strong>SANTIAGO DE CHILE, 26 OCT &#8211;<\/strong><\/em> El propio presidente chileno, Sebasti\u00e1n Pi\u00f1era, sali\u00f3 a confirmar que Chile est\u00e1 en presencia de un nuevo &#8220;rebrote&#8221; de Covid-19.<br \/>\nEl pa\u00eds ha tenido una suba de casos en las \u00faltimas semanas que fren\u00f3 la curva descendente de contagios que desde julio se ven\u00eda observando y que se atribu\u00eda al exitoso proceso masivo de vacunaci\u00f3n.<br \/>\nEn el marco del lanzamiento de la &#8220;Semana de la Pyme&#8221; en La Moneda, el mandatario dijo que &#8220;durante los \u00faltimos meses hemos logrado reducir significativamente el n\u00famero de contagios, de hospitalizaciones, de muertes, estamos muy lejos de las crisis que vivimos a mitad del a\u00f1o pasado y a mitad de este a\u00f1o, pero estamos viviendo un cierto rebrote&#8221;.<br \/>\n&#8220;Por eso, se\u00f1al\u00f3 a continuaci\u00f3n, junto con avanzar con mayores libertades, tambi\u00e9n tenemos que darnos cuenta que las libertades exigen mayores responsabilidades de parte de todos&#8221;.<br \/>\nEl jefe de Estado no dud\u00f3 en llamar a la ciudadan\u00eda a que &#8220;para poder seguir avanzando queremos pedirles a todos los compatriotas redoblar nuestros cuidados personales, el uso de la mascarilla, el lavado frecuente de manos, mantener el distanciamiento, evitar aglomeraciones, ventilar los lugares cerrados es un instrumento muy poderoso. Eso junto a vacunarse&#8221;.<br \/>\nApunt\u00f3 a que todav\u00eda un mill\u00f3n doscientos mil rezagados que no solo arriesgan su vida, sino tambi\u00e9n de aquellos que los rodean: Por ello, recalc\u00f3 Pi\u00f1era, &#8220;vamos a ser m\u00e1s duros y exigentes para que todos se vacunen, porque ese es el segundo gran instrumento que tenemos. Y, por supuesto, respetar las normas del Plan Paso Paso&#8221;.<br \/>\nEl gobernante rescat\u00f3 que se ha hecho &#8220;un buen manejo de la crisis sanitaria, que lo reconocen en el mundo entero, ojal\u00e1 se reconociera tambi\u00e9n ac\u00e1 en Chile&#8221;.<br \/>\nEl Ministerio de Salud report\u00f3 hoy 1.677 nuevos casos (320 m\u00e1s que el lunes pasado), siendo la Regi\u00f3n Metropolitana la que registra el \u00edndice de incidencia m\u00e1s alto a nivel pa\u00eds por 100 mil habitantes, seguido por las regiones de Arica y Parinacota, Antofagasta y Maule. La positividad de la metr\u00f3polis chilena se elev\u00f3 a 4% (hace siete d\u00edas era 3%), mientras nueve regiones tienen una positividad menor o igual a 2%.<br \/>\nLa cifra total de personas que han sido diagnosticadas en el pa\u00eds con coronavirus alcanz\u00f3 a las 1.683.451. De ese total, 9.973 pacientes (2.184 m\u00e1s que hace siete d\u00edas) se encuentran en etapa activa.<br \/>\nEn cuanto a los decesos, en las \u00faltimas 24 horas se confirmaron 16 fallecidos por causas asociadas al COVID-19. El n\u00famero total de decesos subi\u00f3 a 37.685 en el pa\u00eds.<br \/>\nA la fecha, 443 personas se encuentran hospitalizadas en Unidades de Cuidados Intensivos, mientras que el lunes pasado se contabilizaban 379.<br \/>\nDe ellas, 353 est\u00e1n con apoyo de ventilaci\u00f3n mec\u00e1nica versus los 276 de hace siete jornadas. Con relaci\u00f3n a la Red Integrada de Salud, existe un total de 294 camas cr\u00edticas disponibles para el paciente que lo requiera, independiente de la regi\u00f3n donde se encuentre.<br \/>\nRespecto a la de red de laboratorios y la capacidad diagn\u00f3stica, se informaron los resultados de 57.449 ex\u00e1menes PCR y test ant\u00edgeno, alcanzando a la fecha un total de 23.204.436 analizados a nivel nacional. La positividad para las \u00faltimas 24 horas a nivel pa\u00eds es de 2,77%.<br \/>\nLa poblaci\u00f3n vacunada con primera dosis y monodosis sum\u00f3 14.008.016 personas, lo que representa el 92,2%, en tanto que los inmunizados con esquema completo lleg\u00f3 a 13.596.592 (89,4%).<\/p>\n","protected":false},"excerpt":{"rendered":"<p>Anunci\u00f3 que &#8220;seremos m\u00e1s exigentes para que todos se vacunen&#8221; SANTIAGO DE CHILE, 26 OCT &#8211; El propio presidente chileno, Sebasti\u00e1n Pi\u00f1era, sali\u00f3 a confirmar&hellip;<\/p>\n","protected":false},"author":99,"featured_media":499985,"comment_status":"open","ping_status":"open","sticky":false,"template":"","format":"standard","meta":{"footnotes":""},"categories":[23],"tags":[],"class_list":["post-499983","post","type-post","status-publish","format-standard","has-post-thumbnail","hentry","category-latinoamerica"],"_links":{"self":[{"href":"https:\/\/diarioelpopular.com\/index.php\/wp-json\/wp\/v2\/posts\/499983","targetHints":{"allow":["GET"]}}],"collection":[{"href":"https:\/\/diarioelpopular.com\/index.php\/wp-json\/wp\/v2\/posts"}],"about":[{"href":"https:\/\/diarioelpopular.com\/index.php\/wp-json\/wp\/v2\/types\/post"}],"author":[{"embeddable":true,"href":"https:\/\/diarioelpopular.com\/index.php\/wp-json\/wp\/v2\/users\/99"}],"replies":[{"embeddable":true,"href":"https:\/\/diarioelpopular.com\/index.php\/wp-json\/wp\/v2\/comments?post=499983"}],"version-history":[{"count":1,"href":"https:\/\/diarioelpopular.com\/index.php\/wp-json\/wp\/v2\/posts\/499983\/revisions"}],"predecessor-version":[{"id":499986,"href":"https:\/\/diarioelpopular.com\/index.php\/wp-json\/wp\/v2\/posts\/499983\/revisions\/499986"}],"wp:featuredmedia":[{"embeddable":true,"href":"https:\/\/diarioelpopular.com\/index.php\/wp-json\/wp\/v2\/media\/499985"}],"wp:attachment":[{"href":"https:\/\/diarioelpopular.com\/index.php\/wp-json\/wp\/v2\/media?parent=499983"}],"wp:term":[{"taxonomy":"category","embeddable":true,"href":"https:\/\/diarioelpopular.com\/index.php\/wp-json\/wp\/v2\/categories?post=499983"},{"taxonomy":"post_tag","embeddable":true,"href":"https:\/\/diarioelpopular.com\/index.php\/wp-json\/wp\/v2\/tags?post=499983"}],"curies":[{"name":"wp","href":"https:\/\/api.w.org\/{rel}","templated":true}]}}