{"id":499998,"date":"2021-10-27T09:30:12","date_gmt":"2021-10-27T13:30:12","guid":{"rendered":"https:\/\/diarioelpopular.com\/?p=499998"},"modified":"2021-10-27T09:30:12","modified_gmt":"2021-10-27T13:30:12","slug":"ecuador-organismos-indigenas-deciden-2do-dia-de-protesta","status":"publish","type":"post","link":"https:\/\/diarioelpopular.com\/index.php\/2021\/10\/27\/ecuador-organismos-indigenas-deciden-2do-dia-de-protesta\/","title":{"rendered":"Ecuador: Organismos ind\u00edgenas deciden 2do. d\u00eda de protesta"},"content":{"rendered":"<div id=\"attachment_499999\" style=\"width: 646px\" class=\"wp-caption alignnone\"><img loading=\"lazy\" decoding=\"async\" aria-describedby=\"caption-attachment-499999\" class=\"size-custom-full-size wp-image-499999\" src=\"https:\/\/diarioelpopular.com\/wp-content\/uploads\/2021\/10\/1.1458532f9d68b000e701df8-636x423.jpg\" alt=\"\" width=\"636\" height=\"423\" srcset=\"https:\/\/diarioelpopular.com\/wp-content\/uploads\/2021\/10\/1.1458532f9d68b000e701df8-636x423.jpg 636w, https:\/\/diarioelpopular.com\/wp-content\/uploads\/2021\/10\/1.1458532f9d68b000e701df8-300x200.jpg 300w, https:\/\/diarioelpopular.com\/wp-content\/uploads\/2021\/10\/1.1458532f9d68b000e701df8-110x73.jpg 110w, https:\/\/diarioelpopular.com\/wp-content\/uploads\/2021\/10\/1.1458532f9d68b000e701df8.jpg 700w\" sizes=\"auto, (max-width: 636px) 100vw, 636px\" \/><p id=\"caption-attachment-499999\" class=\"wp-caption-text\"><em>Protestas en Quito (foto: EPA)<\/em><\/p><\/div>\n<h4><em><strong>Este martes hubo incidentes en Quito<\/strong><\/em><\/h4>\n<p><em><strong>QUITO, 27 OCT &#8211;<\/strong><\/em> La Confederaci\u00f3n de Nacionalidades Ind\u00edgenas del Ecuador (Conaie) anunci\u00f3 que la movilizaci\u00f3n del martes contra la pol\u00edtica econ\u00f3mica del gobierno, realizada en numerosas localidades del pa\u00eds, seguir\u00e1 hoy por segundo d\u00eda consecutivo.<br \/>\nEn un comunicado difundido en Twitter, la Conaie indic\u00f3 que, al t\u00e9rmino de un consejo extendido virtual, junto con las organizaciones ind\u00edgenas Ecuarunari, Confeniae y Conaice se aprob\u00f3 la extensi\u00f3n de la protesta a un segundo d\u00eda de movilizaci\u00f3n y resistencia nacional, ejerciendo el derecho a la resistencia consagrado en la Constituci\u00f3n.<br \/>\nEl martes hubo algunos incidentes con las fuerzas del orden, que arrestaron a decenas de personas que hab\u00edan realizado bloqueos en las calles, impidiendo la circulaci\u00f3n de veh\u00edculos.<br \/>\nTambi\u00e9n hubo incidentes durante una marcha al anochecer en Quito, cuando un grupo de manifestantes intentaron dirigirse al palacio presidencial de Carondelet.<\/p>\n","protected":false},"excerpt":{"rendered":"<p>Este martes hubo incidentes en Quito QUITO, 27 OCT &#8211; La Confederaci\u00f3n de Nacionalidades Ind\u00edgenas del Ecuador (Conaie) anunci\u00f3 que la movilizaci\u00f3n del martes contra&hellip;<\/p>\n","protected":false},"author":99,"featured_media":499999,"comment_status":"open","ping_status":"open","sticky":false,"template":"","format":"standard","meta":{"footnotes":""},"categories":[23],"tags":[],"class_list":["post-499998","post","type-post","status-publish","format-standard","has-post-thumbnail","hentry","category-latinoamerica"],"_links":{"self":[{"href":"https:\/\/diarioelpopular.com\/index.php\/wp-json\/wp\/v2\/posts\/499998","targetHints":{"allow":["GET"]}}],"collection":[{"href":"https:\/\/diarioelpopular.com\/index.php\/wp-json\/wp\/v2\/posts"}],"about":[{"href":"https:\/\/diarioelpopular.com\/index.php\/wp-json\/wp\/v2\/types\/post"}],"author":[{"embeddable":true,"href":"https:\/\/diarioelpopular.com\/index.php\/wp-json\/wp\/v2\/users\/99"}],"replies":[{"embeddable":true,"href":"https:\/\/diarioelpopular.com\/index.php\/wp-json\/wp\/v2\/comments?post=499998"}],"version-history":[{"count":1,"href":"https:\/\/diarioelpopular.com\/index.php\/wp-json\/wp\/v2\/posts\/499998\/revisions"}],"predecessor-version":[{"id":500000,"href":"https:\/\/diarioelpopular.com\/index.php\/wp-json\/wp\/v2\/posts\/499998\/revisions\/500000"}],"wp:featuredmedia":[{"embeddable":true,"href":"https:\/\/diarioelpopular.com\/index.php\/wp-json\/wp\/v2\/media\/499999"}],"wp:attachment":[{"href":"https:\/\/diarioelpopular.com\/index.php\/wp-json\/wp\/v2\/media?parent=499998"}],"wp:term":[{"taxonomy":"category","embeddable":true,"href":"https:\/\/diarioelpopular.com\/index.php\/wp-json\/wp\/v2\/categories?post=499998"},{"taxonomy":"post_tag","embeddable":true,"href":"https:\/\/diarioelpopular.com\/index.php\/wp-json\/wp\/v2\/tags?post=499998"}],"curies":[{"name":"wp","href":"https:\/\/api.w.org\/{rel}","templated":true}]}}