{"id":500026,"date":"2021-10-29T11:54:15","date_gmt":"2021-10-29T15:54:15","guid":{"rendered":"https:\/\/diarioelpopular.com\/?p=500026"},"modified":"2021-10-29T11:54:15","modified_gmt":"2021-10-29T15:54:15","slug":"argentina-causa-submarino-macri-citado-a-declarar","status":"publish","type":"post","link":"https:\/\/diarioelpopular.com\/index.php\/2021\/10\/29\/argentina-causa-submarino-macri-citado-a-declarar\/","title":{"rendered":"Argentina: Causa submarino, Macri citado a declarar"},"content":{"rendered":"<p>&nbsp;<\/p>\n<div id=\"attachment_500027\" style=\"width: 646px\" class=\"wp-caption alignnone\"><img loading=\"lazy\" decoding=\"async\" aria-describedby=\"caption-attachment-500027\" class=\"size-custom-full-size wp-image-500027\" src=\"https:\/\/diarioelpopular.com\/wp-content\/uploads\/2021\/10\/1.6f88b26b10c0ac0949e4-636x423.jpg\" alt=\"\" width=\"636\" height=\"423\" srcset=\"https:\/\/diarioelpopular.com\/wp-content\/uploads\/2021\/10\/1.6f88b26b10c0ac0949e4-636x423.jpg 636w, https:\/\/diarioelpopular.com\/wp-content\/uploads\/2021\/10\/1.6f88b26b10c0ac0949e4-300x200.jpg 300w, https:\/\/diarioelpopular.com\/wp-content\/uploads\/2021\/10\/1.6f88b26b10c0ac0949e4-110x73.jpg 110w, https:\/\/diarioelpopular.com\/wp-content\/uploads\/2021\/10\/1.6f88b26b10c0ac0949e4.jpg 750w\" sizes=\"auto, (max-width: 636px) 100vw, 636px\" \/><p id=\"caption-attachment-500027\" class=\"wp-caption-text\"><em>Mauricio Macri (foto: EPA)<\/em><\/p><\/div>\n<p><em><strong>BUENOS AIRES 29 OCT &#8211;<\/strong><\/em> El expresidente de Argentina Mauricio Macri fue citado a declarar el pr\u00f3ximo mi\u00e9rcoles en la causa que investiga presunto espionaje de su gobierno a los familiares de las v\u00edctimas del submarino ARA San Juan, hundido en 2017, tras ser relevado de la obligaci\u00f3n de guardar secretos de estado.<br \/>\nLa citaci\u00f3n la firm\u00f3 esta ma\u00f1ana el juez federal de Dolores Mart\u00edn Bava, luego de que anoche el presidente Alberto Fern\u00e1ndez firmara la resoluci\u00f3n que relev\u00f3 a su antecesor de la obligaci\u00f3n de guardar secreto de Estado, el planteo que frustr\u00f3 la audiencia del jueves.<br \/>\nEl juez espera que Macri hable de actividades de inteligencia que est\u00e1n siendo investigadas, en esa indagatoria, inform\u00f3 el portal Infobae.<br \/>\nEn declaraciones p\u00fablicas, el expresidente hab\u00eda dicho que &#8220;jam\u00e1s&#8221; espi\u00f3 a nadie y que las supuestas maniobras investigadas respond\u00edan a c\u00f3mo se manejaba la Casa Militar con la seguridad del presidente.<br \/>\nSu defensa ten\u00eda previsto presentar un escrito rechazado las acusaciones y denunciando lo que consideran es el car\u00e1cter &#8220;pol\u00edtico&#8221; de esta investigaci\u00f3n.<br \/>\nEl abogado de Macri, PAblo Lanusse, dijo ayer que su defendido es &#8220;un perseguido pol\u00edtico&#8221; y acus\u00f3 al juez Bava de &#8220;parcial&#8221; y &#8220;militante&#8221;, una referencia que implica partidario del oficialismo.<\/p>\n","protected":false},"excerpt":{"rendered":"<p>&nbsp; BUENOS AIRES 29 OCT &#8211; El expresidente de Argentina Mauricio Macri fue citado a declarar el pr\u00f3ximo mi\u00e9rcoles en la causa que investiga presunto&hellip;<\/p>\n","protected":false},"author":99,"featured_media":500027,"comment_status":"open","ping_status":"open","sticky":false,"template":"","format":"standard","meta":{"footnotes":""},"categories":[23],"tags":[],"class_list":["post-500026","post","type-post","status-publish","format-standard","has-post-thumbnail","hentry","category-latinoamerica"],"_links":{"self":[{"href":"https:\/\/diarioelpopular.com\/index.php\/wp-json\/wp\/v2\/posts\/500026","targetHints":{"allow":["GET"]}}],"collection":[{"href":"https:\/\/diarioelpopular.com\/index.php\/wp-json\/wp\/v2\/posts"}],"about":[{"href":"https:\/\/diarioelpopular.com\/index.php\/wp-json\/wp\/v2\/types\/post"}],"author":[{"embeddable":true,"href":"https:\/\/diarioelpopular.com\/index.php\/wp-json\/wp\/v2\/users\/99"}],"replies":[{"embeddable":true,"href":"https:\/\/diarioelpopular.com\/index.php\/wp-json\/wp\/v2\/comments?post=500026"}],"version-history":[{"count":1,"href":"https:\/\/diarioelpopular.com\/index.php\/wp-json\/wp\/v2\/posts\/500026\/revisions"}],"predecessor-version":[{"id":500028,"href":"https:\/\/diarioelpopular.com\/index.php\/wp-json\/wp\/v2\/posts\/500026\/revisions\/500028"}],"wp:featuredmedia":[{"embeddable":true,"href":"https:\/\/diarioelpopular.com\/index.php\/wp-json\/wp\/v2\/media\/500027"}],"wp:attachment":[{"href":"https:\/\/diarioelpopular.com\/index.php\/wp-json\/wp\/v2\/media?parent=500026"}],"wp:term":[{"taxonomy":"category","embeddable":true,"href":"https:\/\/diarioelpopular.com\/index.php\/wp-json\/wp\/v2\/categories?post=500026"},{"taxonomy":"post_tag","embeddable":true,"href":"https:\/\/diarioelpopular.com\/index.php\/wp-json\/wp\/v2\/tags?post=500026"}],"curies":[{"name":"wp","href":"https:\/\/api.w.org\/{rel}","templated":true}]}}