{"id":500041,"date":"2021-10-30T11:24:49","date_gmt":"2021-10-30T15:24:49","guid":{"rendered":"https:\/\/diarioelpopular.com\/?p=500041"},"modified":"2021-10-30T11:24:49","modified_gmt":"2021-10-30T15:24:49","slug":"mexico-habla-de-exito-en-la-vacunacion","status":"publish","type":"post","link":"https:\/\/diarioelpopular.com\/index.php\/2021\/10\/30\/mexico-habla-de-exito-en-la-vacunacion\/","title":{"rendered":"M\u00e9xico habla de &#8220;\u00e9xito&#8221; en la vacunaci\u00f3n"},"content":{"rendered":"<div id=\"attachment_500042\" style=\"width: 646px\" class=\"wp-caption alignnone\"><img loading=\"lazy\" decoding=\"async\" aria-describedby=\"caption-attachment-500042\" class=\"size-custom-full-size wp-image-500042\" src=\"https:\/\/diarioelpopular.com\/wp-content\/uploads\/2021\/10\/1.c547d5cdba7a1b66bb2c1-636x423.jpg\" alt=\"\" width=\"636\" height=\"423\" srcset=\"https:\/\/diarioelpopular.com\/wp-content\/uploads\/2021\/10\/1.c547d5cdba7a1b66bb2c1-636x423.jpg 636w, https:\/\/diarioelpopular.com\/wp-content\/uploads\/2021\/10\/1.c547d5cdba7a1b66bb2c1-300x200.jpg 300w, https:\/\/diarioelpopular.com\/wp-content\/uploads\/2021\/10\/1.c547d5cdba7a1b66bb2c1-110x73.jpg 110w, https:\/\/diarioelpopular.com\/wp-content\/uploads\/2021\/10\/1.c547d5cdba7a1b66bb2c1.jpg 750w\" sizes=\"auto, (max-width: 636px) 100vw, 636px\" \/><p id=\"caption-attachment-500042\" class=\"wp-caption-text\"><em>Proceso de vacunaci\u00f3n en M\u00e9xico<\/em><\/p><\/div>\n<h4><em><strong>&#8211; Se cumpli\u00f3 meta de proteger mayor\u00eda de adultos, seg\u00fan gobierno<\/strong><\/em><\/h4>\n<p><em><strong>CIUDAD DE MEXICO, 30 OCT &#8211;<\/strong><\/em> El gobierno mexicano se declar\u00f3 triunfador en su campa\u00f1a masiva de vacunaci\u00f3n contra el Covid-19, que termin\u00f3 hoy, y se\u00f1al\u00f3 que se cumplieron las metas de proteger a la mayor\u00eda de la poblaci\u00f3n mayor de 18 a\u00f1os al menos con una dosis.<br \/>\n&#8220;Podemos reportar \u00e9xito en la misi\u00f3n. Cumplimos la meta y las dosis anticovid llegaron a todos los rincones del pa\u00eds&#8221;, proclam\u00f3 el &#8220;zar antipandemia&#8221;, Hugo L\u00f3pez-Gatell, al notificar que el 81% de los adultos cuenta ya con el esquema completo de inmunizaci\u00f3n y 83% con al menos una dosis.<br \/>\nDesde la sure\u00f1a ciudad de Campeche, ante el presidente Andr\u00e9s L\u00f3pez Obrador, el tambi\u00e9n viceministro de Promoci\u00f3n de la Salud confirm\u00f3 la conclusi\u00f3n de &#8220;esta importante etapa y el cumplimiento de la meta a los que nos comprometimos para que se protegiera a todos los adultos de M\u00e9xico antes de finalizar octubre&#8221;.<br \/>\nEn t\u00e9rminos absolutos, m\u00e1s de 74 millones de personas han sido inoculadas aunque admiti\u00f3 que ha habido asimetr\u00eda en la aplicaci\u00f3n por la &#8220;variabilidad que se da de acuerdo a las condiciones de vida, tanto f\u00edsicas como sociales, en las distintas entidades federativas&#8221;.<br \/>\nPor ejemplo, en la capital mexicana, el epicentro de la pandemia, se alcanz\u00f3 a inocular al 94% de los adultos con dos dosis y al 99% con una sola, seg\u00fan inform\u00f3 la jefa de gobierno de la ciudad Claudia Sheinbaum.<br \/>\nMientras tanto, estados como los sure\u00f1os de Oaxaca, Chiapas, Puebla, Guerrero y Veracruz, que integran la franja m\u00e1s pobre del pa\u00eds, completaron s\u00f3lo la protecci\u00f3n del 52 al 68% de sus habitantes.<br \/>\nUn ej\u00e9rcito de unas 300.000 personas particip\u00f3 en la &#8220;log\u00edstica&#8221; de la inoculaci\u00f3n, de acuerdo con el funcionario, quien dijo que el &#8220;operativo continuar\u00e1 hasta completar la \u00faltima localidad de la Rep\u00fablica&#8221;, aunque ya estar\u00e1 m\u00e1s focalizado.<br \/>\nEl tambi\u00e9n portavoz para el Covid-19 dijo que &#8220;hay suficientes dosis para concluir&#8221; la total cobertura y agradeci\u00f3 los ant\u00edgenos donados por el gobierno de Estados Unidos.<br \/>\nAunque la campa\u00f1a concluy\u00f3 oficialmente, est\u00e1n programados todav\u00eda 953 municipios en 23 de los 32 estados para &#8220;expandir la cobertura hasta el \u00faltimo rinc\u00f3n, hasta la \u00faltima localidad del pa\u00eds&#8221;, dijo.<br \/>\nDe ahora en adelante, la aplicaci\u00f3n de las dosis se reducir\u00e1 a unos pocos espacios localizados estrat\u00e9gicamente en todo el pa\u00eds y s\u00f3lo se atender\u00e1 a personas rezagadas, mientras que los ni\u00f1os de 12 a 17 a\u00f1os no recibir\u00e1n todav\u00eda las ampollas, excepto 1,5 millones que sufren de enfermedades subyacentes como obesidad o diabetes.<br \/>\nEstos \u00faltimos comenzaron a recibir sus dosis el pasado lunes, pero en hospitales p\u00fablicos y no en centros de vacunaci\u00f3n, y con los m\u00e9dicos que los atienden.<br \/>\nAdem\u00e1s, est\u00e1 pendiente de resolverse en los tribunales si se comienza a dar el pinchazo al resto de los ni\u00f1os (unos 8,5 millones) de esta franja de edad, porque ha habido jueces que han emitido resoluciones para que se proceda a protegerlos, pero el proceso de apelaciones podr\u00eda llegar a la Suprema Corte y demorar varias semanas o meses.<br \/>\nM\u00e9xico, cuarto pa\u00eds con mayor mortalidad por Covid-19 y una de las naciones con mayor letalidad a nivel mundial, que contabiliza casi 3,8 millones de contagios y arriba de 287.000 muertes recibi\u00f3 m\u00e1s de 147 millones de dosis desde diciembre del a\u00f1o pasado.<br \/>\nEl fin de la vacunaci\u00f3n ocurre cuando el pa\u00eds suma tres meses sucesivos a la baja de contagios, seg\u00fan L\u00f3pez-Gatell. S\u00f3lo 0,15% de escuelas ha reportado casos tras el reciente retorno a clases presenciales, en septiembre pasado.<br \/>\nEl gobierno ha llamado a mantener la cautela y las medidas de alejamiento social y de profilaxis, advirtiendo que no est\u00e1 descartada una cuarta oleada de Covid-19, sobre todo porque se avecina la \u00e9poca de fr\u00edo.<br \/>\nMauricio Rodr\u00edguez, vocero de la Comisi\u00f3n antiCovid de la Universidad Nacional Aut\u00f3noma de M\u00e9xico (UNAM), indic\u00f3 que esta nueva embestida ocurrir\u00eda entre fines de diciembre y principios de enero, aunque dijo que &#8220;se espera que haya muchos casos porque es mucho m\u00e1s f\u00e1cil diagnosticarlo, pero menos hospitalizaciones y muertes&#8221;.<br \/>\nPor ello, auspici\u00f3 que &#8220;se completen los esquemas ya en los siguientes meses&#8221; para que se pueda pensar ya en qui\u00e9n, cu\u00e1ndo y c\u00f3mo &#8220;van a recibir un refuerzo&#8221;.<\/p>\n","protected":false},"excerpt":{"rendered":"<p>&#8211; Se cumpli\u00f3 meta de proteger mayor\u00eda de adultos, seg\u00fan gobierno CIUDAD DE MEXICO, 30 OCT &#8211; El gobierno mexicano se declar\u00f3 triunfador en su&hellip;<\/p>\n","protected":false},"author":99,"featured_media":500042,"comment_status":"open","ping_status":"open","sticky":false,"template":"","format":"standard","meta":{"footnotes":""},"categories":[23],"tags":[],"class_list":["post-500041","post","type-post","status-publish","format-standard","has-post-thumbnail","hentry","category-latinoamerica"],"_links":{"self":[{"href":"https:\/\/diarioelpopular.com\/index.php\/wp-json\/wp\/v2\/posts\/500041","targetHints":{"allow":["GET"]}}],"collection":[{"href":"https:\/\/diarioelpopular.com\/index.php\/wp-json\/wp\/v2\/posts"}],"about":[{"href":"https:\/\/diarioelpopular.com\/index.php\/wp-json\/wp\/v2\/types\/post"}],"author":[{"embeddable":true,"href":"https:\/\/diarioelpopular.com\/index.php\/wp-json\/wp\/v2\/users\/99"}],"replies":[{"embeddable":true,"href":"https:\/\/diarioelpopular.com\/index.php\/wp-json\/wp\/v2\/comments?post=500041"}],"version-history":[{"count":1,"href":"https:\/\/diarioelpopular.com\/index.php\/wp-json\/wp\/v2\/posts\/500041\/revisions"}],"predecessor-version":[{"id":500043,"href":"https:\/\/diarioelpopular.com\/index.php\/wp-json\/wp\/v2\/posts\/500041\/revisions\/500043"}],"wp:featuredmedia":[{"embeddable":true,"href":"https:\/\/diarioelpopular.com\/index.php\/wp-json\/wp\/v2\/media\/500042"}],"wp:attachment":[{"href":"https:\/\/diarioelpopular.com\/index.php\/wp-json\/wp\/v2\/media?parent=500041"}],"wp:term":[{"taxonomy":"category","embeddable":true,"href":"https:\/\/diarioelpopular.com\/index.php\/wp-json\/wp\/v2\/categories?post=500041"},{"taxonomy":"post_tag","embeddable":true,"href":"https:\/\/diarioelpopular.com\/index.php\/wp-json\/wp\/v2\/tags?post=500041"}],"curies":[{"name":"wp","href":"https:\/\/api.w.org\/{rel}","templated":true}]}}