{"id":500048,"date":"2021-10-31T10:56:00","date_gmt":"2021-10-31T14:56:00","guid":{"rendered":"https:\/\/diarioelpopular.com\/?p=500048"},"modified":"2021-10-31T10:56:00","modified_gmt":"2021-10-31T14:56:00","slug":"vertice-de-arce-y-castillo-en-la-paz","status":"publish","type":"post","link":"https:\/\/diarioelpopular.com\/index.php\/2021\/10\/31\/vertice-de-arce-y-castillo-en-la-paz\/","title":{"rendered":"V\u00e9rtice de Arce y Castillo en La Paz"},"content":{"rendered":"<div id=\"attachment_500049\" style=\"width: 646px\" class=\"wp-caption alignnone\"><img loading=\"lazy\" decoding=\"async\" aria-describedby=\"caption-attachment-500049\" class=\"size-custom-full-size wp-image-500049\" src=\"https:\/\/diarioelpopular.com\/wp-content\/uploads\/2021\/10\/1.28911a9ce1c7b3496b006e-636x449.jpg\" alt=\"\" width=\"636\" height=\"449\" srcset=\"https:\/\/diarioelpopular.com\/wp-content\/uploads\/2021\/10\/1.28911a9ce1c7b3496b006e-636x449.jpg 636w, https:\/\/diarioelpopular.com\/wp-content\/uploads\/2021\/10\/1.28911a9ce1c7b3496b006e-300x212.jpg 300w, https:\/\/diarioelpopular.com\/wp-content\/uploads\/2021\/10\/1.28911a9ce1c7b3496b006e-80x55.jpg 80w, https:\/\/diarioelpopular.com\/wp-content\/uploads\/2021\/10\/1.28911a9ce1c7b3496b006e-103x73.jpg 103w, https:\/\/diarioelpopular.com\/wp-content\/uploads\/2021\/10\/1.28911a9ce1c7b3496b006e.jpg 750w\" sizes=\"auto, (max-width: 636px) 100vw, 636px\" \/><p id=\"caption-attachment-500049\" class=\"wp-caption-text\"><em>Pedro Castillo (izquierda) y Luis Arce (derecha) en el encuentro de La Paz (foto: ANSA)<\/em><\/p><\/div>\n<h4><em><strong>&#8211; Un encuentro para relanzar las relaciones bilaterales<\/strong><\/em><\/h4>\n<p><em><strong>LA PAZ, 31 OCT &#8211;<\/strong><\/em> El presidente peruano Pedro Castillo lleg\u00f3 este s\u00e1bado a La Paz donde ha sostenido una cumbre con su colega boliviano Luis Arce para la revitalizaci\u00f3n a gran escala de las relaciones bilaterales.<br \/>\nLos dos jefes de Estado, indica la agencia boliviana de noticias ABI, presidieron una reuni\u00f3n conjunta de sus respectivos gobiernos e iniciaron el trabajo de 18 grupos distintos.<br \/>\nEn los \u00faltimos a\u00f1os, las relaciones entre las dos naciones andinas han sido dif\u00edciles por diferentes visiones pol\u00edticas y econ\u00f3micas, pero la elecci\u00f3n de Castillo, de izquierda como Arce, ha cambiado el escenario y acercado los proyectos y objetivos de Lima y La Paz. .<br \/>\nEl objetivo de la cumbre y de los grupos de trabajo es &#8220;lograr 107 compromisos vinculados a cuatro ejes estrat\u00e9gicos relacionados con el medio ambiente, la seguridad y defensa, la gesti\u00f3n de riesgos y la cooperaci\u00f3n en materia de justicia&#8221;.<br \/>\nPara ello, la delegaci\u00f3n peruana est\u00e1 integrada por una cincuentena de personas, entre ministros, diplom\u00e1ticos y funcionarios gubernamentales.<br \/>\nFinalmente, cabe se\u00f1alar que, hist\u00f3ricamente, uno de los objetivos de la pol\u00edtica exterior de Bolivia en la regi\u00f3n es la b\u00fasqueda de una salida al mar.<br \/>\nEn el pasado, sin embargo, esta aspiraci\u00f3n siempre ha sido rechazada tanto por Chile como, sobre todo, por Per\u00fa.<br \/>\nSin embargo, el ascenso al poder del maestro sindicalista Castillo podr\u00eda crear las condiciones para un acuerdo.<\/p>\n","protected":false},"excerpt":{"rendered":"<p>&#8211; Un encuentro para relanzar las relaciones bilaterales LA PAZ, 31 OCT &#8211; El presidente peruano Pedro Castillo lleg\u00f3 este s\u00e1bado a La Paz donde&hellip;<\/p>\n","protected":false},"author":99,"featured_media":500049,"comment_status":"open","ping_status":"open","sticky":false,"template":"","format":"standard","meta":{"footnotes":""},"categories":[23],"tags":[],"class_list":["post-500048","post","type-post","status-publish","format-standard","has-post-thumbnail","hentry","category-latinoamerica"],"_links":{"self":[{"href":"https:\/\/diarioelpopular.com\/index.php\/wp-json\/wp\/v2\/posts\/500048","targetHints":{"allow":["GET"]}}],"collection":[{"href":"https:\/\/diarioelpopular.com\/index.php\/wp-json\/wp\/v2\/posts"}],"about":[{"href":"https:\/\/diarioelpopular.com\/index.php\/wp-json\/wp\/v2\/types\/post"}],"author":[{"embeddable":true,"href":"https:\/\/diarioelpopular.com\/index.php\/wp-json\/wp\/v2\/users\/99"}],"replies":[{"embeddable":true,"href":"https:\/\/diarioelpopular.com\/index.php\/wp-json\/wp\/v2\/comments?post=500048"}],"version-history":[{"count":1,"href":"https:\/\/diarioelpopular.com\/index.php\/wp-json\/wp\/v2\/posts\/500048\/revisions"}],"predecessor-version":[{"id":500050,"href":"https:\/\/diarioelpopular.com\/index.php\/wp-json\/wp\/v2\/posts\/500048\/revisions\/500050"}],"wp:featuredmedia":[{"embeddable":true,"href":"https:\/\/diarioelpopular.com\/index.php\/wp-json\/wp\/v2\/media\/500049"}],"wp:attachment":[{"href":"https:\/\/diarioelpopular.com\/index.php\/wp-json\/wp\/v2\/media?parent=500048"}],"wp:term":[{"taxonomy":"category","embeddable":true,"href":"https:\/\/diarioelpopular.com\/index.php\/wp-json\/wp\/v2\/categories?post=500048"},{"taxonomy":"post_tag","embeddable":true,"href":"https:\/\/diarioelpopular.com\/index.php\/wp-json\/wp\/v2\/tags?post=500048"}],"curies":[{"name":"wp","href":"https:\/\/api.w.org\/{rel}","templated":true}]}}