{"id":500061,"date":"2021-11-01T09:40:10","date_gmt":"2021-11-01T13:40:10","guid":{"rendered":"https:\/\/diarioelpopular.com\/?p=500061"},"modified":"2021-11-01T09:40:10","modified_gmt":"2021-11-01T13:40:10","slug":"chile-el-13-7-de-jovenes-ni-estudia-ni-trabaja","status":"publish","type":"post","link":"https:\/\/diarioelpopular.com\/index.php\/2021\/11\/01\/chile-el-13-7-de-jovenes-ni-estudia-ni-trabaja\/","title":{"rendered":"Chile: El 13,7% de j\u00f3venes, ni estudia ni trabaja"},"content":{"rendered":"<div id=\"attachment_500062\" style=\"width: 646px\" class=\"wp-caption alignnone\"><img loading=\"lazy\" decoding=\"async\" aria-describedby=\"caption-attachment-500062\" class=\"size-custom-full-size wp-image-500062\" src=\"https:\/\/diarioelpopular.com\/wp-content\/uploads\/2021\/11\/1.c8137d107d6d1206a-636x423.jpg\" alt=\"\" width=\"636\" height=\"423\" srcset=\"https:\/\/diarioelpopular.com\/wp-content\/uploads\/2021\/11\/1.c8137d107d6d1206a-636x423.jpg 636w, https:\/\/diarioelpopular.com\/wp-content\/uploads\/2021\/11\/1.c8137d107d6d1206a-300x200.jpg 300w, https:\/\/diarioelpopular.com\/wp-content\/uploads\/2021\/11\/1.c8137d107d6d1206a-110x73.jpg 110w, https:\/\/diarioelpopular.com\/wp-content\/uploads\/2021\/11\/1.c8137d107d6d1206a.jpg 750w\" sizes=\"auto, (max-width: 636px) 100vw, 636px\" \/><p id=\"caption-attachment-500062\" class=\"wp-caption-text\"><em>Dos jovencitas chilenas en un festival de m\u00fasica en Santiago<\/em><\/p><\/div>\n<h4><em><strong>Los &#8220;ninis&#8221; son m\u00e1s mujeres que hombres, estad\u00edstica oficial<\/strong><\/em><\/h4>\n<p><em><strong>SANTIAGO DE CHILE, 1 NOV &#8211;<\/strong><\/em> El 13,7% de los j\u00f3venes en Chile &#8220;ni estudia ni trabaja&#8221;, seg\u00fan el Instituto Nacional de Estad\u00edsticas (INE).<br \/>\nEl organismo estatal public\u00f3 una separata junto con la \u00faltima Encuesta Nacional de Empleo (ENE), en la cual entreg\u00f3 un aproximado de cu\u00e1ntos son los denominados &#8220;Ninis&#8221; en Chile.<br \/>\nDe acuerdo al an\u00e1lisis, que consult\u00f3 a &#8220;personas j\u00f3venes que no estudian y no est\u00e1n ocupadas&#8221; (entre 15 y 24 a\u00f1os), esta poblaci\u00f3n a septiembre de 2021 representa el 13,7%.<br \/>\nDe los 2,65 millones de personas en este rango etario, &#8220;363 mil personas pertenecen a esta categor\u00eda&#8221;, detall\u00f3 el INE.<br \/>\nLa entidad revis\u00f3 como forma de contraste los datos de la Encuesta de Caracterizaci\u00f3n Socioecon\u00f3mica (CASEN) 2020, donde se evidenci\u00f3 que existe consistencia en la informaci\u00f3n.<br \/>\n&#8220;Si se considera que CASEN utiliza proyecciones de poblaci\u00f3n del trimestre m\u00f3vil noviembre-enero 2020, notamos que, en dicho trimestre seg\u00fan datos de la ENE las personas j\u00f3venes que no estudian y no est\u00e1n ocupadas representaron el 18,7% de la poblaci\u00f3n en el tramo de edad de 15-24 a\u00f1os&#8221;, agreg\u00f3 el INE.<br \/>\nSeg\u00fan datos de CASEN, las personas j\u00f3venes que no estudian y no est\u00e1n ocupadas representaron el 21,1% de la poblaci\u00f3n en dicho tramo, &#8220;estando ambos valores dentro del intervalo de confianza de la estimaci\u00f3n puntual&#8221;, sostuvo el organismo.<br \/>\nA nivel nacional, se\u00f1al\u00f3 el informe, son m\u00e1s mujeres que hombres j\u00f3venes que no estudian y no est\u00e1n ocupadas, con una brecha de g\u00e9nero de 42,75 mil personas.<br \/>\nEsa diferencia se hizo significativa a contar del trimestre m\u00f3vil enero-marzo de 2021, en medio de la pandemia donde las mujeres debieron asumir el cuidado de ni\u00f1os y adultos mayores por el cierre de escuelas y centros de cuidado.<br \/>\nLa encuesta midi\u00f3 tambi\u00e9n por qu\u00e9 &#8220;ni estudian ni trabajan&#8221;.<br \/>\nEn el caso de los hombres, se evidencia que la principal raz\u00f3n de las personas j\u00f3venes que no estudian ni trabajan es &#8220;que estaban estudiando o preparando estudios (de forma aut\u00f3noma, no en la formalidad)&#8221; con un 27,8%.<br \/>\nEn el caso de las mujeres, la principal raz\u00f3n de no b\u00fasqueda de empleo es &#8220;responsabilidades familiares permanentes&#8221; con un 37,9% del total.<br \/>\nPor nivel educacional, el INE indic\u00f3 que las personas j\u00f3venes que no estudian y no est\u00e1n ocupadas se concentran, principalmente, en la educaci\u00f3n secundaria.<br \/>\nCon datos del trimestre julio-septiembre de 2021, un 71,2% posee educaci\u00f3n secundaria, seguido por educaci\u00f3n universitaria, con el 10,6%, educaci\u00f3n t\u00e9cnica con 9,9%, y un 6,2% con educaci\u00f3n primaria.<br \/>\nLa tasa de desocupaci\u00f3n en Chile a nivel nacional durante el trimestre m\u00f3vil julio-septiembre de 2021 alcanz\u00f3 un 8,4%, con un descenso de 3,9 puntos porcentuales (pp) en doce meses. En dicho periodo hubo un alza de la fuerza de trabajo (8,4%), menor a la presentada por los ocupados (13,3%) y a la disminuci\u00f3n de 26,2% en los desocupados, incididos por los cesantes (-27,1%) y aquellos que buscan trabajo por primera vez (-13,7%). Seg\u00fan sexo, la tasa de desocupaci\u00f3n nacional de las mujeres se situ\u00f3 en 8,6% y la de los hombres en 8,3%, decreciendo 3,0 pp. y 4,5 pp., respectivamente.<\/p>\n","protected":false},"excerpt":{"rendered":"<p>Los &#8220;ninis&#8221; son m\u00e1s mujeres que hombres, estad\u00edstica oficial SANTIAGO DE CHILE, 1 NOV &#8211; El 13,7% de los j\u00f3venes en Chile &#8220;ni estudia ni&hellip;<\/p>\n","protected":false},"author":99,"featured_media":500062,"comment_status":"open","ping_status":"open","sticky":false,"template":"","format":"standard","meta":{"footnotes":""},"categories":[23],"tags":[],"class_list":["post-500061","post","type-post","status-publish","format-standard","has-post-thumbnail","hentry","category-latinoamerica"],"_links":{"self":[{"href":"https:\/\/diarioelpopular.com\/index.php\/wp-json\/wp\/v2\/posts\/500061","targetHints":{"allow":["GET"]}}],"collection":[{"href":"https:\/\/diarioelpopular.com\/index.php\/wp-json\/wp\/v2\/posts"}],"about":[{"href":"https:\/\/diarioelpopular.com\/index.php\/wp-json\/wp\/v2\/types\/post"}],"author":[{"embeddable":true,"href":"https:\/\/diarioelpopular.com\/index.php\/wp-json\/wp\/v2\/users\/99"}],"replies":[{"embeddable":true,"href":"https:\/\/diarioelpopular.com\/index.php\/wp-json\/wp\/v2\/comments?post=500061"}],"version-history":[{"count":1,"href":"https:\/\/diarioelpopular.com\/index.php\/wp-json\/wp\/v2\/posts\/500061\/revisions"}],"predecessor-version":[{"id":500063,"href":"https:\/\/diarioelpopular.com\/index.php\/wp-json\/wp\/v2\/posts\/500061\/revisions\/500063"}],"wp:featuredmedia":[{"embeddable":true,"href":"https:\/\/diarioelpopular.com\/index.php\/wp-json\/wp\/v2\/media\/500062"}],"wp:attachment":[{"href":"https:\/\/diarioelpopular.com\/index.php\/wp-json\/wp\/v2\/media?parent=500061"}],"wp:term":[{"taxonomy":"category","embeddable":true,"href":"https:\/\/diarioelpopular.com\/index.php\/wp-json\/wp\/v2\/categories?post=500061"},{"taxonomy":"post_tag","embeddable":true,"href":"https:\/\/diarioelpopular.com\/index.php\/wp-json\/wp\/v2\/tags?post=500061"}],"curies":[{"name":"wp","href":"https:\/\/api.w.org\/{rel}","templated":true}]}}