{"id":500080,"date":"2021-11-03T09:24:51","date_gmt":"2021-11-03T13:24:51","guid":{"rendered":"https:\/\/diarioelpopular.com\/?p=500080"},"modified":"2021-11-04T09:00:22","modified_gmt":"2021-11-04T13:00:22","slug":"air-canada-suspende-a-mas-de-800-empleados-no-vacunados-bajo-las-nuevas-reglas-covid-19","status":"publish","type":"post","link":"https:\/\/diarioelpopular.com\/index.php\/2021\/11\/03\/air-canada-suspende-a-mas-de-800-empleados-no-vacunados-bajo-las-nuevas-reglas-covid-19\/","title":{"rendered":"Air Canada suspende a m\u00e1s de 800 empleados no vacunados bajo las nuevas reglas COVID-19"},"content":{"rendered":"<p><img loading=\"lazy\" decoding=\"async\" class=\"alignnone size-custom-full-size wp-image-500082\" src=\"https:\/\/diarioelpopular.com\/wp-content\/uploads\/2021\/11\/1.2b4b4ed03b114bb2a3d3jpeg-636x443.jpg\" alt=\"\" width=\"636\" height=\"443\" srcset=\"https:\/\/diarioelpopular.com\/wp-content\/uploads\/2021\/11\/1.2b4b4ed03b114bb2a3d3jpeg-636x443.jpg 636w, https:\/\/diarioelpopular.com\/wp-content\/uploads\/2021\/11\/1.2b4b4ed03b114bb2a3d3jpeg-300x209.jpg 300w, https:\/\/diarioelpopular.com\/wp-content\/uploads\/2021\/11\/1.2b4b4ed03b114bb2a3d3jpeg-80x55.jpg 80w, https:\/\/diarioelpopular.com\/wp-content\/uploads\/2021\/11\/1.2b4b4ed03b114bb2a3d3jpeg-105x73.jpg 105w, https:\/\/diarioelpopular.com\/wp-content\/uploads\/2021\/11\/1.2b4b4ed03b114bb2a3d3jpeg.jpg 750w\" sizes=\"auto, (max-width: 636px) 100vw, 636px\" \/><\/p>\n<h4><em><strong>&#8211; Air Canada ha suspendido a m\u00e1s de 800 empleados por no estar completamente vacunados contra COVID-19 de acuerdo con las reglas federales.<\/strong><\/em><\/h4>\n<p><em><strong>OTTAWA.-<\/strong> <\/em>La gran mayor\u00eda de los 27.000 tripulantes de cabina de Air Canada, los agentes de servicio al cliente y otros han recibido ambas vacunas, dijo el director ejecutivo Michael Rousseau.<\/p>\n<p>\u201cNuestros empleados han hecho su parte, y ahora m\u00e1s del 96 por ciento est\u00e1n completamente vacunados. Los empleados que no est\u00e1n vacunados o que no tienen una exenci\u00f3n m\u00e9dica u otra exenci\u00f3n permitida han sido puestos en licencia sin goce de sueldo \u201d, dijo en una conferencia telef\u00f3nica con inversionistas.<\/p>\n<p>Los despidos son &#8220;en toda la empresa&#8221; en lugar de concentrarse en un trabajo en particular, dijo el portavoz Peter Fitzpatrick en un correo electr\u00f3nico.<\/p>\n<p>Las proporciones se alinean con las de WestJet Airlines Ltd., donde menos del cuatro por ciento de los trabajadores, menos de 300 de 7.300, no est\u00e1n vacunados, dijo la compa\u00f1\u00eda en un correo electr\u00f3nico.<\/p>\n<p>El primer ministro Justin Trudeau anunci\u00f3 el mes pasado que, a partir del 30 de octubre, Ottawa requerir\u00eda que las compa\u00f1\u00edas a\u00e9reas, ferroviarias y navieras reguladas por el gobierno federal establezcan pol\u00edticas de vacunaci\u00f3n obligatorias para los empleados.<\/p>\n<p>Air Canada ve esperanzas en el horizonte a medida que los ingresos se dispararon por encima de los niveles de 2020 el trimestre pasado en medio de mayores ventas para el invierno, a pesar de continuar operando muy por debajo de la capacidad prepand\u00e9mica y con una p\u00e9rdida de cientos de millones de d\u00f3lares.<\/p>\n<p>Las reservas nacionales de ocio se han recuperado, lo que ha provocado el retiro de m\u00e1s de 10.000 empleados despedidos desde principios de a\u00f1o, 6.500 de ellos desde julio. Pero los viajes de negocios siguen siendo bajos en todos los \u00e1mbitos debido en parte a la persistencia del trabajo remoto, dijeron ejecutivos.<\/p>\n<p>&#8220;Estamos siendo testigos de un fuerte repunte en VFR (amigos y familiares que visitan), y el tr\u00e1fico de ocio sigue siendo fuerte, espec\u00edficamente dentro de Am\u00e9rica del Norte, al otro lado del Atl\u00e1ntico y hacia destinos soleados&#8221;, dijo la directora comercial Lucie Guillemette en la conferencia telef\u00f3nica.<\/p>\n<p>\u201cEst\u00e1bamos bastante seguros de que en 2022 las empresas canadienses regresar\u00edan a sus oficinas y los viajes de negocios deber\u00edan regresar. Pero no hay duda de que para nosotros, el negocio se ha retrasado un poco &#8220;.<\/p>\n<p>Los ingresos casi se triplicaron a\u00f1o tras a\u00f1o a $ 2.10 mil millones en el trimestre finalizado el 30 de septiembre, superando las expectativas en m\u00e1s del 15 por ciento, seg\u00fan la firma de datos de mercados financieros Refinitiv. La capacidad tambi\u00e9n aument\u00f3 en un 87%.<\/p>\n<p>Pero los ingresos cayeron m\u00e1s del 60 por ciento por debajo de las cifras del tercer trimestre de Air Canada en 2019, mientras que la capacidad se mantuvo dos tercios por debajo, ya que las consecuencias del COVID-19 contin\u00faan afectando los resultados de las aerol\u00edneas.<\/p>\n<p>\u201cNo hay ning\u00fan libro de texto sobre este tipo de recuperaci\u00f3n, ni en la historia. No hay duda de que lo que vemos nos alienta mucho. Y no hay duda de que la duraci\u00f3n de la recuperaci\u00f3n ha pasado del consenso de 2025 a al menos 2024 y tal vez 2023 \u201d, dijo Rousseau, quien asumi\u00f3 el cargo de CEO en febrero.<\/p>\n<p>En su perspectiva, la aerol\u00ednea con sede en Montreal dijo que planea expandir su capacidad del cuarto trimestre en aproximadamente un 135 por ciento en comparaci\u00f3n con el mismo per\u00edodo en 2020. Sin embargo, esa capacidad _ calculada utilizando una m\u00e9trica de la industria llamada millas de asientos disponibles _ apenas alcanzar\u00e1 la mitad de su nivel prepand\u00e9mico.<\/p>\n<p>El flujo de caja neto de 153 millones de d\u00f3lares super\u00f3 las expectativas de los analistas de un gasto de efectivo de hasta 460 millones de d\u00f3lares. Marc\u00f3 el primer trimestre que Air Canada ha disfrutado de un flujo de caja en n\u00fameros negros desde el inicio de la pandemia.<\/p>\n<p>Rousseau tambi\u00e9n destac\u00f3 un desempe\u00f1o de carga r\u00e9cord de m\u00e1s de $ 1 mil millones en lo que va de a\u00f1o. La aerol\u00ednea comenz\u00f3 a cambiar hacia el transporte a\u00e9reo la primavera pasada, convirtiendo varios de sus aviones Boeing 767 retirados en aviones de carga.<\/p>\n<p>Con menos vuelos y menos carga transportada en los compartimentos de equipaje de los aviones de pasajeros, el precio del env\u00edo de carga por v\u00eda a\u00e9rea ha aumentado. Otras aerol\u00edneas como American Airlines y United Airlines tambi\u00e9n comenzaron a operar solo carga el a\u00f1o pasado, con la esperanza de aprovechar la oportunidad para detener sus p\u00e9rdidas.<\/p>\n<p>Air Canada report\u00f3 una p\u00e9rdida de $ 640 millones en su tercer trimestre comparado. La p\u00e9rdida ascendi\u00f3 a $ 1,79 por acci\u00f3n diluida el \u00faltimo trimestre en comparaci\u00f3n con una p\u00e9rdida de $ 685 millones o $ 2,31 por acci\u00f3n diluida un a\u00f1o antes.<\/p>\n<p>Los analistas esperaban una p\u00e9rdida de 554,7 millones de d\u00f3lares, o 1,44 d\u00f3lares por acci\u00f3n diluida, seg\u00fan Refinitiv.<\/p>\n","protected":false},"excerpt":{"rendered":"<p>&#8211; Air Canada ha suspendido a m\u00e1s de 800 empleados por no estar completamente vacunados contra COVID-19 de acuerdo con las reglas federales. OTTAWA.- La&hellip;<\/p>\n","protected":false},"author":99,"featured_media":500082,"comment_status":"open","ping_status":"open","sticky":false,"template":"","format":"standard","meta":{"footnotes":""},"categories":[21,11191],"tags":[],"class_list":["post-500080","post","type-post","status-publish","format-standard","has-post-thumbnail","hentry","category-canada","category-top-news"],"_links":{"self":[{"href":"https:\/\/diarioelpopular.com\/index.php\/wp-json\/wp\/v2\/posts\/500080","targetHints":{"allow":["GET"]}}],"collection":[{"href":"https:\/\/diarioelpopular.com\/index.php\/wp-json\/wp\/v2\/posts"}],"about":[{"href":"https:\/\/diarioelpopular.com\/index.php\/wp-json\/wp\/v2\/types\/post"}],"author":[{"embeddable":true,"href":"https:\/\/diarioelpopular.com\/index.php\/wp-json\/wp\/v2\/users\/99"}],"replies":[{"embeddable":true,"href":"https:\/\/diarioelpopular.com\/index.php\/wp-json\/wp\/v2\/comments?post=500080"}],"version-history":[{"count":2,"href":"https:\/\/diarioelpopular.com\/index.php\/wp-json\/wp\/v2\/posts\/500080\/revisions"}],"predecessor-version":[{"id":500083,"href":"https:\/\/diarioelpopular.com\/index.php\/wp-json\/wp\/v2\/posts\/500080\/revisions\/500083"}],"wp:featuredmedia":[{"embeddable":true,"href":"https:\/\/diarioelpopular.com\/index.php\/wp-json\/wp\/v2\/media\/500082"}],"wp:attachment":[{"href":"https:\/\/diarioelpopular.com\/index.php\/wp-json\/wp\/v2\/media?parent=500080"}],"wp:term":[{"taxonomy":"category","embeddable":true,"href":"https:\/\/diarioelpopular.com\/index.php\/wp-json\/wp\/v2\/categories?post=500080"},{"taxonomy":"post_tag","embeddable":true,"href":"https:\/\/diarioelpopular.com\/index.php\/wp-json\/wp\/v2\/tags?post=500080"}],"curies":[{"name":"wp","href":"https:\/\/api.w.org\/{rel}","templated":true}]}}