{"id":500089,"date":"2021-11-03T09:34:11","date_gmt":"2021-11-03T13:34:11","guid":{"rendered":"https:\/\/diarioelpopular.com\/?p=500089"},"modified":"2021-11-03T09:34:11","modified_gmt":"2021-11-03T13:34:11","slug":"4-paises-latinoamericanos-amplian-areas-maritimas","status":"publish","type":"post","link":"https:\/\/diarioelpopular.com\/index.php\/2021\/11\/03\/4-paises-latinoamericanos-amplian-areas-maritimas\/","title":{"rendered":"4 pa\u00edses latinoamericanos ampl\u00edan \u00e1reas mar\u00edtimas"},"content":{"rendered":"<div id=\"attachment_500090\" style=\"width: 646px\" class=\"wp-caption alignnone\"><img loading=\"lazy\" decoding=\"async\" aria-describedby=\"caption-attachment-500090\" class=\"size-custom-full-size wp-image-500090\" src=\"https:\/\/diarioelpopular.com\/wp-content\/uploads\/2021\/11\/1.a2b7306c6dfe0-636x386.jpg\" alt=\"\" width=\"636\" height=\"386\" srcset=\"https:\/\/diarioelpopular.com\/wp-content\/uploads\/2021\/11\/1.a2b7306c6dfe0-636x386.jpg 636w, https:\/\/diarioelpopular.com\/wp-content\/uploads\/2021\/11\/1.a2b7306c6dfe0-300x182.jpg 300w, https:\/\/diarioelpopular.com\/wp-content\/uploads\/2021\/11\/1.a2b7306c6dfe0-768x467.jpg 768w, https:\/\/diarioelpopular.com\/wp-content\/uploads\/2021\/11\/1.a2b7306c6dfe0-120x73.jpg 120w, https:\/\/diarioelpopular.com\/wp-content\/uploads\/2021\/11\/1.a2b7306c6dfe0.jpg 800w\" sizes=\"auto, (max-width: 636px) 100vw, 636px\" \/><p id=\"caption-attachment-500090\" class=\"wp-caption-text\"><em>4 pa\u00edses latinoamericanos ampl\u00edan \u00e1reas mar\u00edtimas<\/em><\/p><\/div>\n<h4><em><strong>Abarca las islas del Coco, Coiba, Malpelo, Gorgona y Gal\u00e1pagos<\/strong><\/em><\/h4>\n<p><em><strong>BOGOTA 3 NOV &#8211;<\/strong><\/em> Colombia, Costa Rica, Ecuador y Panam\u00e1 ampliar\u00e1n sus actuales \u00e1reas oce\u00e1nicas de protecci\u00f3n en el llamado Corredor Marino del Pac\u00edfico Este Tropical (CMAR), en anuncio que hicieron en el marco de la COP26 que se desarrolla en Glasgow (Escocia).<br \/>\nDesde hace 15 a\u00f1os opera dicho corredor, de dos millones de metros cuadrados, que abarca desde las costas de Costa Rica hasta Ecuador.<br \/>\nLa vasta \u00e1rea marina incluye las islas colombianas de Malpelo y Gorgona; adem\u00e1s del Parque Nacional de Coiba en Panam\u00e1; la archifamosa Gal\u00e1pagos en Ecuador; y la encantadora isla del Coco de Costa Rica.<br \/>\nEl Cmar es una zona de conservaci\u00f3n marina pactada por los cuatro pa\u00edses, que permite el uso sostenible de sus recursos, sin afectar la biodiversidad que habita ese corredor.<br \/>\nAunque el anuncio hecho por los presidentes desde la sede de la cumbre clim\u00e1tica no precis\u00f3 el total de hect\u00e1reas mar\u00edtimas que se ensanchar\u00e1n, Colombia y Ecuador avisaron de cifras que ya tienen en mente para tal fin.<br \/>\nMientras Colombia dijo que de las 12,4 millones de hect\u00e1reas marinas protegidas pasar\u00e1 a 16 millones; Ecuador report\u00f3 que su actual reserva de 60 mil kil\u00f3metros cuadrado sobre Gal\u00e1pagos pasar\u00e1 a ser de 198 mil kil\u00f3metros cuadrados.<br \/>\n&#8220;Esto que estamos haciendo esta tarde es hist\u00f3rico; es hist\u00f3rico en lo ambiental, es hist\u00f3rico en conservaci\u00f3n, es hist\u00f3rico en la protecci\u00f3n de los mares y de los oc\u00e9anos y es hist\u00f3rico en el trabajo en equipo&#8221;, afirm\u00f3 el presidente colombiano, Iv\u00e1n Duque.<br \/>\nEl mandatario asegur\u00f3 que la ampliaci\u00f3n del CMAR implica m\u00e1s &#8220;cooperaci\u00f3n&#8221; en temas de &#8220;investigaci\u00f3n&#8221;, &#8220;seguridad&#8221; y denuncia de los actos de &#8220;ilegalidad en nuestros mares&#8221;.<br \/>\nGuillermo Lasso, presidente de Ecuador, conjetur\u00f3 que &#8220;las corrientes de agua no tienen ideolog\u00eda, son y representan la vida misma de especies marinas que debemos conservarlas&#8221; y sostuvo que el acuerdo es un &#8220;ejemplo de acci\u00f3n concreta&#8221; que ya no es &#8220;promesa al futuro&#8221;, sino &#8220;compromiso&#8221; inmediato.<br \/>\nCarlos Alvarado, presidente de Costa Rica, record\u00f3 a los asistentes al acto en Glasgow que &#8220;aqu\u00ed cuatro pa\u00edses orgullosamente latinoamericanos, cuatro pa\u00edses del tr\u00f3pico del mundo, dicen presente, protegiendo nuestros oc\u00e9anos&#8221;.<br \/>\nEn tanto que Laurentino Cortizo, presidente de Panam\u00e1, afirm\u00f3 que la determinaci\u00f3n es &#8220;el acto m\u00e1s importante de la COP26&#8221; y resalt\u00f3 que &#8220;no es una acci\u00f3n de blablabla&#8221;, por el contrario, &#8220;es una acci\u00f3n de resultados concretos&#8221;.<br \/>\nZac Goldsmith, ministro de Medio Ambiente del Reino Unido, quien acompa\u00f1\u00f3 el anunci\u00f3, tild\u00f3 lo ocurrido de &#8220;algo extraordinario&#8221;, que sugiere una &#8220;soluci\u00f3n de verdad&#8221;.<br \/>\n&#8220;Esto es un regalo al mundo&#8221;, afirm\u00f3 el pol\u00edtico brit\u00e1nico en declaraciones recogidas y difundidas hoy en Bogot\u00e1 por Presidencia.<\/p>\n","protected":false},"excerpt":{"rendered":"<p>Abarca las islas del Coco, Coiba, Malpelo, Gorgona y Gal\u00e1pagos BOGOTA 3 NOV &#8211; Colombia, Costa Rica, Ecuador y Panam\u00e1 ampliar\u00e1n sus actuales \u00e1reas oce\u00e1nicas&hellip;<\/p>\n","protected":false},"author":99,"featured_media":500090,"comment_status":"open","ping_status":"open","sticky":false,"template":"","format":"standard","meta":{"footnotes":""},"categories":[23],"tags":[],"class_list":["post-500089","post","type-post","status-publish","format-standard","has-post-thumbnail","hentry","category-latinoamerica"],"_links":{"self":[{"href":"https:\/\/diarioelpopular.com\/index.php\/wp-json\/wp\/v2\/posts\/500089","targetHints":{"allow":["GET"]}}],"collection":[{"href":"https:\/\/diarioelpopular.com\/index.php\/wp-json\/wp\/v2\/posts"}],"about":[{"href":"https:\/\/diarioelpopular.com\/index.php\/wp-json\/wp\/v2\/types\/post"}],"author":[{"embeddable":true,"href":"https:\/\/diarioelpopular.com\/index.php\/wp-json\/wp\/v2\/users\/99"}],"replies":[{"embeddable":true,"href":"https:\/\/diarioelpopular.com\/index.php\/wp-json\/wp\/v2\/comments?post=500089"}],"version-history":[{"count":1,"href":"https:\/\/diarioelpopular.com\/index.php\/wp-json\/wp\/v2\/posts\/500089\/revisions"}],"predecessor-version":[{"id":500091,"href":"https:\/\/diarioelpopular.com\/index.php\/wp-json\/wp\/v2\/posts\/500089\/revisions\/500091"}],"wp:featuredmedia":[{"embeddable":true,"href":"https:\/\/diarioelpopular.com\/index.php\/wp-json\/wp\/v2\/media\/500090"}],"wp:attachment":[{"href":"https:\/\/diarioelpopular.com\/index.php\/wp-json\/wp\/v2\/media?parent=500089"}],"wp:term":[{"taxonomy":"category","embeddable":true,"href":"https:\/\/diarioelpopular.com\/index.php\/wp-json\/wp\/v2\/categories?post=500089"},{"taxonomy":"post_tag","embeddable":true,"href":"https:\/\/diarioelpopular.com\/index.php\/wp-json\/wp\/v2\/tags?post=500089"}],"curies":[{"name":"wp","href":"https:\/\/api.w.org\/{rel}","templated":true}]}}