{"id":500094,"date":"2021-11-04T09:04:06","date_gmt":"2021-11-04T13:04:06","guid":{"rendered":"https:\/\/diarioelpopular.com\/?p=500094"},"modified":"2021-11-04T09:04:06","modified_gmt":"2021-11-04T13:04:06","slug":"encuestando-a-los-no-vacunados-por-que-los-canadienses-dicen-que-no-recibiran-una-vacuna-covid","status":"publish","type":"post","link":"https:\/\/diarioelpopular.com\/index.php\/2021\/11\/04\/encuestando-a-los-no-vacunados-por-que-los-canadienses-dicen-que-no-recibiran-una-vacuna-covid\/","title":{"rendered":"Encuestando a los no vacunados: por qu\u00e9 los canadienses dicen que no recibir\u00e1n una vacuna COVID"},"content":{"rendered":"<p><img loading=\"lazy\" decoding=\"async\" class=\"alignnone size-custom-full-size wp-image-500095\" src=\"https:\/\/diarioelpopular.com\/wp-content\/uploads\/2021\/11\/1.britain-vaccine-636x358.jpg\" alt=\"\" width=\"636\" height=\"358\" \/><\/p>\n<h4><em><strong>&#8211; Los funcionarios de salud han dicho que la cuarta ola de COVID-19 en Canad\u00e1 es una &#8220;pandemia de no vacunados&#8221;.<\/strong><\/em><\/h4>\n<p><em><strong>OTTAWA.-<\/strong> <\/em>Seg\u00fan los datos recopilados por el proyecto Our World in Data de la Universidad de Oxford, cuando se trata de Canad\u00e1 en su conjunto, el ocho por ciento de los residentes siguen sin vacunarse.<\/p>\n<p>Una nueva encuesta del Instituto Angus Reid, una organizaci\u00f3n sin fines de lucro, sugiere que las principales razones de los canadienses no vacunados para evitar la vacuna son la &#8220;libertad personal&#8221; y los &#8220;problemas de salud&#8221;.<\/p>\n<p>Canad\u00e1 es el decimocuarto pa\u00eds m\u00e1s vacunado del mundo, pero un tercio de los encuestados dijo que la raz\u00f3n principal por la que no han recibido una vacuna es porque COVID-19 no es una &#8220;amenaza grave para la salud&#8221;.<\/p>\n<p>Cuando se trata de hombres y mujeres, los hallazgos sugieren que los hombres, en particular los de entre 18 y 24 a\u00f1os, se negaron a vacunarse en mayor proporci\u00f3n que las mujeres.<\/p>\n<p>El doce por ciento, o aproximadamente un hombre de cada 10 encuestados, dijo que no recibir\u00e1n la vacuna.<\/p>\n<p>En el caso de las mujeres, las de los grupos de edad de 18 a 34 y de 35 a 54 eran las que m\u00e1s vacilaban.<\/p>\n<p>Seg\u00fan la encuesta, quienes viven en hogares que ganan entre $ 150,000 y $ 200,000 al a\u00f1o son los m\u00e1s propensos a decir que no se vacunar\u00e1n.<\/p>\n<p>Los hogares que ganan m\u00e1s de $ 200,000 al a\u00f1o y los que ganan entre $ 25,000 y $ 50,000 fueron iguales en sus decisiones de no vacunarse.<\/p>\n<p>Los canadienses ind\u00edgenas encuestados ten\u00edan el doble de probabilidades que los que no se identifican como minor\u00edas visibles de rechazar el disparo.<\/p>\n<p>Los gobiernos provincial y federal a\u00fan tienen mucho trabajo por hacer para superar generaciones de maltrato a los pueblos ind\u00edgenas dentro del sistema m\u00e9dico, dijo la encuestadora.<\/p>\n<p>Adem\u00e1s de observar qui\u00e9nes son reacios a recibir vacunas y c\u00f3mo se identifican, la encuesta tambi\u00e9n analiz\u00f3 por qu\u00e9.<\/p>\n<p>Si bien Canad\u00e1 ha tenido \u00e9xito en brindar acceso a la vacuna, los encuestados mostraron una falta de confianza en su seguridad, con aproximadamente el 58 por ciento, o tres de cada cinco encuestados, diciendo que tienen preocupaciones de salud continuas en lo que respecta a la vacunaci\u00f3n.<\/p>\n<p>Un n\u00famero igual de personas declar\u00f3 que una de las principales razones para no recibir la vacuna fue una de las razones de la libertad personal.<\/p>\n<p>Finalmente, cuando se les pregunt\u00f3 acerca de varias declaraciones en torno a la vacuna, la mayor\u00eda de los encuestados dijo que es una extralimitaci\u00f3n del gobierno exigir pasaportes de vacunas.<\/p>\n<p>M\u00e1s del 50 por ciento dijo que los riesgos para la salud del COVID-19 est\u00e1n exagerados y poco menos del 50 por ciento dijo que no necesita una vacuna porque su sistema inmunol\u00f3gico puede manejar el virus.<\/p>\n<p>Poco m\u00e1s del 40 por ciento de las personas estuvo de acuerdo en su mayor\u00eda con la afirmaci\u00f3n de que los efectos secundarios de la vacuna son m\u00e1s graves que el virus en s\u00ed.<\/p>\n","protected":false},"excerpt":{"rendered":"<p>&#8211; Los funcionarios de salud han dicho que la cuarta ola de COVID-19 en Canad\u00e1 es una &#8220;pandemia de no vacunados&#8221;. OTTAWA.- Seg\u00fan los datos&hellip;<\/p>\n","protected":false},"author":99,"featured_media":500096,"comment_status":"open","ping_status":"open","sticky":false,"template":"","format":"standard","meta":{"footnotes":""},"categories":[21,11191],"tags":[],"class_list":["post-500094","post","type-post","status-publish","format-standard","has-post-thumbnail","hentry","category-canada","category-top-news"],"_links":{"self":[{"href":"https:\/\/diarioelpopular.com\/index.php\/wp-json\/wp\/v2\/posts\/500094","targetHints":{"allow":["GET"]}}],"collection":[{"href":"https:\/\/diarioelpopular.com\/index.php\/wp-json\/wp\/v2\/posts"}],"about":[{"href":"https:\/\/diarioelpopular.com\/index.php\/wp-json\/wp\/v2\/types\/post"}],"author":[{"embeddable":true,"href":"https:\/\/diarioelpopular.com\/index.php\/wp-json\/wp\/v2\/users\/99"}],"replies":[{"embeddable":true,"href":"https:\/\/diarioelpopular.com\/index.php\/wp-json\/wp\/v2\/comments?post=500094"}],"version-history":[{"count":1,"href":"https:\/\/diarioelpopular.com\/index.php\/wp-json\/wp\/v2\/posts\/500094\/revisions"}],"predecessor-version":[{"id":500097,"href":"https:\/\/diarioelpopular.com\/index.php\/wp-json\/wp\/v2\/posts\/500094\/revisions\/500097"}],"wp:featuredmedia":[{"embeddable":true,"href":"https:\/\/diarioelpopular.com\/index.php\/wp-json\/wp\/v2\/media\/500096"}],"wp:attachment":[{"href":"https:\/\/diarioelpopular.com\/index.php\/wp-json\/wp\/v2\/media?parent=500094"}],"wp:term":[{"taxonomy":"category","embeddable":true,"href":"https:\/\/diarioelpopular.com\/index.php\/wp-json\/wp\/v2\/categories?post=500094"},{"taxonomy":"post_tag","embeddable":true,"href":"https:\/\/diarioelpopular.com\/index.php\/wp-json\/wp\/v2\/tags?post=500094"}],"curies":[{"name":"wp","href":"https:\/\/api.w.org\/{rel}","templated":true}]}}