{"id":500143,"date":"2021-11-06T10:46:59","date_gmt":"2021-11-06T14:46:59","guid":{"rendered":"https:\/\/diarioelpopular.com\/?p=500143"},"modified":"2021-11-06T10:46:59","modified_gmt":"2021-11-06T14:46:59","slug":"ecuador-tiene-que-ser-luz-encienda-alianza-pacifico-lasso","status":"publish","type":"post","link":"https:\/\/diarioelpopular.com\/index.php\/2021\/11\/06\/ecuador-tiene-que-ser-luz-encienda-alianza-pacifico-lasso\/","title":{"rendered":"Ecuador: Tiene que ser luz encienda Alianza Pac\u00edfico, Lasso"},"content":{"rendered":"<div id=\"attachment_500144\" style=\"width: 646px\" class=\"wp-caption alignnone\"><img loading=\"lazy\" decoding=\"async\" aria-describedby=\"caption-attachment-500144\" class=\"size-custom-full-size wp-image-500144\" src=\"https:\/\/diarioelpopular.com\/wp-content\/uploads\/2021\/11\/1.6f9054d7e38-636x424.jpg\" alt=\"\" width=\"636\" height=\"424\" srcset=\"https:\/\/diarioelpopular.com\/wp-content\/uploads\/2021\/11\/1.6f9054d7e38-636x424.jpg 636w, https:\/\/diarioelpopular.com\/wp-content\/uploads\/2021\/11\/1.6f9054d7e38-300x200.jpg 300w, https:\/\/diarioelpopular.com\/wp-content\/uploads\/2021\/11\/1.6f9054d7e38-768x512.jpg 768w, https:\/\/diarioelpopular.com\/wp-content\/uploads\/2021\/11\/1.6f9054d7e38-110x73.jpg 110w, https:\/\/diarioelpopular.com\/wp-content\/uploads\/2021\/11\/1.6f9054d7e38.jpg 800w\" sizes=\"auto, (max-width: 636px) 100vw, 636px\" \/><p id=\"caption-attachment-500144\" class=\"wp-caption-text\"><em>Guillermo Lasso, presidente de Ecuador.<\/em><br \/><em>(foto: EPA)<\/em><\/p><\/div>\n<p><em><strong>MADRID, 06 NOV &#8211;<\/strong><\/em> Ecuador &#8220;tiene que ser una suerte de luz&#8221; para volver a &#8220;encender la Alianza del Pac\u00edfico&#8221;, declar\u00f3 su presidente, Guillermo Lasso, de visita en Madrid para buscar inversores espa\u00f1oles.<\/p>\n<p>La Alianza del Pac\u00edfico &#8220;es el lugar donde debe estar Ecuador, sobre todo ahora. Tiene que ser una suerte de luz en un multilateralismo que ha producido buenos resultados y que de repente se pretende bajar el volumen. Ecuador est\u00e1 ah\u00ed para encender la alianza que tanto beneficio ha producido a Am\u00e9rica Latina&#8221;, subray\u00f3 Lasso.<\/p>\n<p>El presidente ecuatoriano dijo que visitar\u00e1 pr\u00f3ximamente a su hom\u00f3logo mexicano, Andr\u00e9s Manuel L\u00f3pez Obrador, para firmar antes de final de a\u00f1o el acuerdo de libre comercio, una condici\u00f3n necesaria para pedir despu\u00e9s la inclusi\u00f3n de Ecuador en la Alianza del Pac\u00edfico.<\/p>\n<p>&#8220;Todos queremos emular a la Uni\u00f3n Europea (UE). Comencemos por una gran zona derribando barreras arancelarias, una gran zona aduanera y menos discursos pol\u00edticos, consigamos un club.<br \/>\nNos falta unidad y pragmatismo&#8221;, dijo Lasso. El presidente ecuatoriano tambi\u00e9n demand\u00f3 en la lucha contra el narcotr\u00e1fico &#8220;el apoyo de la regi\u00f3n, de Colombia, Per\u00fa, Estados Unidos y la Uni\u00f3n Europea. Ecuador solo no va a poder&#8221; hacerlo. As\u00ed se manifest\u00f3 Lasso en el Foro ABC Espa\u00f1a-Ecuador en el que particip\u00f3 el expremier espa\u00f1ol Jos\u00e9 Mar\u00eda Aznar.<\/p>\n","protected":false},"excerpt":{"rendered":"<p>MADRID, 06 NOV &#8211; Ecuador &#8220;tiene que ser una suerte de luz&#8221; para volver a &#8220;encender la Alianza del Pac\u00edfico&#8221;, declar\u00f3 su presidente, Guillermo Lasso,&hellip;<\/p>\n","protected":false},"author":99,"featured_media":500144,"comment_status":"open","ping_status":"open","sticky":false,"template":"","format":"standard","meta":{"footnotes":""},"categories":[23],"tags":[],"class_list":["post-500143","post","type-post","status-publish","format-standard","has-post-thumbnail","hentry","category-latinoamerica"],"_links":{"self":[{"href":"https:\/\/diarioelpopular.com\/index.php\/wp-json\/wp\/v2\/posts\/500143","targetHints":{"allow":["GET"]}}],"collection":[{"href":"https:\/\/diarioelpopular.com\/index.php\/wp-json\/wp\/v2\/posts"}],"about":[{"href":"https:\/\/diarioelpopular.com\/index.php\/wp-json\/wp\/v2\/types\/post"}],"author":[{"embeddable":true,"href":"https:\/\/diarioelpopular.com\/index.php\/wp-json\/wp\/v2\/users\/99"}],"replies":[{"embeddable":true,"href":"https:\/\/diarioelpopular.com\/index.php\/wp-json\/wp\/v2\/comments?post=500143"}],"version-history":[{"count":1,"href":"https:\/\/diarioelpopular.com\/index.php\/wp-json\/wp\/v2\/posts\/500143\/revisions"}],"predecessor-version":[{"id":500145,"href":"https:\/\/diarioelpopular.com\/index.php\/wp-json\/wp\/v2\/posts\/500143\/revisions\/500145"}],"wp:featuredmedia":[{"embeddable":true,"href":"https:\/\/diarioelpopular.com\/index.php\/wp-json\/wp\/v2\/media\/500144"}],"wp:attachment":[{"href":"https:\/\/diarioelpopular.com\/index.php\/wp-json\/wp\/v2\/media?parent=500143"}],"wp:term":[{"taxonomy":"category","embeddable":true,"href":"https:\/\/diarioelpopular.com\/index.php\/wp-json\/wp\/v2\/categories?post=500143"},{"taxonomy":"post_tag","embeddable":true,"href":"https:\/\/diarioelpopular.com\/index.php\/wp-json\/wp\/v2\/tags?post=500143"}],"curies":[{"name":"wp","href":"https:\/\/api.w.org\/{rel}","templated":true}]}}