{"id":500150,"date":"2021-11-07T10:34:12","date_gmt":"2021-11-07T14:34:12","guid":{"rendered":"https:\/\/diarioelpopular.com\/?p=500150"},"modified":"2021-11-07T10:34:12","modified_gmt":"2021-11-07T14:34:12","slug":"acciones-coordinadas-por-la-amenaza-mapuche","status":"publish","type":"post","link":"https:\/\/diarioelpopular.com\/index.php\/2021\/11\/07\/acciones-coordinadas-por-la-amenaza-mapuche\/","title":{"rendered":"Acciones coordinadas por la amenaza mapuche"},"content":{"rendered":"<div id=\"attachment_500151\" style=\"width: 646px\" class=\"wp-caption alignnone\"><img loading=\"lazy\" decoding=\"async\" aria-describedby=\"caption-attachment-500151\" class=\"size-custom-full-size wp-image-500151\" src=\"https:\/\/diarioelpopular.com\/wp-content\/uploads\/2021\/11\/1.885155a004db5b-636x355.jpg\" alt=\"\" width=\"636\" height=\"355\" srcset=\"https:\/\/diarioelpopular.com\/wp-content\/uploads\/2021\/11\/1.885155a004db5b-636x355.jpg 636w, https:\/\/diarioelpopular.com\/wp-content\/uploads\/2021\/11\/1.885155a004db5b-300x168.jpg 300w, https:\/\/diarioelpopular.com\/wp-content\/uploads\/2021\/11\/1.885155a004db5b-768x429.jpg 768w, https:\/\/diarioelpopular.com\/wp-content\/uploads\/2021\/11\/1.885155a004db5b-131x73.jpg 131w, https:\/\/diarioelpopular.com\/wp-content\/uploads\/2021\/11\/1.885155a004db5b.jpg 800w\" sizes=\"auto, (max-width: 636px) 100vw, 636px\" \/><p id=\"caption-attachment-500151\" class=\"wp-caption-text\"><em>Protesta mapuche en Chile. Crecen las tensiones<\/em><\/p><\/div>\n<h4><em><strong>-V\u00eddeo de grupo con armas enciende alarmas en la Patagonia<\/strong><\/em><\/h4>\n<p><strong><em>BUENOS AIRES 7NOV &#8211;<\/em><\/strong> La resistencia de grupos mapuches -etnia originaria de la Patagonia-se endurece a ambos lados de la cordillera de Los Andes, con videos amenazantes y otras acciones, lo que lleva a las autoridades de Argentina y Chile a coordinar tareas de seguridad.<br \/>\nD\u00edas atr\u00e1s se difundi\u00f3 un video, adjudicado a la organizaci\u00f3n mapuche Weichan Auka Mapu, en el que aparece una veintena de hombres, todos encapuchados y armados, mientras uno de ellos que aparenta ser el jefe lee una proclama amenazando al gobierno chileno de Sebasti\u00e1n Pi\u00f1era.<br \/>\nEl vocero insta a terminar &#8220;con la militarizaci\u00f3n del Wallmapu, porque ser\u00e1n derrotados por la fuerza del pueblo mapuche en marcha&#8221;.<br \/>\nEl gobierno chileno no solo ha enviado m\u00e1s militares a la regi\u00f3n sure\u00f1a de Araucan\u00eda, sino que design\u00f3, adem\u00e1s, al general Javier Iturriaga del Campo como Comandante en jefe del Ej\u00e9rcito, endureciendo el conflicto con los grupos mapuches.<br \/>\nPoco antes de difundirse el video se produjeron enfrentamientos armados en Ca\u00f1ete y Tir\u00faa, en la regi\u00f3n del B\u00edob\u00edo, Chile, en los que murieron dos desconocidos que se enfrentaron con militares, y otros tres resultaron heridos.<br \/>\nEl ministro de Seguridad de Argentina, An\u00edbal Fern\u00e1ndez, se reuni\u00f3 con el embajador de Chile en Buenos Aires, Nicol\u00e1s Monckeberg, y el viceministro del Interior y Seguridad P\u00fablica de ese pa\u00eds, Juan Francisco Galli, para coordinar un operativo conjunto destinado a controlar a los grupos mapuches que operan a trav\u00e9s de la frontera de ambos pa\u00edses.<br \/>\nAs\u00ed lo revel\u00f3 hoy el portal de noticias Infobae.<br \/>\nLa reuni\u00f3n formal fue solicitada por la administraci\u00f3n de Pi\u00f1era, tras los sucesivas acciones ilegales, amenazas y saqueos realizados por ciertos grupos mapuches en el sur de Argentina y Chile.<\/p>\n","protected":false},"excerpt":{"rendered":"<p>-V\u00eddeo de grupo con armas enciende alarmas en la Patagonia BUENOS AIRES 7NOV &#8211; La resistencia de grupos mapuches -etnia originaria de la Patagonia-se endurece&hellip;<\/p>\n","protected":false},"author":99,"featured_media":500151,"comment_status":"open","ping_status":"open","sticky":false,"template":"","format":"standard","meta":{"footnotes":""},"categories":[23],"tags":[],"class_list":["post-500150","post","type-post","status-publish","format-standard","has-post-thumbnail","hentry","category-latinoamerica"],"_links":{"self":[{"href":"https:\/\/diarioelpopular.com\/index.php\/wp-json\/wp\/v2\/posts\/500150","targetHints":{"allow":["GET"]}}],"collection":[{"href":"https:\/\/diarioelpopular.com\/index.php\/wp-json\/wp\/v2\/posts"}],"about":[{"href":"https:\/\/diarioelpopular.com\/index.php\/wp-json\/wp\/v2\/types\/post"}],"author":[{"embeddable":true,"href":"https:\/\/diarioelpopular.com\/index.php\/wp-json\/wp\/v2\/users\/99"}],"replies":[{"embeddable":true,"href":"https:\/\/diarioelpopular.com\/index.php\/wp-json\/wp\/v2\/comments?post=500150"}],"version-history":[{"count":1,"href":"https:\/\/diarioelpopular.com\/index.php\/wp-json\/wp\/v2\/posts\/500150\/revisions"}],"predecessor-version":[{"id":500152,"href":"https:\/\/diarioelpopular.com\/index.php\/wp-json\/wp\/v2\/posts\/500150\/revisions\/500152"}],"wp:featuredmedia":[{"embeddable":true,"href":"https:\/\/diarioelpopular.com\/index.php\/wp-json\/wp\/v2\/media\/500151"}],"wp:attachment":[{"href":"https:\/\/diarioelpopular.com\/index.php\/wp-json\/wp\/v2\/media?parent=500150"}],"wp:term":[{"taxonomy":"category","embeddable":true,"href":"https:\/\/diarioelpopular.com\/index.php\/wp-json\/wp\/v2\/categories?post=500150"},{"taxonomy":"post_tag","embeddable":true,"href":"https:\/\/diarioelpopular.com\/index.php\/wp-json\/wp\/v2\/tags?post=500150"}],"curies":[{"name":"wp","href":"https:\/\/api.w.org\/{rel}","templated":true}]}}