{"id":500166,"date":"2021-11-08T10:44:10","date_gmt":"2021-11-08T14:44:10","guid":{"rendered":"https:\/\/diarioelpopular.com\/?p=500166"},"modified":"2021-11-08T10:44:10","modified_gmt":"2021-11-08T14:44:10","slug":"el-pais-con-mas-huerfanos-por-covid-en-america","status":"publish","type":"post","link":"https:\/\/diarioelpopular.com\/index.php\/2021\/11\/08\/el-pais-con-mas-huerfanos-por-covid-en-america\/","title":{"rendered":"El pa\u00eds con m\u00e1s hu\u00e9rfanos por Covid en Am\u00e9rica"},"content":{"rendered":"<div id=\"attachment_500167\" style=\"width: 646px\" class=\"wp-caption alignnone\"><img loading=\"lazy\" decoding=\"async\" aria-describedby=\"caption-attachment-500167\" class=\"size-custom-full-size wp-image-500167\" src=\"https:\/\/diarioelpopular.com\/wp-content\/uploads\/2021\/11\/1.5ed323ce02ecadedb-636x424.jpg\" alt=\"\" width=\"636\" height=\"424\" srcset=\"https:\/\/diarioelpopular.com\/wp-content\/uploads\/2021\/11\/1.5ed323ce02ecadedb-636x424.jpg 636w, https:\/\/diarioelpopular.com\/wp-content\/uploads\/2021\/11\/1.5ed323ce02ecadedb-300x200.jpg 300w, https:\/\/diarioelpopular.com\/wp-content\/uploads\/2021\/11\/1.5ed323ce02ecadedb-768x512.jpg 768w, https:\/\/diarioelpopular.com\/wp-content\/uploads\/2021\/11\/1.5ed323ce02ecadedb-110x73.jpg 110w, https:\/\/diarioelpopular.com\/wp-content\/uploads\/2021\/11\/1.5ed323ce02ecadedb.jpg 800w\" sizes=\"auto, (max-width: 636px) 100vw, 636px\" \/><p id=\"caption-attachment-500167\" class=\"wp-caption-text\"><em>El pa\u00eds con m\u00e1s hu\u00e9rfanos por Covid en Am\u00e9rica<\/em><br \/><em>(foto: EPA)<\/em><\/p><\/div>\n<h4><em><strong>&#8211; Estudio del Senado mexicano muestra impacto de pandemia en hogar<\/strong><\/em><\/h4>\n<p><em><strong>CIUDAD DE MEXICO, 08 NOV &#8211;<\/strong> <\/em>M\u00e9xico es el cuarto pa\u00eds con m\u00e1s muertes por Covid-19 en el mundo, pero a nivel de Am\u00e9rica es el m\u00e1s devastado por ni\u00f1os que quedaron en la orfandad, de acuerdo con un estudio del Instituto Belisario Dom\u00ednguez del Senado de la Rep\u00fablica.<br \/>\nAl menos 131 mil 325 ni\u00f1as, ni\u00f1os y adolescentes perdieron en esta naci\u00f3n latinoamericana a su padre, madre o a ambos, y es el primero con menores de edad que perdieron a su cuidador principal, con 141 mil 132 casos, de acuerdo con la investigaci\u00f3n, titulada &#8220;La orfandad ocasionada por la pandemia&#8221;.<br \/>\nEl reporte, elaborado por la investigadora Ang\u00e9lica G\u00f3mez, destac\u00f3 que de los 10 pa\u00edses con m\u00e1s fallecimientos a causa del Covid-19 en el mundo, las ni\u00f1as y ni\u00f1os de M\u00e9xico fueron los m\u00e1s afectados.<br \/>\nElaborado con cifras del Fondo de las Naciones Unidas para la Infancia (Unicef) y de la Organizaci\u00f3n Mundial de la Salud (OMS), el an\u00e1lisis establece que el pa\u00eds con m\u00e1s hu\u00e9rfanos por Covid es la India (241.200), seguido de M\u00e9xico (131.325), Brasil (113.150) y Estados Unidos (104.884).<br \/>\nSin embargo, la proporci\u00f3n es muy relativa porque M\u00e9xico cuenta con 10 veces menos poblaci\u00f3n que La India, que tiene casi la mitad de Brasil y representa cerca de un tercio de la de Estados Unidos.<br \/>\nEn consecuencia, considerando el n\u00famero de menores hu\u00e9rfanos por cada 100 decesos por el virus SARS-CoV-2, M\u00e9xico se coloc\u00f3 en primer lugar a escala mundial con 90 casos, seguido de India, con 87 y Colombia, con 67.<br \/>\nDe hecho, la prestigiosa revista m\u00e9dica brit\u00e1nica The Lancet, public\u00f3 en agosto pasado que, de 21 pa\u00edses medidos en el mundo, se calcula que M\u00e9xico es donde m\u00e1s ni\u00f1os y adolescentes han quedado hu\u00e9rfanos por la Covid.<br \/>\nEse ranking lo lideran Per\u00fa, Sud\u00e1frica, M\u00e9xico, Brasil, Colombia, Ir\u00e1n, Estados Unidos, Argentina y Rusia, con al menos uno de cada 1.000 ni\u00f1os que perdieron a sus &#8220;cuidadores primarios&#8221; por causas asociadas al Covid-19.<br \/>\nLa directora ejecutiva de la Unicef se\u00f1al\u00f3 que &#8220;los ni\u00f1os m\u00e1s vulnerables corren un mayor riesgo de quedarse sin el cuidado de sus padres debido a la muerte, las enfermedades graves o las dificultades econ\u00f3micas&#8221;.<br \/>\n&#8220;Esto, a su vez, aumenta el riesgo de que se les coloque bajo un cuidado alternativo inadecuado&#8221;, afirm\u00f3 la funcionaria.<br \/>\nLa titular de Unicef reconoci\u00f3 que los ni\u00f1os y adolescentes sufren &#8220;diversos da\u00f1os tanto a corto como a largo plazo como consecuencia de la separaci\u00f3n de la familia o incluso, por el cuidado que se da de manera inadecuada&#8221;.<br \/>\nEsto se acent\u00faa cuando por orfandad, la protecci\u00f3n y cuidado de los menores quedan a cargo de diversas instituciones privadas o p\u00fablicas &#8220;con determinadas rutinas que no se adaptan a su desarrollo y necesidades individuales&#8221;.<br \/>\nNaciones como India, Brasil, Estados Unidos, Per\u00fa y Sud\u00e1frica, adoptaron pol\u00edticas y programas para proteger a las ni\u00f1as, ni\u00f1os y adolescentes que quedaron en la orfandad.<br \/>\nM\u00e9xico cre\u00f3 la beca Benito Ju\u00e1rez, que representa un apoyo econ\u00f3mico de 800 pesos mensuales a ni\u00f1as y ni\u00f1os que quedaron hu\u00e9rfanos a causa del Covid-19, aunque a juicio de la autora del estudio, &#8220;este apoyo resulta insuficiente para cubrir las necesidades de las y los infantes&#8221;.<br \/>\nSeg\u00fan la investigaci\u00f3n, la orfandad &#8220;provoca un fuerte impacto en la vida socioecon\u00f3mica de las ni\u00f1as y ni\u00f1os&#8221;, por lo que recomienda realizar campa\u00f1as y adoptar &#8220;pol\u00edticas de prevenci\u00f3n de enfermedades&#8221;.<br \/>\nDe igual modo considera que &#8220;deben medirse los impactos de programas espec\u00edficos&#8221; de asistencia gubernamentales &#8220;para contrarrestar efectos negativos a largo plazo en menores hu\u00e9rfanos&#8221;.<\/p>\n","protected":false},"excerpt":{"rendered":"<p>&#8211; Estudio del Senado mexicano muestra impacto de pandemia en hogar CIUDAD DE MEXICO, 08 NOV &#8211; M\u00e9xico es el cuarto pa\u00eds con m\u00e1s muertes&hellip;<\/p>\n","protected":false},"author":99,"featured_media":500167,"comment_status":"open","ping_status":"open","sticky":false,"template":"","format":"standard","meta":{"footnotes":""},"categories":[23],"tags":[],"class_list":["post-500166","post","type-post","status-publish","format-standard","has-post-thumbnail","hentry","category-latinoamerica"],"_links":{"self":[{"href":"https:\/\/diarioelpopular.com\/index.php\/wp-json\/wp\/v2\/posts\/500166","targetHints":{"allow":["GET"]}}],"collection":[{"href":"https:\/\/diarioelpopular.com\/index.php\/wp-json\/wp\/v2\/posts"}],"about":[{"href":"https:\/\/diarioelpopular.com\/index.php\/wp-json\/wp\/v2\/types\/post"}],"author":[{"embeddable":true,"href":"https:\/\/diarioelpopular.com\/index.php\/wp-json\/wp\/v2\/users\/99"}],"replies":[{"embeddable":true,"href":"https:\/\/diarioelpopular.com\/index.php\/wp-json\/wp\/v2\/comments?post=500166"}],"version-history":[{"count":1,"href":"https:\/\/diarioelpopular.com\/index.php\/wp-json\/wp\/v2\/posts\/500166\/revisions"}],"predecessor-version":[{"id":500168,"href":"https:\/\/diarioelpopular.com\/index.php\/wp-json\/wp\/v2\/posts\/500166\/revisions\/500168"}],"wp:featuredmedia":[{"embeddable":true,"href":"https:\/\/diarioelpopular.com\/index.php\/wp-json\/wp\/v2\/media\/500167"}],"wp:attachment":[{"href":"https:\/\/diarioelpopular.com\/index.php\/wp-json\/wp\/v2\/media?parent=500166"}],"wp:term":[{"taxonomy":"category","embeddable":true,"href":"https:\/\/diarioelpopular.com\/index.php\/wp-json\/wp\/v2\/categories?post=500166"},{"taxonomy":"post_tag","embeddable":true,"href":"https:\/\/diarioelpopular.com\/index.php\/wp-json\/wp\/v2\/tags?post=500166"}],"curies":[{"name":"wp","href":"https:\/\/api.w.org\/{rel}","templated":true}]}}