{"id":500185,"date":"2021-11-09T10:29:37","date_gmt":"2021-11-09T14:29:37","guid":{"rendered":"https:\/\/diarioelpopular.com\/?p=500185"},"modified":"2021-11-09T10:29:37","modified_gmt":"2021-11-09T14:29:37","slug":"camara-de-chile-aprobo-juicio-politico-para-destituir-a-pinera","status":"publish","type":"post","link":"https:\/\/diarioelpopular.com\/index.php\/2021\/11\/09\/camara-de-chile-aprobo-juicio-politico-para-destituir-a-pinera\/","title":{"rendered":"C\u00e1mara de Chile aprob\u00f3 juicio pol\u00edtico para destituir a Pi\u00f1era"},"content":{"rendered":"<div id=\"attachment_500186\" style=\"width: 646px\" class=\"wp-caption alignnone\"><img loading=\"lazy\" decoding=\"async\" aria-describedby=\"caption-attachment-500186\" class=\"size-custom-full-size wp-image-500186\" src=\"https:\/\/diarioelpopular.com\/wp-content\/uploads\/2021\/11\/1.38903225_20211109063933-636x400.jpg\" alt=\"\" width=\"636\" height=\"400\" srcset=\"https:\/\/diarioelpopular.com\/wp-content\/uploads\/2021\/11\/1.38903225_20211109063933-636x400.jpg 636w, https:\/\/diarioelpopular.com\/wp-content\/uploads\/2021\/11\/1.38903225_20211109063933-300x189.jpg 300w, https:\/\/diarioelpopular.com\/wp-content\/uploads\/2021\/11\/1.38903225_20211109063933-768x483.jpg 768w, https:\/\/diarioelpopular.com\/wp-content\/uploads\/2021\/11\/1.38903225_20211109063933-116x73.jpg 116w, https:\/\/diarioelpopular.com\/wp-content\/uploads\/2021\/11\/1.38903225_20211109063933.jpg 800w\" sizes=\"auto, (max-width: 636px) 100vw, 636px\" \/><p id=\"caption-attachment-500186\" class=\"wp-caption-text\"><em>Pi\u00f1era terminar\u00e1 su segundo mandato presidencial en marzo de 2022.<\/em><\/p><\/div>\n<h4 class=\"lead cita\"><em><strong>&#8211; La C\u00e1mara Baja logr\u00f3 los votos que requer\u00edan para que la acusaci\u00f3n que busca la destituci\u00f3n del presidente pase al Senado.<\/strong><\/em><\/h4>\n<div class=\"paragraph\">\n<p><strong><em>SANTIAGO DE CHILE, 09 NOV.-<\/em> <\/strong>La C\u00e1mara de Diputados de Chile aprob\u00f3 este martes, tras un marat\u00f3nico debate, el\u00a0juicio pol\u00edtico para destituir al presidente Sebasti\u00e1n Pi\u00f1era\u00a0por su vinculaci\u00f3n en la pol\u00e9mica venta de la minera Dominga, en una operaci\u00f3n realizada en Islas V\u00edrgenes Brit\u00e1nicas, un para\u00edso fiscal.<\/p>\n<p>Los parlamentarios lograron los 78 votos que se requer\u00edan para que\u00a0la acusaci\u00f3n que busca la destituci\u00f3n del presidente de Chile\u00a0avanzara hacia el Senado.<\/p>\n<p>El abogado de Pi\u00f1era, Jorge G\u00e1lvez, cerr\u00f3 su defensa ante el plenario y enfatiz\u00f3: \u201cLes ruego, honorables diputados y diputadas,\u00a0rechazar esta injusta e improcedente acusaci\u00f3n\u00a0constitucional\u201d.<\/p>\n<p>La aprobaci\u00f3n del juicio pol\u00edtico pasar\u00e1 ahora por la votaci\u00f3n en la C\u00e1mara Alta d\u00edas antes de que Chile celebre elecciones presidenciales el pr\u00f3ximo 21 de noviembre.En el Senado se necesitan dos tercios de los votos.<\/p>\n<p>Dominga, el negocio que caus\u00f3 el debate<\/p>\n<p>Las presuntas irregularidades en\u00a0la venta de la minera Dominga por parte de una empresa de los hijos de Pi\u00f1era\u00a0a un empresario que ser\u00eda amigo \u00edntimo de la familia, tiene en aprietos al mandatario chileno en el cierre de su segundo periodo presidencial.<\/p>\n<p>La transacci\u00f3n, por cerca de\u00a0152 millones de d\u00f3lares,\u00a0se habr\u00eda sellado en Islas V\u00edrgenes nueve meses despu\u00e9s de que Pi\u00f1era asumi\u00f3 la presidencia para su primer mandato (2010-2014).<\/p>\n<p>El presidente desestim\u00f3 la acusaci\u00f3n en su momento porque, a su juicio,\u00a0\u201cno tiene fundamento alguno\u201d. El proceso que se adelanta en el Parlamento se suma a una investigaci\u00f3n penal abierta por la Fiscal\u00eda chilena, a mediados de octubre, por la misma operaci\u00f3n y por la que Pi\u00f1era ya hab\u00eda sido investigado y y sobrese\u00eddo en 2017.<\/p>\n<p>&nbsp;<\/p>\n<\/div>\n","protected":false},"excerpt":{"rendered":"<p>&#8211; La C\u00e1mara Baja logr\u00f3 los votos que requer\u00edan para que la acusaci\u00f3n que busca la destituci\u00f3n del presidente pase al Senado. SANTIAGO DE CHILE,&hellip;<\/p>\n","protected":false},"author":99,"featured_media":500186,"comment_status":"open","ping_status":"open","sticky":false,"template":"","format":"standard","meta":{"footnotes":""},"categories":[23],"tags":[],"class_list":["post-500185","post","type-post","status-publish","format-standard","has-post-thumbnail","hentry","category-latinoamerica"],"_links":{"self":[{"href":"https:\/\/diarioelpopular.com\/index.php\/wp-json\/wp\/v2\/posts\/500185","targetHints":{"allow":["GET"]}}],"collection":[{"href":"https:\/\/diarioelpopular.com\/index.php\/wp-json\/wp\/v2\/posts"}],"about":[{"href":"https:\/\/diarioelpopular.com\/index.php\/wp-json\/wp\/v2\/types\/post"}],"author":[{"embeddable":true,"href":"https:\/\/diarioelpopular.com\/index.php\/wp-json\/wp\/v2\/users\/99"}],"replies":[{"embeddable":true,"href":"https:\/\/diarioelpopular.com\/index.php\/wp-json\/wp\/v2\/comments?post=500185"}],"version-history":[{"count":1,"href":"https:\/\/diarioelpopular.com\/index.php\/wp-json\/wp\/v2\/posts\/500185\/revisions"}],"predecessor-version":[{"id":500187,"href":"https:\/\/diarioelpopular.com\/index.php\/wp-json\/wp\/v2\/posts\/500185\/revisions\/500187"}],"wp:featuredmedia":[{"embeddable":true,"href":"https:\/\/diarioelpopular.com\/index.php\/wp-json\/wp\/v2\/media\/500186"}],"wp:attachment":[{"href":"https:\/\/diarioelpopular.com\/index.php\/wp-json\/wp\/v2\/media?parent=500185"}],"wp:term":[{"taxonomy":"category","embeddable":true,"href":"https:\/\/diarioelpopular.com\/index.php\/wp-json\/wp\/v2\/categories?post=500185"},{"taxonomy":"post_tag","embeddable":true,"href":"https:\/\/diarioelpopular.com\/index.php\/wp-json\/wp\/v2\/tags?post=500185"}],"curies":[{"name":"wp","href":"https:\/\/api.w.org\/{rel}","templated":true}]}}