{"id":500191,"date":"2021-11-10T10:08:04","date_gmt":"2021-11-10T14:08:04","guid":{"rendered":"https:\/\/diarioelpopular.com\/?p=500191"},"modified":"2021-11-10T10:08:04","modified_gmt":"2021-11-10T14:08:04","slug":"health-canada-agrega-una-advertencia-de-trastorno-autoinmune-a-las-vacunas-astrazeneca-j-j-covid-19","status":"publish","type":"post","link":"https:\/\/diarioelpopular.com\/index.php\/2021\/11\/10\/health-canada-agrega-una-advertencia-de-trastorno-autoinmune-a-las-vacunas-astrazeneca-j-j-covid-19\/","title":{"rendered":"Health Canada agrega una advertencia de trastorno autoinmune a las vacunas AstraZeneca, J&#038;J COVID-19"},"content":{"rendered":"<h4><img loading=\"lazy\" decoding=\"async\" class=\"alignnone size-custom-full-size wp-image-500192\" src=\"https:\/\/diarioelpopular.com\/wp-content\/uploads\/2021\/11\/1.CP125333365-1-636x448.jpg\" alt=\"\" width=\"636\" height=\"448\" srcset=\"https:\/\/diarioelpopular.com\/wp-content\/uploads\/2021\/11\/1.CP125333365-1-636x448.jpg 636w, https:\/\/diarioelpopular.com\/wp-content\/uploads\/2021\/11\/1.CP125333365-1-300x211.jpg 300w, https:\/\/diarioelpopular.com\/wp-content\/uploads\/2021\/11\/1.CP125333365-1-768x540.jpg 768w, https:\/\/diarioelpopular.com\/wp-content\/uploads\/2021\/11\/1.CP125333365-1-80x55.jpg 80w, https:\/\/diarioelpopular.com\/wp-content\/uploads\/2021\/11\/1.CP125333365-1-104x73.jpg 104w, https:\/\/diarioelpopular.com\/wp-content\/uploads\/2021\/11\/1.CP125333365-1.jpg 800w\" sizes=\"auto, (max-width: 636px) 100vw, 636px\" \/><\/h4>\n<h4><em><strong>&#8211; Health Canada est\u00e1 actualizando las etiquetas de las vacunas COVID-19 de AstraZeneca y Johnson &amp; Johnson para agregar la trombocitopenia inmune (ITP), una condici\u00f3n autoinmune, como un posible efecto secundario.<\/strong><\/em><\/h4>\n<h4><em><strong>&#8211; Ontario puede necesitar restaurar los l\u00edmites y restricciones de capacidad: jefe de la mesa de ciencias<\/strong><\/em><\/h4>\n<p><em><strong>OTTAWA.-<\/strong><\/em> En un comunicado, la agencia dijo que se han reportado casos muy raros de PTI a nivel internacional despu\u00e9s de recibir las vacunas COVID-19 Vaxzevria (AstraZeneca) y Janssen (J&amp;J).<\/p>\n<p>La PTI es un trastorno que puede causar hematomas y sangrado f\u00e1ciles o excesivos, que resultan de niveles de plaquetas en sangre inusualmente bajos.<\/p>\n<p>Estos casos generalmente ocurren dentro de los 28 d\u00edas posteriores a la vacunaci\u00f3n, dijo la agencia. Se han informado muertes como resultado de la PTI posterior a la vacunaci\u00f3n fuera de Canad\u00e1. Algunos casos ocurrieron en personas que ten\u00edan antecedentes del trastorno.<\/p>\n<p>Tanto las vacunas AstraZeneca como J&amp;J han sido aprobadas para su uso en Canad\u00e1 y se consideran seguras y eficaces.<\/p>\n<p>La agencia aconsej\u00f3 a los canadienses que busquen atenci\u00f3n m\u00e9dica inmediata si se presenta alguno de los siguientes s\u00edntomas despu\u00e9s de recibir las inyecciones de AstraZeneca y J&amp;J:<\/p>\n<p>sangrado inexplicable<br \/>\nhematomas inexplicables<br \/>\npeque\u00f1as manchas viol\u00e1ceas m\u00e1s all\u00e1 del sitio de vacunaci\u00f3n<br \/>\ndificultad para respirar<br \/>\ndolor de pecho<br \/>\ndolor y \/ o hinchaz\u00f3n en las piernas<br \/>\ndolor abdominal persistente.<\/p>\n<p>Health Canada dijo que si una persona tiene antecedentes de un trastorno trombocitop\u00e9nico, como trombocitopenia inmune, se debe considerar el riesgo de desarrollar niveles bajos de plaquetas antes de administrar la vacuna y se recomienda el control de plaquetas despu\u00e9s de la vacunaci\u00f3n.<\/p>\n<p>En la actualizaci\u00f3n de su etiqueta el martes, la agencia dijo que tambi\u00e9n exist\u00eda un riesgo poco com\u00fan de tromboembolismo venoso (TEV), un tipo de co\u00e1gulo de sangre que comienza en la vena, luego de la vacunaci\u00f3n con la vacuna Johnson &amp; Johnson.<\/p>\n<p>M\u00e1s de 224.000 canadienses han recibido dos dosis de la vacuna COVID-19 AstraZeneca Vaxzevria y m\u00e1s de 9.000 han recibido la vacuna J&amp;J de inyecci\u00f3n \u00fanica.<\/p>\n<p>En marzo, Health Canada agreg\u00f3 una advertencia sobre co\u00e1gulos de sangre a la vacuna Oxford-AstraZeneca luego de varios informes despu\u00e9s de la vacunaci\u00f3n.<\/p>\n<p>En junio, la agencia actualiz\u00f3 la etiqueta de las vacunas COVID-19 de Oxford-AstraZeneca y Covishield para agregar tambi\u00e9n el s\u00edndrome de fuga capilar como un posible efecto secundario.<\/p>\n<p>&nbsp;<\/p>\n<h4><em><strong>&#8211; Ontario puede necesitar restaurar los l\u00edmites y restricciones de capacidad: jefe de la mesa de ciencias<\/strong><\/em><\/h4>\n<p>Los habitantes de Ontario no necesitan entrar en p\u00e1nico, pero es necesario un ajuste a las restricciones pand\u00e9micas actuales para frenar un aumento reciente de infecciones, seg\u00fan dice el jefe de la mesa de asesoramiento cient\u00edfico de la provincia.<\/p>\n<p>El Dr. Peter Juni inform\u00f3 que revertir algunas de las decisiones recientes sobre l\u00edmites de capacidad y reconsiderar el comportamiento individual podr\u00eda ser todo lo que se necesita para cambiar la trayectoria y una vez m\u00e1s lograr un recuento de casos estable.<\/p>\n<p>Cuando se trata de reducir los l\u00edmites de capacidad, el Dr. Juni anot\u00f3 que la provincia deber\u00eda estar lista para adaptarse r\u00e1pidamente, pero dice que la implementaci\u00f3n de restricciones se puede dejar a las unidades de salud locales por ahora.<\/p>\n<p>\u201cEsta puede ser una decisi\u00f3n m\u00e1s local dependiendo de d\u00f3nde se encuentre en la provincia\u201d, dijo Juni. &#8220;La provincia debe mantener la mente abierta y debemos estar preparados para tener una discusi\u00f3n dif\u00edcil a nivel provincial&#8221;.<\/p>\n<p>La ministra de Salud, Christine Elliott, admite que son posibles nuevas restricciones en toda la provincia, pero est\u00e1 de acuerdo en que probablemente vendr\u00e1n primero a nivel local, diciendo que la provincia mantendr\u00e1 el rumbo por ahora.<\/p>\n<p>&#8220;Dr. Moore todav\u00eda cree firmemente que el sistema est\u00e1 listo para lidiar con algunos aumentos en los casos a medida que el clima se vuelve m\u00e1s fr\u00edo y hay m\u00e1s personas en el interior \u201d, dijo Elliott.<\/p>\n<p>Los funcionarios de salud en Sudbury anunciaron que volver\u00edan a introducir l\u00edmites de capacidad, requerir\u00edan enmascaramiento en eventos p\u00fablicos organizados y requerir\u00edan prueba de vacunaci\u00f3n para deportes juveniles en medio de un &#8220;n\u00famero r\u00e9cord&#8221; de brotes de virus y un aumento &#8220;alarmante&#8221; que no est\u00e1 vinculado a ning\u00fan configuraci\u00f3n.<\/p>\n<p>Este martes se le pregunt\u00f3 al alcalde John Tory si la ciudad de Toronto tiene planes para reintroducir los l\u00edmites de capacidad, aunque no habl\u00f3 sobre planes espec\u00edficos, dijo que los funcionarios contin\u00faan monitoreando las cifras.<\/p>\n<p>&#8220;A medida que este tipo de cosas cambian y continuamos ajust\u00e1ndonos a trav\u00e9s de grandes eventos deportivos, a trav\u00e9s del aumento de la capacidad que se trajo para los restaurantes, estamos monitoreando constantemente estos n\u00fameros a diario&#8221;, dijo Tory.<\/p>\n","protected":false},"excerpt":{"rendered":"<p>&#8211; Health Canada est\u00e1 actualizando las etiquetas de las vacunas COVID-19 de AstraZeneca y Johnson &amp; Johnson para agregar la trombocitopenia inmune (ITP), una condici\u00f3n&hellip;<\/p>\n","protected":false},"author":99,"featured_media":500192,"comment_status":"open","ping_status":"open","sticky":false,"template":"","format":"standard","meta":{"footnotes":""},"categories":[21,11191],"tags":[],"class_list":["post-500191","post","type-post","status-publish","format-standard","has-post-thumbnail","hentry","category-canada","category-top-news"],"_links":{"self":[{"href":"https:\/\/diarioelpopular.com\/index.php\/wp-json\/wp\/v2\/posts\/500191","targetHints":{"allow":["GET"]}}],"collection":[{"href":"https:\/\/diarioelpopular.com\/index.php\/wp-json\/wp\/v2\/posts"}],"about":[{"href":"https:\/\/diarioelpopular.com\/index.php\/wp-json\/wp\/v2\/types\/post"}],"author":[{"embeddable":true,"href":"https:\/\/diarioelpopular.com\/index.php\/wp-json\/wp\/v2\/users\/99"}],"replies":[{"embeddable":true,"href":"https:\/\/diarioelpopular.com\/index.php\/wp-json\/wp\/v2\/comments?post=500191"}],"version-history":[{"count":1,"href":"https:\/\/diarioelpopular.com\/index.php\/wp-json\/wp\/v2\/posts\/500191\/revisions"}],"predecessor-version":[{"id":500193,"href":"https:\/\/diarioelpopular.com\/index.php\/wp-json\/wp\/v2\/posts\/500191\/revisions\/500193"}],"wp:featuredmedia":[{"embeddable":true,"href":"https:\/\/diarioelpopular.com\/index.php\/wp-json\/wp\/v2\/media\/500192"}],"wp:attachment":[{"href":"https:\/\/diarioelpopular.com\/index.php\/wp-json\/wp\/v2\/media?parent=500191"}],"wp:term":[{"taxonomy":"category","embeddable":true,"href":"https:\/\/diarioelpopular.com\/index.php\/wp-json\/wp\/v2\/categories?post=500191"},{"taxonomy":"post_tag","embeddable":true,"href":"https:\/\/diarioelpopular.com\/index.php\/wp-json\/wp\/v2\/tags?post=500191"}],"curies":[{"name":"wp","href":"https:\/\/api.w.org\/{rel}","templated":true}]}}