{"id":500224,"date":"2021-11-12T11:29:56","date_gmt":"2021-11-12T15:29:56","guid":{"rendered":"https:\/\/diarioelpopular.com\/?p=500224"},"modified":"2021-11-12T11:29:56","modified_gmt":"2021-11-12T15:29:56","slug":"la-vacuna-covid-19-para-ninos-de-5-a-11-anos-podria-ayudar-a-cambiar-el-curso-de-la-pandemia-medico","status":"publish","type":"post","link":"https:\/\/diarioelpopular.com\/index.php\/2021\/11\/12\/la-vacuna-covid-19-para-ninos-de-5-a-11-anos-podria-ayudar-a-cambiar-el-curso-de-la-pandemia-medico\/","title":{"rendered":"La vacuna COVID-19 para ni\u00f1os de 5 a 11 a\u00f1os podr\u00eda ayudar a cambiar el curso de la pandemia: m\u00e9dico"},"content":{"rendered":"<div id=\"attachment_500225\" style=\"width: 646px\" class=\"wp-caption alignnone\"><img loading=\"lazy\" decoding=\"async\" aria-describedby=\"caption-attachment-500225\" class=\"size-custom-full-size wp-image-500225\" src=\"https:\/\/diarioelpopular.com\/wp-content\/uploads\/2021\/11\/1.scaled-1536x1024-636x424.jpg\" alt=\"\" width=\"636\" height=\"424\" srcset=\"https:\/\/diarioelpopular.com\/wp-content\/uploads\/2021\/11\/1.scaled-1536x1024-636x424.jpg 636w, https:\/\/diarioelpopular.com\/wp-content\/uploads\/2021\/11\/1.scaled-1536x1024-300x200.jpg 300w, https:\/\/diarioelpopular.com\/wp-content\/uploads\/2021\/11\/1.scaled-1536x1024-768x512.jpg 768w, https:\/\/diarioelpopular.com\/wp-content\/uploads\/2021\/11\/1.scaled-1536x1024-110x73.jpg 110w, https:\/\/diarioelpopular.com\/wp-content\/uploads\/2021\/11\/1.scaled-1536x1024.jpg 800w\" sizes=\"auto, (max-width: 636px) 100vw, 636px\" \/><p id=\"caption-attachment-500225\" class=\"wp-caption-text\">CREATOR: gd-jpeg v1.0 (using IJG JPEG v62), quality = 82<\/p><\/div>\n<h4><em><strong>&#8211; Mientras muchos padres esperan ansiosos los resultados de la revisi\u00f3n de Health Canada de la vacuna COVID-19 de Pfizer para ni\u00f1os de cinco a 11 a\u00f1os, un pediatra dice que la aprobaci\u00f3n de la vacuna ser\u00eda una pieza clave para ayudarnos a salir de esta pandemia en curso.<\/strong><\/em><\/h4>\n<p>&nbsp;<\/p>\n<p><span style=\"font-weight: 400;\">TORONTO.- Se espera una decisi\u00f3n en las pr\u00f3ximas semanas, aunque no se ha proporcionado un cronograma oficial.<\/span><\/p>\n<p><span style=\"font-weight: 400;\">El Dr. Ran Goldman, profesor de pediatr\u00eda de la UBC, dice que es importante que vacunemos a los ni\u00f1os para lograr la inmunidad colectiva.<\/span><\/p>\n<p><span style=\"font-weight: 400;\">&#8220;Estoy muy emocionado de que pronto veremos una vacuna para ni\u00f1os de cinco a 11 a\u00f1os&#8221;, dijo esta semana, y se\u00f1al\u00f3 que los ni\u00f1os representan entre el 15 y el 20 por ciento de todos los casos de COVID-19 en Canad\u00e1. .<\/span><\/p>\n<p><span style=\"font-weight: 400;\">\u201cPara llegar a la inmunidad colectiva, este fen\u00f3meno en el que una gran proporci\u00f3n de la poblaci\u00f3n est\u00e1 vacunada, no se puede ignorar al 25 por ciento de la poblaci\u00f3n, que son ni\u00f1os\u201d.<\/span><\/p>\n<p><span style=\"font-weight: 400;\">Explica que si bien los ni\u00f1os no suelen enfermarse tanto como los adultos cuando se infectan con el coronavirus, pueden surgir algunas complicaciones.<\/span><\/p>\n<p><span style=\"font-weight: 400;\">\u201cTener un hijo en el hospital o en la unidad de cuidados intensivos es terrible para el ni\u00f1o y su familia y, aunque es poco com\u00fan, vemos complicaciones de COVID\u201d, dijo Goldman.<\/span><\/p>\n<p><span style=\"font-weight: 400;\">\u201cEn primer lugar, pueden tener una enfermedad m\u00e1s grave y necesitar\u00e1n ir al hospital. Otros tendr\u00e1n una complicaci\u00f3n muy rara llamada MIS-C, una inflamaci\u00f3n severa que puede ocurrir unas semanas despu\u00e9s del COVID \u201d.<\/span><\/p>\n<p><span style=\"font-weight: 400;\">Contin\u00faa diciendo que la investigaci\u00f3n muestra que hasta el 10 por ciento de los ni\u00f1os pueden tener un COVID prolongado, con s\u00edntomas prolongados mucho despu\u00e9s de la infecci\u00f3n.<\/span><\/p>\n<p><span style=\"font-weight: 400;\">Vacunar a los ni\u00f1os no se trata solo de protegerlos, sino tambi\u00e9n de quienes los rodean.<\/span><\/p>\n<p><span style=\"font-weight: 400;\">\u201cSus padres, sus abuelos, quiz\u00e1s beb\u00e9s peque\u00f1os que est\u00e1n en casa y que se sabe que tienen un alto riesgo de contraer enfermedades graves con COVID. As\u00ed que todas son buenas razones para vacunar a los ni\u00f1os \u201d, agreg\u00f3.<\/span><\/p>\n<p><span style=\"font-weight: 400;\">Health Canada dice que todav\u00eda est\u00e1 revisando la solicitud de Pfizer. Estados Unidos ya ha comenzado a vacunar a ni\u00f1os desde los cinco a\u00f1os, y la agencia de salud al sur de la frontera dio luz verde a la vacuna la semana pasada.<\/span><\/p>\n<p><span style=\"font-weight: 400;\">Actualmente, m\u00e1s del 85 por ciento de la poblaci\u00f3n canadiense elegible, de 12 a\u00f1os o m\u00e1s, est\u00e1 completamente vacunada.<\/span><\/p>\n<p><span style=\"font-weight: 400;\">Goldman dice que la Administraci\u00f3n de Drogas y Alimentos de EE. UU. Solicit\u00f3 que m\u00e1s ni\u00f1os formen parte de los estudios para garantizar que las complicaciones, como la miocarditis, no sean cr\u00f3nicas, y agreg\u00f3 que la FDA revis\u00f3 los datos posteriores y aprob\u00f3 la vacuna debido a lo poco com\u00fan que determinaron que estas complicaciones eran. .<\/span><\/p>\n<p><span style=\"font-weight: 400;\">Si bien los riesgos de desarrollar complicaciones graves son bastante raros en los ni\u00f1os, se\u00f1ala que no es una situaci\u00f3n en la que nadie quiera arriesgarse.<\/span><\/p>\n<p><span style=\"font-weight: 400;\">E incluso con algunos padres preocupados expresando su preocupaci\u00f3n por los posibles efectos adversos de las vacunas, Goldman explica que hay poca evidencia de la vida real que demuestre que las vacunas no son seguras.<\/span><\/p>\n<p><span style=\"font-weight: 400;\">\u201cEsas inquietudes que tienen los padres, me preguntan al respecto. &#8216;\u00bfQu\u00e9 pasa con esas complicaciones card\u00edacas?&#8217; Bueno, leer la literatura, y yo soy un tipo de persona basada en la evidencia, y leer las publicaciones de diferentes pa\u00edses que vacunaron a miles y cientos de miles de ni\u00f1os muestran que esas complicaciones card\u00edacas, llamadas miocarditis , son extremadamente raros \u201d, dijo.<\/span><\/p>\n<p><span style=\"font-weight: 400;\">Los expertos han enfatizado anteriormente la importancia de combatir la informaci\u00f3n err\u00f3nea y al mismo tiempo abordar la preocupaci\u00f3n de los padres para tener un despliegue exitoso de las vacunas.<\/span><\/p>\n<p><span style=\"font-weight: 400;\">Se insta a todos a obtener su informaci\u00f3n de fuentes confiables.<\/span><\/p>\n<p><span style=\"font-weight: 400;\">Si bien a\u00fan se est\u00e1 revisando la vacuna de Pfizer, Canad\u00e1 ya ha asegurado 2,9 millones de dosis de la vacuna pedi\u00e1trica. Esas dosis se enviar\u00e1n una vez aprobadas, con la esperanza de un lanzamiento r\u00e1pido.<\/span><\/p>\n<p><span style=\"font-weight: 400;\">&#8220;Quiero que la gente sea paciente porque Health Canada se tomar\u00e1 el tiempo necesario para garantizar que, como todas las vacunas aprobadas para su uso en Canad\u00e1, las vacunas aprobadas para ni\u00f1os de cinco a 11 a\u00f1os sean completamente seguras y efectivas&#8221;, dijo el primer ministro Justin Trudeau. en octubre.<\/span><\/p>\n<p><span style=\"font-weight: 400;\">\u201cEs extremadamente importante que pasen por todos los procesos necesarios para que todos los padres puedan tener confianza cuando se aprueben estas vacunas, que ser\u00e1n seguras para sus hijos, para mantenernos a todos seguros, para mantenerlos a salvo, para mantener nuestras comunidades y escuelas est\u00e1n seguras a medida que avanzamos \u201d, agreg\u00f3.<\/span><\/p>\n<p><span style=\"font-weight: 400;\">Las inyecciones pedi\u00e1tricas son aproximadamente un tercio del tama\u00f1o de las dosis administradas a personas de 12 a\u00f1os en adelante. Los funcionarios han asegurado que las jeringas espec\u00edficas necesarias para administrar estas inyecciones est\u00e1n disponibles aqu\u00ed.<\/span><\/p>\n<p><span style=\"font-weight: 400;\">Los padres en B.C. ya pueden registrar a sus hijos para la vacuna.<\/span><\/p>\n","protected":false},"excerpt":{"rendered":"<p>&#8211; Mientras muchos padres esperan ansiosos los resultados de la revisi\u00f3n de Health Canada de la vacuna COVID-19 de Pfizer para ni\u00f1os de cinco a&hellip;<\/p>\n","protected":false},"author":99,"featured_media":500225,"comment_status":"open","ping_status":"open","sticky":false,"template":"","format":"standard","meta":{"footnotes":""},"categories":[21,11191],"tags":[],"class_list":["post-500224","post","type-post","status-publish","format-standard","has-post-thumbnail","hentry","category-canada","category-top-news"],"_links":{"self":[{"href":"https:\/\/diarioelpopular.com\/index.php\/wp-json\/wp\/v2\/posts\/500224","targetHints":{"allow":["GET"]}}],"collection":[{"href":"https:\/\/diarioelpopular.com\/index.php\/wp-json\/wp\/v2\/posts"}],"about":[{"href":"https:\/\/diarioelpopular.com\/index.php\/wp-json\/wp\/v2\/types\/post"}],"author":[{"embeddable":true,"href":"https:\/\/diarioelpopular.com\/index.php\/wp-json\/wp\/v2\/users\/99"}],"replies":[{"embeddable":true,"href":"https:\/\/diarioelpopular.com\/index.php\/wp-json\/wp\/v2\/comments?post=500224"}],"version-history":[{"count":1,"href":"https:\/\/diarioelpopular.com\/index.php\/wp-json\/wp\/v2\/posts\/500224\/revisions"}],"predecessor-version":[{"id":500226,"href":"https:\/\/diarioelpopular.com\/index.php\/wp-json\/wp\/v2\/posts\/500224\/revisions\/500226"}],"wp:featuredmedia":[{"embeddable":true,"href":"https:\/\/diarioelpopular.com\/index.php\/wp-json\/wp\/v2\/media\/500225"}],"wp:attachment":[{"href":"https:\/\/diarioelpopular.com\/index.php\/wp-json\/wp\/v2\/media?parent=500224"}],"wp:term":[{"taxonomy":"category","embeddable":true,"href":"https:\/\/diarioelpopular.com\/index.php\/wp-json\/wp\/v2\/categories?post=500224"},{"taxonomy":"post_tag","embeddable":true,"href":"https:\/\/diarioelpopular.com\/index.php\/wp-json\/wp\/v2\/tags?post=500224"}],"curies":[{"name":"wp","href":"https:\/\/api.w.org\/{rel}","templated":true}]}}