{"id":500237,"date":"2021-11-14T12:01:31","date_gmt":"2021-11-14T16:01:31","guid":{"rendered":"https:\/\/diarioelpopular.com\/?p=500237"},"modified":"2021-11-14T12:01:31","modified_gmt":"2021-11-14T16:01:31","slug":"cae-la-aprobacion-al-presidente-castillo","status":"publish","type":"post","link":"https:\/\/diarioelpopular.com\/index.php\/2021\/11\/14\/cae-la-aprobacion-al-presidente-castillo\/","title":{"rendered":"Cae la aprobaci\u00f3n al presidente  Castillo"},"content":{"rendered":"<div id=\"attachment_500238\" style=\"width: 646px\" class=\"wp-caption alignnone\"><img loading=\"lazy\" decoding=\"async\" aria-describedby=\"caption-attachment-500238\" class=\"size-custom-full-size wp-image-500238\" src=\"https:\/\/diarioelpopular.com\/wp-content\/uploads\/2021\/11\/1.1a97a878fdbfcd4-636x424.jpg\" alt=\"\" width=\"636\" height=\"424\" srcset=\"https:\/\/diarioelpopular.com\/wp-content\/uploads\/2021\/11\/1.1a97a878fdbfcd4-636x424.jpg 636w, https:\/\/diarioelpopular.com\/wp-content\/uploads\/2021\/11\/1.1a97a878fdbfcd4-300x200.jpg 300w, https:\/\/diarioelpopular.com\/wp-content\/uploads\/2021\/11\/1.1a97a878fdbfcd4-768x512.jpg 768w, https:\/\/diarioelpopular.com\/wp-content\/uploads\/2021\/11\/1.1a97a878fdbfcd4-110x73.jpg 110w, https:\/\/diarioelpopular.com\/wp-content\/uploads\/2021\/11\/1.1a97a878fdbfcd4.jpg 800w\" sizes=\"auto, (max-width: 636px) 100vw, 636px\" \/><p id=\"caption-attachment-500238\" class=\"wp-caption-text\"><em>Pedro Castillo, presidente de Per\u00fa<\/em><\/p><\/div>\n<p><em><strong>LIMA 14 NOV &#8211;<\/strong><\/em> La aprobaci\u00f3n a la gesti\u00f3n del presidente de Per\u00fa, Pedro Castillo (izquierda), est\u00e1 en su punto m\u00e1s bajo desde que comenz\u00f3 su gobierno, de acuerdo con la \u00faltima encuesta nacional pues disminuy\u00f3 siete puntos porcentuales en el \u00faltimo mes para instalarse en el 35%.<br \/>\nAs\u00ed lo determin\u00f3 una encuesta urbana-rural del peri\u00f3dico El Comercio y la consultora Ipsos.<br \/>\nEl rechazo a la gesti\u00f3n de Castillo es mayor en Lima (69%) frente a las regiones del pa\u00eds, donde es de 50%. En este \u00faltimo caso, se trata de un aumento de 11 puntos de desaprobaci\u00f3n frente a la encuesta de octubre.<\/p>\n","protected":false},"excerpt":{"rendered":"<p>LIMA 14 NOV &#8211; La aprobaci\u00f3n a la gesti\u00f3n del presidente de Per\u00fa, Pedro Castillo (izquierda), est\u00e1 en su punto m\u00e1s bajo desde que comenz\u00f3&hellip;<\/p>\n","protected":false},"author":99,"featured_media":500238,"comment_status":"open","ping_status":"open","sticky":false,"template":"","format":"standard","meta":{"footnotes":""},"categories":[23],"tags":[],"class_list":["post-500237","post","type-post","status-publish","format-standard","has-post-thumbnail","hentry","category-latinoamerica"],"_links":{"self":[{"href":"https:\/\/diarioelpopular.com\/index.php\/wp-json\/wp\/v2\/posts\/500237","targetHints":{"allow":["GET"]}}],"collection":[{"href":"https:\/\/diarioelpopular.com\/index.php\/wp-json\/wp\/v2\/posts"}],"about":[{"href":"https:\/\/diarioelpopular.com\/index.php\/wp-json\/wp\/v2\/types\/post"}],"author":[{"embeddable":true,"href":"https:\/\/diarioelpopular.com\/index.php\/wp-json\/wp\/v2\/users\/99"}],"replies":[{"embeddable":true,"href":"https:\/\/diarioelpopular.com\/index.php\/wp-json\/wp\/v2\/comments?post=500237"}],"version-history":[{"count":1,"href":"https:\/\/diarioelpopular.com\/index.php\/wp-json\/wp\/v2\/posts\/500237\/revisions"}],"predecessor-version":[{"id":500239,"href":"https:\/\/diarioelpopular.com\/index.php\/wp-json\/wp\/v2\/posts\/500237\/revisions\/500239"}],"wp:featuredmedia":[{"embeddable":true,"href":"https:\/\/diarioelpopular.com\/index.php\/wp-json\/wp\/v2\/media\/500238"}],"wp:attachment":[{"href":"https:\/\/diarioelpopular.com\/index.php\/wp-json\/wp\/v2\/media?parent=500237"}],"wp:term":[{"taxonomy":"category","embeddable":true,"href":"https:\/\/diarioelpopular.com\/index.php\/wp-json\/wp\/v2\/categories?post=500237"},{"taxonomy":"post_tag","embeddable":true,"href":"https:\/\/diarioelpopular.com\/index.php\/wp-json\/wp\/v2\/tags?post=500237"}],"curies":[{"name":"wp","href":"https:\/\/api.w.org\/{rel}","templated":true}]}}