{"id":500240,"date":"2021-11-14T12:08:58","date_gmt":"2021-11-14T16:08:58","guid":{"rendered":"https:\/\/diarioelpopular.com\/?p=500240"},"modified":"2021-11-14T12:08:58","modified_gmt":"2021-11-14T16:08:58","slug":"nuevo-motin-en-carcel-de-ecuador-deja-68-muertos-y-25-heridos","status":"publish","type":"post","link":"https:\/\/diarioelpopular.com\/index.php\/2021\/11\/14\/nuevo-motin-en-carcel-de-ecuador-deja-68-muertos-y-25-heridos\/","title":{"rendered":"Nuevo mot\u00edn en c\u00e1rcel de Ecuador deja 68 muertos y 25 heridos"},"content":{"rendered":"<div id=\"attachment_500241\" style=\"width: 646px\" class=\"wp-caption alignnone\"><img loading=\"lazy\" decoding=\"async\" aria-describedby=\"caption-attachment-500241\" class=\"size-custom-full-size wp-image-500241\" src=\"https:\/\/diarioelpopular.com\/wp-content\/uploads\/2021\/11\/1._20211113152619-636x400.jpg\" alt=\"\" width=\"636\" height=\"400\" srcset=\"https:\/\/diarioelpopular.com\/wp-content\/uploads\/2021\/11\/1._20211113152619-636x400.jpg 636w, https:\/\/diarioelpopular.com\/wp-content\/uploads\/2021\/11\/1._20211113152619-300x189.jpg 300w, https:\/\/diarioelpopular.com\/wp-content\/uploads\/2021\/11\/1._20211113152619-768x483.jpg 768w, https:\/\/diarioelpopular.com\/wp-content\/uploads\/2021\/11\/1._20211113152619-116x73.jpg 116w, https:\/\/diarioelpopular.com\/wp-content\/uploads\/2021\/11\/1._20211113152619.jpg 800w\" sizes=\"auto, (max-width: 636px) 100vw, 636px\" \/><p id=\"caption-attachment-500241\" class=\"wp-caption-text\"><em>En el mot\u00edn registrado en la Penitenciar\u00eda del Litoral otras 25 personas resultaron heridas. FOTO EFE<\/em><\/p><\/div>\n<p>La Fiscal\u00eda General de Ecuador anunci\u00f3 que son<b>\u00a068 los presos muertos en un nuevo mot\u00edn\u00a0<\/b>al interior de la c\u00e1rcel del Litoral de Guayaquil, la misma en la que se registr\u00f3 la peor masacre carcelaria del pa\u00eds el pasado mes de septiembre.<\/p>\n<p>&#8220;Seg\u00fan informaci\u00f3n preliminar, alrededor de 68 privados de libertad fueron asesinados y otros<b>\u00a025 est\u00e1n heridos<\/b>&#8220;, escribi\u00f3 la Fiscal\u00eda en su cuenta de Twitter.<\/p>\n<p>La Fiscal\u00eda a\u00f1adi\u00f3 que &#8220;activ\u00f3 personal misional de la Unidad de Flagrancia, que al momento levanta indicios y evidencias al interior del centro carcelario&#8221;.<\/p>\n<p>El organismo indic\u00f3 que\u00a0<b>abri\u00f3 una investigaci\u00f3n por &#8220;los hechos violentos<\/b>\u00a0y asesinatos registrados la noche del viernes y madrugada de este s\u00e1bado al interior de la Penitenciar\u00eda del Litoral, en Guayaquil&#8221;.<\/p>\n<p>Pablo Arosemena, gobernador de la provincia de Guayas, cuya capital es Guayaquil, explic\u00f3 que los enfrentamientos comenzaron cuando<b>\u00a0un grupo de reos busc\u00f3 acorralar a los recluidos en el pabell\u00f3n 2.<\/b><\/p>\n<p>Ese pabell\u00f3n se qued\u00f3 sin su cabecilla luego de que la Justicia lo dejara en libertad al haber cumplido el 60% de su condena.<\/p>\n<p>&#8220;Al estar ese pabell\u00f3n sin cabecilla, otros pabellones, con otras bandas, pretend\u00edan doblegarlos, entrar a hacer una masacre total&#8221;, se\u00f1al\u00f3 Arosemena en una rueda de prensa al detallar que<b>\u00a0en el pabell\u00f3n 2 est\u00e1n recluidas 700 personas<\/b>, aproximadamente.<\/p>\n<p>El gobernador provincial asegur\u00f3 que en la noche del viernes se desplaz\u00f3 con otros funcionarios hasta la penitenciar\u00eda y constataron &#8220;<b>cruce de balas muy intensos<\/b>, y muy cercanos a la puerta de ingreso a la penitenciar\u00eda, detonaciones, una situaci\u00f3n de salvajismo&#8221;.<\/p>\n<p>La Polic\u00eda us\u00f3 gases lacrim\u00f3genos para disuadir la situaci\u00f3n, sostuvo Arosemena al hacer \u00e9nfasis en que los reos que intentaban entrar al pabell\u00f3n 2 no solo disparaban &#8220;y hac\u00edan detonaciones, sino que\u00a0<b>estaban tratando de hacer un hueco en la pared<\/b>&#8221; para ingresar.<\/p>\n<p>&#8220;Al mismo tiempo quemaban colchones, generando humo t\u00f3xico&#8221;, afirm\u00f3 el gobernador de Guayas.<\/p>\n<p>De acuerdo con Arosemena, el ingreso de la Polic\u00eda Nacional al pabell\u00f3n en la madrugada &#8220;permiti\u00f3 salvar vidas&#8221;.<\/p>\n<p>El sistema penitenciario del pa\u00eds se encuentra bajo estado de excepci\u00f3n desde el 29 de septiembre tras\u00a0<b>la peor masacre carcelaria en el pa\u00eds, ocurrida en este mismo centro penitenciario, donde 118 presos fueron asesinados,<\/b>\u00a0varios de ellos desmembrados, en medio de una reyerta entre bandas relacionadas con el narcotr\u00e1fico, seg\u00fan presumen las autoridades.<\/p>\n","protected":false},"excerpt":{"rendered":"<p>La Fiscal\u00eda General de Ecuador anunci\u00f3 que son\u00a068 los presos muertos en un nuevo mot\u00edn\u00a0al interior de la c\u00e1rcel del Litoral de Guayaquil, la misma&hellip;<\/p>\n","protected":false},"author":99,"featured_media":500241,"comment_status":"open","ping_status":"open","sticky":false,"template":"","format":"standard","meta":{"footnotes":""},"categories":[23],"tags":[],"class_list":["post-500240","post","type-post","status-publish","format-standard","has-post-thumbnail","hentry","category-latinoamerica"],"_links":{"self":[{"href":"https:\/\/diarioelpopular.com\/index.php\/wp-json\/wp\/v2\/posts\/500240","targetHints":{"allow":["GET"]}}],"collection":[{"href":"https:\/\/diarioelpopular.com\/index.php\/wp-json\/wp\/v2\/posts"}],"about":[{"href":"https:\/\/diarioelpopular.com\/index.php\/wp-json\/wp\/v2\/types\/post"}],"author":[{"embeddable":true,"href":"https:\/\/diarioelpopular.com\/index.php\/wp-json\/wp\/v2\/users\/99"}],"replies":[{"embeddable":true,"href":"https:\/\/diarioelpopular.com\/index.php\/wp-json\/wp\/v2\/comments?post=500240"}],"version-history":[{"count":1,"href":"https:\/\/diarioelpopular.com\/index.php\/wp-json\/wp\/v2\/posts\/500240\/revisions"}],"predecessor-version":[{"id":500242,"href":"https:\/\/diarioelpopular.com\/index.php\/wp-json\/wp\/v2\/posts\/500240\/revisions\/500242"}],"wp:featuredmedia":[{"embeddable":true,"href":"https:\/\/diarioelpopular.com\/index.php\/wp-json\/wp\/v2\/media\/500241"}],"wp:attachment":[{"href":"https:\/\/diarioelpopular.com\/index.php\/wp-json\/wp\/v2\/media?parent=500240"}],"wp:term":[{"taxonomy":"category","embeddable":true,"href":"https:\/\/diarioelpopular.com\/index.php\/wp-json\/wp\/v2\/categories?post=500240"},{"taxonomy":"post_tag","embeddable":true,"href":"https:\/\/diarioelpopular.com\/index.php\/wp-json\/wp\/v2\/tags?post=500240"}],"curies":[{"name":"wp","href":"https:\/\/api.w.org\/{rel}","templated":true}]}}