{"id":500243,"date":"2021-11-15T10:52:56","date_gmt":"2021-11-15T14:52:56","guid":{"rendered":"https:\/\/diarioelpopular.com\/?p=500243"},"modified":"2021-11-15T10:52:56","modified_gmt":"2021-11-15T14:52:56","slug":"personal-de-atencion-a-largo-plazo-de-ontario-debe-tener-la-primera-vacuna-para-asistir-al-trabajo-este-lunes","status":"publish","type":"post","link":"https:\/\/diarioelpopular.com\/index.php\/2021\/11\/15\/personal-de-atencion-a-largo-plazo-de-ontario-debe-tener-la-primera-vacuna-para-asistir-al-trabajo-este-lunes\/","title":{"rendered":"Personal de atenci\u00f3n a largo plazo de Ontario debe tener la primera vacuna para asistir al trabajo este lunes"},"content":{"rendered":"<p><img loading=\"lazy\" decoding=\"async\" class=\"size-custom-full-size wp-image-500244\" src=\"https:\/\/diarioelpopular.com\/wp-content\/uploads\/2021\/11\/1.FNG51164804-636x443.jpg\" alt=\"\" width=\"636\" height=\"443\" srcset=\"https:\/\/diarioelpopular.com\/wp-content\/uploads\/2021\/11\/1.FNG51164804-636x443.jpg 636w, https:\/\/diarioelpopular.com\/wp-content\/uploads\/2021\/11\/1.FNG51164804-300x209.jpg 300w, https:\/\/diarioelpopular.com\/wp-content\/uploads\/2021\/11\/1.FNG51164804-768x535.jpg 768w, https:\/\/diarioelpopular.com\/wp-content\/uploads\/2021\/11\/1.FNG51164804-80x55.jpg 80w, https:\/\/diarioelpopular.com\/wp-content\/uploads\/2021\/11\/1.FNG51164804-105x73.jpg 105w, https:\/\/diarioelpopular.com\/wp-content\/uploads\/2021\/11\/1.FNG51164804.jpg 800w\" sizes=\"auto, (max-width: 636px) 100vw, 636px\" \/><\/p>\n<h4><em><strong>&#8211; El personal de atenci\u00f3n a largo plazo de Ontario debe haber recibido su primera dosis de vacuna COVID-19 para ir a trabajar hoy lunes 15.<\/strong><\/em><\/h4>\n<h4><em><strong>&#8211; Los 100 d\u00edas ya se est\u00e1n cumpliendo con las promesas de los liberales de presentar una gran cantidad de proyectos de ley<\/strong><\/em><\/h4>\n<p>&nbsp;<\/p>\n<p><em><strong>TORONTO.-<\/strong> <\/em>El personal que no presente prueba de una primera dosis debe, en cambio, mostrar una exenci\u00f3n m\u00e9dica para poder ingresar a un hogar de cuidados a largo plazo para trabajar.<\/p>\n<p>Este lunes se ha establecido como fecha l\u00edmite para que los trabajadores est\u00e9n completamente vacunados contra el virus, pero el Ministerio de Cuidados a Largo Plazo ha pospuesto esa fecha hasta el 13 de diciembre. Vanessa De Matteis dijo que la extensi\u00f3n se ofreci\u00f3 para acomodar un cambio en el intervalo recomendado entre dosis. del comit\u00e9 federal de inmunizaci\u00f3n.<\/p>\n<p>Dijo que el cambio se realiz\u00f3 para dar cabida a la nueva orientaci\u00f3n sobre los intervalos de dosis de vacunas del Comit\u00e9 Asesor Nacional de Inmunizaci\u00f3n (NACI).<\/p>\n<p>Los datos del gobierno del viernes por la ma\u00f1ana mostraron que el 98 por ciento de los trabajadores de cuidados a largo plazo hab\u00edan recibido al menos una dosis de la vacuna COVID-19.<\/p>\n<p>El ministro de atenci\u00f3n a largo plazo, Rod Phillips, anunci\u00f3 el mandato de todo el sector el mes pasado, diciendo que se necesitaban m\u00e1s acciones para proteger a los residentes vulnerables del COVID-19, junto con otras medidas que incluyen pruebas aleatorias del personal vacunado y los visitantes para ayudar a detectar posibles casos de avance m\u00e1s r\u00e1pidamente. .<\/p>\n<p>La viceministra adjunta de cuidados a largo plazo, Erin Hannah, inform\u00f3 a los titulares de licencias sobre el cambio en los plazos de vacunaci\u00f3n en un memorando del 4 de noviembre.<\/p>\n<p>Los hogares de cuidados a largo plazo se vieron muy afectados durante la primera y segunda oleadas de COVID-19, pero han logrado evitar brotes importantes durante la tercera y cuarta oleadas del virus debido a las altas tasas de vacunaci\u00f3n entre los residentes.<\/p>\n<p>&nbsp;<\/p>\n<h4><em><strong>&#8211; Los 100 d\u00edas ya se est\u00e1n cumpliendo con las promesas de los liberales de presentar una gran cantidad de proyectos de ley<\/strong><\/em><\/h4>\n<p>Despu\u00e9s de haber tenido un comienzo posiblemente lento desde que gan\u00f3 la reelecci\u00f3n el 20 de septiembre, el gobierno liberal de Justin Trudeau parece listo para entrar en hiperimpulso con la reanudaci\u00f3n del Parlamento la pr\u00f3xima semana.<\/p>\n<p>Los liberales prometieron m\u00e1s de una docena de iniciativas en su plataforma electoral, incluida la introducci\u00f3n o reintroducci\u00f3n de al menos ocho proyectos de ley, dentro de los primeros 100 d\u00edas de un nuevo mandato.<\/p>\n<p>Ese reloj de 100 d\u00edas comenz\u00f3 a correr el 26 de octubre, tan pronto como el nuevo gabinete del primer ministro asumi\u00f3 el cargo.<\/p>\n<p>El gobierno habr\u00e1 perdido casi 30 d\u00edas cuando se abra la nueva sesi\u00f3n del Parlamento el lunes.<\/p>\n<p>Y solo tendr\u00e1 24 d\u00edas de sesi\u00f3n para hacer las cosas en la C\u00e1mara de los Comunes antes de que acabe el tiempo del 3 de febrero, con los primeros dos d\u00edas esencialmente perdidos, ya que deben dedicarse a elegir un presidente y pronunciar un discurso en el trono. .<\/p>\n<p>Los Comunes est\u00e1n programados para permanecer sentados solo cuatro semanas antes del descanso para la temporada navide\u00f1a el 17 de diciembre, y los parlamentarios no regresar\u00e1n hasta el 31 de enero.<\/p>\n<p>Si los liberales tienen la intenci\u00f3n de mantener sus promesas durante los primeros 100 d\u00edas, e insisten en que lo hacen, eso significa una agenda legislativa abarrotada para las pocas semanas que la C\u00e1mara estar\u00e1 reunida antes del nuevo a\u00f1o.<\/p>\n<p>&#8220;Tenemos una agenda muy agresiva que abordar en las pr\u00f3ximas semanas y eso es en lo que estamos enfocados&#8221;, dijo el l\u00edder de la C\u00e1mara de gobierno, Mark Holland, la semana pasada despu\u00e9s de la primera reuni\u00f3n del caucus de los liberales despu\u00e9s de las elecciones.<\/p>\n<p>Adem\u00e1s de los ocho proyectos de ley prometidos por la plataforma que se presentar\u00e1n antes del 3 de febrero, el gobierno tambi\u00e9n est\u00e1 preparando una legislaci\u00f3n para abordar dos problemas relacionados con la pandemia que no se mencionaron espec\u00edficamente en la plataforma.<\/p>\n<p>El primero implementar\u00eda el anuncio del mes pasado sobre beneficios de ayuda de emergencia m\u00e1s espec\u00edficos para las personas y los sectores m\u00e1s afectados por la pandemia de COVID-19.<\/p>\n<p>Holland indic\u00f3 que se le dar\u00e1 la m\u00e1xima prioridad a aprobar ese proyecto de ley lo m\u00e1s r\u00e1pido posible.<\/p>\n<p>Holland tambi\u00e9n se\u00f1al\u00f3 que se dar\u00e1 prioridad a la aprobaci\u00f3n de un proyecto de ley para imponer sanciones penales a cualquiera que bloquee el acceso a cl\u00ednicas de vacunas, hospitales, centros de pruebas y cl\u00ednicas de aborto. Tambi\u00e9n apuntar\u00eda a cualquier persona que intimide o acose a los trabajadores de la salud, manteniendo una promesa hecha por Trudeau mientras las protestas contra las vacunas aumentaron durante la campa\u00f1a.<\/p>\n<p>&#8220;En este momento queremos asegurarnos &#8230; de que no veamos lo que sucedi\u00f3 antes cuando los profesionales de la salud que est\u00e1n tratando de estar en la primera l\u00ednea de esta batalla est\u00e9n lidiando con los manifestantes y siendo amenazados por eso&#8221;, dijo Holland.<\/p>\n<p>En privado, los funcionarios del gobierno tienen la esperanza de que los partidos de la oposici\u00f3n reconozcan la urgencia de aprobar r\u00e1pidamente esos dos proyectos de ley, como lo han hecho en el pasado con otras leyes relacionadas con la pandemia.<\/p>\n<p>Debido a que solo ocupan una minor\u00eda de esca\u00f1os en los Comunes, los liberales necesitar\u00e1n el apoyo de al menos un partido de la oposici\u00f3n para aprobar leyes o limitar el debate y forzar la votaci\u00f3n de un proyecto de ley.<\/p>\n<p>En una C\u00e1mara minoritaria, un partido de oposici\u00f3n puede prolongar el debate durante semanas simplemente colocando m\u00e1s oradores y agotando el tiempo. Tambi\u00e9n puede obstaculizar la agenda del gobierno mediante el despliegue de t\u00e1cticas dilatorias de procedimiento.<\/p>\n<p>Los conservadores hicieron habitualmente ambas cosas en el \u00faltimo Parlamento, que tambi\u00e9n era una minor\u00eda liberal, en asuntos no relacionados con la pandemia.<\/p>\n<p>Solo hacia el final de la sesi\u00f3n de la primavera pasada, el NDP y el Bloc Quebecois apoyaron a los liberales en la imposici\u00f3n del cierre para cortar el debate y forzar la votaci\u00f3n sobre un par de proyectos de ley prioritarios para prohibir la terapia de conversi\u00f3n y regular a los gigantes de la red, pero eso lleg\u00f3 demasiado tarde para obtener la aprobaci\u00f3n. proyectos de ley aprobados por el Senado antes de las vacaciones de verano y ambos murieron una vez que Trudeau convoc\u00f3 a elecciones en agosto.<\/p>\n<p>Sin embargo, el gobierno ha se\u00f1alado que esta vez espera que se pueda lograr un progreso relativamente r\u00e1pido en al menos dos de los proyectos de ley que la plataforma se comprometi\u00f3 a presentar en un plazo de 100 d\u00edas.<\/p>\n<p>Uno proporcionar\u00eda 10 d\u00edas de licencia por enfermedad pagada para los trabajadores regulados por el gobierno federal, una medida provocada por la pandemia.<\/p>\n<p>El otro ser\u00eda un proyecto de ley reintroducido para prohibir la pr\u00e1ctica traumatizante de obligar a una persona a someterse a una \u201cterapia de conversi\u00f3n\u201d destinada a alterar su orientaci\u00f3n sexual o identidad de g\u00e9nero. Aunque los conservadores abrieron el debate sobre la prohibici\u00f3n la \u00faltima vez y m\u00e1s de la mitad de ellos votaron en contra, todos los dem\u00e1s partidos la apoyan firmemente.<\/p>\n<p>Otros proyectos de ley prometidos podr\u00edan tardar m\u00e1s de 100 d\u00edas en superar todos los obst\u00e1culos legislativos. Incluyen legislaci\u00f3n para:<\/p>\n<p>Regular a los gigantes web extranjeros para garantizar que contribuyan a la creaci\u00f3n y promoci\u00f3n de historias y m\u00fasica canadienses. Un proyecto de ley sobre este tema presentado en la \u00faltima sesi\u00f3n result\u00f3 controvertido, y los cr\u00edticos afirmaron que terminar\u00eda regulando lo que las personas publican en las redes sociales.<\/p>\n<p>Exigir que las plataformas digitales compartan los ingresos del contenido de noticias que publican con los medios de comunicaci\u00f3n canadienses que lo crean.<\/p>\n<p>Fortalecer la Ley de idiomas oficiales e introducir una Ley para la igualdad sustantiva del franc\u00e9s y el ingl\u00e9s.<\/p>\n<p>Combatir el odio en l\u00ednea, incluido el discurso de odio, el contenido terrorista, la incitaci\u00f3n a la violencia, el abuso sexual infantil y la distribuci\u00f3n no consensuada de im\u00e1genes \u00edntimas. Entre otras cosas, eso incluir\u00eda hacer que las plataformas de redes sociales sean responsables del contenido que alojan.<\/p>\n<p>Reformar el sistema de justicia penal para abordar el encarcelamiento desproporcionado de personas negras e ind\u00edgenas. Eso incluye la eliminaci\u00f3n de las sentencias m\u00ednimas obligatorias para delitos menos graves y un mayor uso de sentencias condicionales, como arresto domiciliario, asesoramiento o tratamiento, para las personas que no representan una amenaza para la seguridad p\u00fablica.<\/p>\n<p>Salvaguardar la infraestructura cr\u00edtica de Canad\u00e1, incluidas las redes 5G, para preservar la integridad y seguridad de los sistemas nacionales de telecomunicaciones.<\/p>\n<p>La plataforma tambi\u00e9n compromete al gobierno con una serie de otras tareas no legislativas dentro de 100 d\u00edas, incluido el nombramiento de un nuevo defensor federal de la vivienda, la celebraci\u00f3n de una cumbre sobre el reinicio de las industrias culturales, la reuni\u00f3n con las provincias y territorios para desarrollar un plan nacional para legislar la licencia por enfermedad con goce de sueldo. en todo el pa\u00eds y el lanzamiento de un proceso de adquisiciones para el desarrollo de un corredor ferroviario de alta frecuencia entre Toronto y la ciudad de Quebec.<\/p>\n","protected":false},"excerpt":{"rendered":"<p>&#8211; El personal de atenci\u00f3n a largo plazo de Ontario debe haber recibido su primera dosis de vacuna COVID-19 para ir a trabajar hoy lunes&hellip;<\/p>\n","protected":false},"author":99,"featured_media":500244,"comment_status":"open","ping_status":"open","sticky":false,"template":"","format":"standard","meta":{"footnotes":""},"categories":[21,11191],"tags":[],"class_list":["post-500243","post","type-post","status-publish","format-standard","has-post-thumbnail","hentry","category-canada","category-top-news"],"_links":{"self":[{"href":"https:\/\/diarioelpopular.com\/index.php\/wp-json\/wp\/v2\/posts\/500243","targetHints":{"allow":["GET"]}}],"collection":[{"href":"https:\/\/diarioelpopular.com\/index.php\/wp-json\/wp\/v2\/posts"}],"about":[{"href":"https:\/\/diarioelpopular.com\/index.php\/wp-json\/wp\/v2\/types\/post"}],"author":[{"embeddable":true,"href":"https:\/\/diarioelpopular.com\/index.php\/wp-json\/wp\/v2\/users\/99"}],"replies":[{"embeddable":true,"href":"https:\/\/diarioelpopular.com\/index.php\/wp-json\/wp\/v2\/comments?post=500243"}],"version-history":[{"count":1,"href":"https:\/\/diarioelpopular.com\/index.php\/wp-json\/wp\/v2\/posts\/500243\/revisions"}],"predecessor-version":[{"id":500245,"href":"https:\/\/diarioelpopular.com\/index.php\/wp-json\/wp\/v2\/posts\/500243\/revisions\/500245"}],"wp:featuredmedia":[{"embeddable":true,"href":"https:\/\/diarioelpopular.com\/index.php\/wp-json\/wp\/v2\/media\/500244"}],"wp:attachment":[{"href":"https:\/\/diarioelpopular.com\/index.php\/wp-json\/wp\/v2\/media?parent=500243"}],"wp:term":[{"taxonomy":"category","embeddable":true,"href":"https:\/\/diarioelpopular.com\/index.php\/wp-json\/wp\/v2\/categories?post=500243"},{"taxonomy":"post_tag","embeddable":true,"href":"https:\/\/diarioelpopular.com\/index.php\/wp-json\/wp\/v2\/tags?post=500243"}],"curies":[{"name":"wp","href":"https:\/\/api.w.org\/{rel}","templated":true}]}}