{"id":500251,"date":"2021-11-15T11:09:50","date_gmt":"2021-11-15T15:09:50","guid":{"rendered":"https:\/\/diarioelpopular.com\/?p=500251"},"modified":"2021-11-15T11:09:50","modified_gmt":"2021-11-15T15:09:50","slug":"identifican-a-34-presos-muertos-en-carcel-de-ecuador","status":"publish","type":"post","link":"https:\/\/diarioelpopular.com\/index.php\/2021\/11\/15\/identifican-a-34-presos-muertos-en-carcel-de-ecuador\/","title":{"rendered":"Identifican a 34 presos muertos en c\u00e1rcel de Ecuador"},"content":{"rendered":"<div id=\"attachment_500252\" style=\"width: 646px\" class=\"wp-caption alignnone\"><img loading=\"lazy\" decoding=\"async\" aria-describedby=\"caption-attachment-500252\" class=\"size-custom-full-size wp-image-500252\" src=\"https:\/\/diarioelpopular.com\/wp-content\/uploads\/2021\/11\/1._38938790_20211114162314-636x400.jpg\" alt=\"\" width=\"636\" height=\"400\" srcset=\"https:\/\/diarioelpopular.com\/wp-content\/uploads\/2021\/11\/1._38938790_20211114162314-636x400.jpg 636w, https:\/\/diarioelpopular.com\/wp-content\/uploads\/2021\/11\/1._38938790_20211114162314-300x189.jpg 300w, https:\/\/diarioelpopular.com\/wp-content\/uploads\/2021\/11\/1._38938790_20211114162314-768x483.jpg 768w, https:\/\/diarioelpopular.com\/wp-content\/uploads\/2021\/11\/1._38938790_20211114162314-116x73.jpg 116w, https:\/\/diarioelpopular.com\/wp-content\/uploads\/2021\/11\/1._38938790_20211114162314.jpg 800w\" sizes=\"auto, (max-width: 636px) 100vw, 636px\" \/><p id=\"caption-attachment-500252\" class=\"wp-caption-text\"><em>Las autoridades est\u00e1n entregando los f\u00e9retros de las v\u00edctimas a sus familias.<\/em><\/p><\/div>\n<h4><em><strong>&#8211; Autoridades ecuatorianas informaron la identificaci\u00f3n de al menos\u00a034 de los 68 presos que murieron\u00a0este s\u00e1bado tras un mot\u00edn en la c\u00e1rcel del Litoral de Guayaquil.<\/strong><\/em><\/h4>\n<p><em>QUITO. 15 NOV.-<\/em> La Secretar\u00eda de Derechos Humanos de Ecuador indic\u00f3, a trav\u00e9s de un comunicado, que en las pr\u00f3ximas horas de este lunes\u00a0entregar\u00e1 los f\u00e9retros a las familias, mientras Criminal\u00edstica contin\u00faa trabajando en la identificaci\u00f3n de los dem\u00e1s fallecidos.<\/p>\n<p>&#8220;El proceso de entrega de los cuerpos consiste en\u00a0realizar la autopsia<b>,<\/b>\u00a0que deber\u00e1 ser avalada por la Fiscal\u00eda; solicitar al Registro Civil la autorizaci\u00f3n de los datos y verificar si est\u00e1n cedulados; otorgar el acta de defunci\u00f3n y, finalmente, entregar el cuerpo en el f\u00e9retro a los familiares&#8221;, explic\u00f3.<\/p>\n<p>La Secretar\u00eda indic\u00f3 que varias entidades brindan atenci\u00f3n psicol\u00f3gica a los familiares de las v\u00edctimas.<\/p>\n<p>Adem\u00e1s, trabajadores sociales del Servicio Nacional de Atenci\u00f3n Integral a Personas Adultas Privadas de Libertad y Adolescentes Infractores (SNAI) dan\u00a0seguimiento al estado de salud de los 25 presos heridos,\u00a0que est\u00e1n siendo atendidas en casas de salud, manteniendo informados a sus familiares sobre su estado.<\/p>\n<p>Seg\u00fan el Gobierno, en este momento\u00a0&#8220;no se registran incidentes en los centros de privaci\u00f3n de libertad del pa\u00eds&#8221;\u00a0y, de acuerdo con reportes de los directores de cada uno de los centros penitenciarios, &#8220;en los recintos se mantienen el orden y control; y las actividades se desarrollan con normalidad&#8221;.<\/p>\n<p>Incluso, volvi\u00f3 la normalidad en dos c\u00e1rceles de las provincias de Azuay y Cotopaxi, donde el s\u00e1bado\u00a0los internos se negaron a recibir sus alimentos en un acto de aparente solidaridad\u00a0con los reos de la penitenciar\u00eda de Guayaquil.<\/p>\n<p>La Secretar\u00eda a\u00f1adi\u00f3 que el Ejecutivo ha trabajado interinstitucionalmente para tomar las decisiones oportunas en cuanto a la situaci\u00f3n carcelaria.<\/p>\n<p>Entre las acciones, el presidente, Guillermo Lasso, y la secretaria de Derechos Humanos, Bernarda Ordo\u00f1ez, mantuvieron una reuni\u00f3n con un equipo asesor internacional para articular &#8220;la cooperaci\u00f3n en el proceso de pacificaci\u00f3n&#8221;, reza el escrito.<\/p>\n<p>En la cita participaron delegados de la Organizaci\u00f3n de las Naciones Unidas y del Programa de Asistencia contra el Crimen Trasnacional Organizado (PACcTO).<\/p>\n<p>Adem\u00e1s, el Jefe de Estado dialog\u00f3 con representantes de la sociedad civil como el arzobispo de Guayaquil y la activista por los derechos humanos, Nelsa Curbelo.<\/p>\n<p>El mot\u00edn del s\u00e1bado\u00a0ocurri\u00f3 en la misma c\u00e1rcel donde en septiembre pasado se produjo una masacre en la que murieron 118 presos\u00a0en enfrentamientos que las autoridades atribuyen a la disputa de territorios entre bandas presuntamente vinculadas al narcotr\u00e1fico.<\/p>\n<p>Tras esa masacre, Lasso declar\u00f3 el estado de excepci\u00f3n en el sistema penitenciario.<\/p>\n<p>&nbsp;<\/p>\n","protected":false},"excerpt":{"rendered":"<p>&#8211; Autoridades ecuatorianas informaron la identificaci\u00f3n de al menos\u00a034 de los 68 presos que murieron\u00a0este s\u00e1bado tras un mot\u00edn en la c\u00e1rcel del Litoral de&hellip;<\/p>\n","protected":false},"author":99,"featured_media":500252,"comment_status":"open","ping_status":"open","sticky":false,"template":"","format":"standard","meta":{"footnotes":""},"categories":[23],"tags":[],"class_list":["post-500251","post","type-post","status-publish","format-standard","has-post-thumbnail","hentry","category-latinoamerica"],"_links":{"self":[{"href":"https:\/\/diarioelpopular.com\/index.php\/wp-json\/wp\/v2\/posts\/500251","targetHints":{"allow":["GET"]}}],"collection":[{"href":"https:\/\/diarioelpopular.com\/index.php\/wp-json\/wp\/v2\/posts"}],"about":[{"href":"https:\/\/diarioelpopular.com\/index.php\/wp-json\/wp\/v2\/types\/post"}],"author":[{"embeddable":true,"href":"https:\/\/diarioelpopular.com\/index.php\/wp-json\/wp\/v2\/users\/99"}],"replies":[{"embeddable":true,"href":"https:\/\/diarioelpopular.com\/index.php\/wp-json\/wp\/v2\/comments?post=500251"}],"version-history":[{"count":1,"href":"https:\/\/diarioelpopular.com\/index.php\/wp-json\/wp\/v2\/posts\/500251\/revisions"}],"predecessor-version":[{"id":500253,"href":"https:\/\/diarioelpopular.com\/index.php\/wp-json\/wp\/v2\/posts\/500251\/revisions\/500253"}],"wp:featuredmedia":[{"embeddable":true,"href":"https:\/\/diarioelpopular.com\/index.php\/wp-json\/wp\/v2\/media\/500252"}],"wp:attachment":[{"href":"https:\/\/diarioelpopular.com\/index.php\/wp-json\/wp\/v2\/media?parent=500251"}],"wp:term":[{"taxonomy":"category","embeddable":true,"href":"https:\/\/diarioelpopular.com\/index.php\/wp-json\/wp\/v2\/categories?post=500251"},{"taxonomy":"post_tag","embeddable":true,"href":"https:\/\/diarioelpopular.com\/index.php\/wp-json\/wp\/v2\/tags?post=500251"}],"curies":[{"name":"wp","href":"https:\/\/api.w.org\/{rel}","templated":true}]}}