{"id":500258,"date":"2021-11-16T10:13:13","date_gmt":"2021-11-16T14:13:13","guid":{"rendered":"https:\/\/diarioelpopular.com\/?p=500258"},"modified":"2021-11-16T10:13:13","modified_gmt":"2021-11-16T14:13:13","slug":"chile-abre-tres-pasos-fronterizos-terrestres","status":"publish","type":"post","link":"https:\/\/diarioelpopular.com\/index.php\/2021\/11\/16\/chile-abre-tres-pasos-fronterizos-terrestres\/","title":{"rendered":"Chile abre tres pasos fronterizos terrestres"},"content":{"rendered":"<div id=\"attachment_500259\" style=\"width: 646px\" class=\"wp-caption alignnone\"><img loading=\"lazy\" decoding=\"async\" aria-describedby=\"caption-attachment-500259\" class=\"size-custom-full-size wp-image-500259\" src=\"https:\/\/diarioelpopular.com\/wp-content\/uploads\/2021\/11\/1.29f6b686655da-636x414.jpg\" alt=\"\" width=\"636\" height=\"414\" srcset=\"https:\/\/diarioelpopular.com\/wp-content\/uploads\/2021\/11\/1.29f6b686655da-636x414.jpg 636w, https:\/\/diarioelpopular.com\/wp-content\/uploads\/2021\/11\/1.29f6b686655da-300x195.jpg 300w, https:\/\/diarioelpopular.com\/wp-content\/uploads\/2021\/11\/1.29f6b686655da-768x500.jpg 768w, https:\/\/diarioelpopular.com\/wp-content\/uploads\/2021\/11\/1.29f6b686655da-85x55.jpg 85w, https:\/\/diarioelpopular.com\/wp-content\/uploads\/2021\/11\/1.29f6b686655da-112x73.jpg 112w, https:\/\/diarioelpopular.com\/wp-content\/uploads\/2021\/11\/1.29f6b686655da.jpg 800w\" sizes=\"auto, (max-width: 636px) 100vw, 636px\" \/><p id=\"caption-attachment-500259\" class=\"wp-caption-text\"><em>Paso fronterizo terrestre entre Argentina y Chile (foto: AFP)<\/em><\/p><\/div>\n<h4><em><strong>&#8211; A contar del 1 se diciembre permite salir de Chile a todo evento<\/strong><\/em><\/h4>\n<p><em><strong>SANTIAGO DE CHILE, 16 NOV &#8211;<\/strong><\/em> Las autoridades sanitarias chilenas decidieron a contar del 1 de diciembre abrir tres pasos fronterizos terrestres y eliminar las restricciones de salida a todo evento, pero se mantendr\u00e1n exigencias de entrada al pa\u00eds.<br \/>\n&#8220;Se eliminan las restricciones de salida, pero se mantendr\u00e1n exigencias de entrada al pa\u00eds por los pasos fronterizos habilitados&#8221;, se\u00f1al\u00f3 la subsecretaria de Salud, Paula Daza.<br \/>\nLa funcionaria acot\u00f3 que, aunque no exista exigencia en su pa\u00eds de destino, las personas se testeen antes de salir de Chile para evitar enfermarse.<br \/>\nAdem\u00e1s, a los cuatro los aeropuertos habilitados para ingresar al pa\u00eds -Santiago, Iquique, Antofagasta y Punta Arenas- se abrir\u00e1n los cruces de Chacalluta, en la regi\u00f3n de Arica y Parinacota; Colchane, en la regi\u00f3n de Tarapac\u00e1. Ambas regiones lim\u00edtrofes con Per\u00fa y Bolivia; y Pino Hachado, en la regi\u00f3n de La Araucan\u00eda, frente a la argentina Neuqu\u00e9n, detall\u00f3 Daza.<br \/>\nPor estos siete pasos fronterizos podr\u00e1n salir: Todos los chilenos y extranjeros residentes; todos los extranjeros no residentes, con sus vacunas validadas previamente por el Ministerio de Salud; todos los extranjeros no residentes, que cumplan alg\u00fan requisito excepcional del Decreto 102 del Ministerio del Interior; todos los ni\u00f1os y ni\u00f1as menores de 6 a\u00f1os, sin importar su nacionalidad o estado de vacunaci\u00f3n.<br \/>\nPodr\u00e1n ingresar al pa\u00eds chilenos y extranjeros residentes con PCR negativo tomado en el pa\u00eds de origen, con 72 horas antes de abordar el avi\u00f3n (desde los dos a\u00f1os de edad).<br \/>\nEn el caso de extranjeros no residentes, deben tener PCR negativo tomado en el pa\u00eds de origen, con 72 horas antes de abordar el avi\u00f3n (desde los dos a\u00f1os de edad); seguro m\u00e9dico desde 30 mil d\u00f3lares, que cubra enfermedades asociadas al Covid-19; validaci\u00f3n de vacunas aprobadas por el Ministerio de Salud.<br \/>\nLa autoridad dijo que se liberar\u00e1 del testeo y el aislamiento para ingresar al pa\u00eds, independiente de su nacionalidad, quienes tengan una dosis de refuerzo aplicada en los \u00faltimos seis meses previo al viaje y que est\u00e9 registrada y validada en su Pase de Movilidad.<br \/>\nAquellas personas que tengan Pase de Movilidad, pero que no tengan su dosis de refuerzo, deber\u00e1n testearse en el punto de ingreso y realizar aislamiento hasta su resultado negativo, Las personas que no tienen sus vacunas validadas, independiente de su nacionalidad, deber\u00e1n testearse y hacer aislamiento. La cuarentena se extiende por cinco d\u00edas, aunque su resultado de examen sea negativo.<br \/>\nLa subsecretaria Daza se\u00f1al\u00f3 que el testeo incluye a los ni\u00f1os desde los 2 a\u00f1os, pues para los menores de 6 a\u00f1os, en la mayor\u00eda de las partes del mundo a\u00fan no acceden a la vacuna.<\/p>\n","protected":false},"excerpt":{"rendered":"<p>&#8211; A contar del 1 se diciembre permite salir de Chile a todo evento SANTIAGO DE CHILE, 16 NOV &#8211; Las autoridades sanitarias chilenas decidieron&hellip;<\/p>\n","protected":false},"author":99,"featured_media":500259,"comment_status":"open","ping_status":"open","sticky":false,"template":"","format":"standard","meta":{"footnotes":""},"categories":[23],"tags":[],"class_list":["post-500258","post","type-post","status-publish","format-standard","has-post-thumbnail","hentry","category-latinoamerica"],"_links":{"self":[{"href":"https:\/\/diarioelpopular.com\/index.php\/wp-json\/wp\/v2\/posts\/500258","targetHints":{"allow":["GET"]}}],"collection":[{"href":"https:\/\/diarioelpopular.com\/index.php\/wp-json\/wp\/v2\/posts"}],"about":[{"href":"https:\/\/diarioelpopular.com\/index.php\/wp-json\/wp\/v2\/types\/post"}],"author":[{"embeddable":true,"href":"https:\/\/diarioelpopular.com\/index.php\/wp-json\/wp\/v2\/users\/99"}],"replies":[{"embeddable":true,"href":"https:\/\/diarioelpopular.com\/index.php\/wp-json\/wp\/v2\/comments?post=500258"}],"version-history":[{"count":1,"href":"https:\/\/diarioelpopular.com\/index.php\/wp-json\/wp\/v2\/posts\/500258\/revisions"}],"predecessor-version":[{"id":500260,"href":"https:\/\/diarioelpopular.com\/index.php\/wp-json\/wp\/v2\/posts\/500258\/revisions\/500260"}],"wp:featuredmedia":[{"embeddable":true,"href":"https:\/\/diarioelpopular.com\/index.php\/wp-json\/wp\/v2\/media\/500259"}],"wp:attachment":[{"href":"https:\/\/diarioelpopular.com\/index.php\/wp-json\/wp\/v2\/media?parent=500258"}],"wp:term":[{"taxonomy":"category","embeddable":true,"href":"https:\/\/diarioelpopular.com\/index.php\/wp-json\/wp\/v2\/categories?post=500258"},{"taxonomy":"post_tag","embeddable":true,"href":"https:\/\/diarioelpopular.com\/index.php\/wp-json\/wp\/v2\/tags?post=500258"}],"curies":[{"name":"wp","href":"https:\/\/api.w.org\/{rel}","templated":true}]}}