{"id":500290,"date":"2021-11-17T11:16:12","date_gmt":"2021-11-17T15:16:12","guid":{"rendered":"https:\/\/diarioelpopular.com\/?p=500290"},"modified":"2021-11-17T11:16:12","modified_gmt":"2021-11-17T15:16:12","slug":"colombia-petro-es-un-ladron-socialista-marxista-y-terrorista-congresista-de-ee-uu","status":"publish","type":"post","link":"https:\/\/diarioelpopular.com\/index.php\/2021\/11\/17\/colombia-petro-es-un-ladron-socialista-marxista-y-terrorista-congresista-de-ee-uu\/","title":{"rendered":"Colombia: \u201cPetro es un ladr\u00f3n, socialista, marxista y terrorista:\u201d congresista de EE.UU."},"content":{"rendered":"<p>&nbsp;<\/p>\n<p><img loading=\"lazy\" decoding=\"async\" class=\"alignnone size-custom-full-size wp-image-500292\" src=\"https:\/\/diarioelpopular.com\/wp-content\/uploads\/2021\/11\/1.20211117091943-636x400.png\" alt=\"\" width=\"636\" height=\"400\" srcset=\"https:\/\/diarioelpopular.com\/wp-content\/uploads\/2021\/11\/1.20211117091943-636x400.png 636w, https:\/\/diarioelpopular.com\/wp-content\/uploads\/2021\/11\/1.20211117091943-300x189.png 300w, https:\/\/diarioelpopular.com\/wp-content\/uploads\/2021\/11\/1.20211117091943-768x483.png 768w, https:\/\/diarioelpopular.com\/wp-content\/uploads\/2021\/11\/1.20211117091943-116x73.png 116w, https:\/\/diarioelpopular.com\/wp-content\/uploads\/2021\/11\/1.20211117091943.png 800w\" sizes=\"auto, (max-width: 636px) 100vw, 636px\" \/><\/p>\n<p><strong>La congresista estadounidense por el distrito de Florida Mar\u00eda Elvira Salazar se pronunci\u00f3 este artes en una audiencia del Comit\u00e9 de Asuntos Exteriores de la C\u00e1mara de Representantes\u00a0sobre las prioridades de la administraci\u00f3n Biden en Am\u00e9rica Latina y el Caribe.\u00a0<\/strong><\/p>\n<p><strong>En su intervenci\u00f3n, la republicana\u00a0calific\u00f3 al precandidato presidencial colombiano Gustavo Petro de \u201cladr\u00f3n, socialista, marxista y terrorista\u201d, que lidera las encuestas a la Presidencia de Colombia.<\/strong><\/p>\n<p><strong>Salazar, de origen cubano, ha expresado en diferentes medios su inter\u00e9s y preocupaci\u00f3n por Colombia, incluso\u00a0ha afirmado que es la voz a favor del pa\u00eds en el Congreso Federal.\u00a0El a\u00f1o pasado en las elecciones legislativas\u00a0el expresidente \u00c1lvaro Uribe V\u00e9lez manifest\u00f3 su apoyo por la\u00a0entonces\u00a0candidata, lo que fue determinante seg\u00fan Salazar en el sur de la Florida.\u00a0Gan\u00f3 con el 51% de los votos.<\/strong><\/p>\n<p><strong>La congresista dirigi\u00f3 los juicios sobre Petro a\u00a0Brian Nichols, encargado del Hemisferio Occidental del Departamento de Estado. Nichols respondi\u00f3 de manera insistente y en nombre del Departamento de Estado de Biden:\u00a0\u201cNo voy a caracterizar los candidatos en Colombia\u201d.<\/strong><\/p>\n<p><strong>\u201cEs una elecci\u00f3n para el pueblo de Colombia y esperamos un proceso libre, justo y transparente que refleje la voluntad de los colombianos\u201d, avanz\u00f3 en su postura. La republicana agreg\u00f3 que\u00a0si la administraci\u00f3n Biden quiere lo mejor para Colombia, entonces no querr\u00e1 a un \u201cmarxista como Petro\u201d en el poder\u00a0porque \u201cest\u00e1 socavando la democracia\u201d del pa\u00eds andino.<\/strong><\/p>\n<p><strong>En encuentros posteriores con medios de comunicaci\u00f3n, Salazar ha mantenido sus fuertes cr\u00edticas y ha insistido en que continuar\u00e1 con el seguimiento de las elecciones\u00a0presidenciales de 2022\u00a0en el pa\u00eds.<\/strong><\/p>\n<p>&nbsp;<\/p>\n","protected":false},"excerpt":{"rendered":"<p>&nbsp; La congresista estadounidense por el distrito de Florida Mar\u00eda Elvira Salazar se pronunci\u00f3 este artes en una audiencia del Comit\u00e9 de Asuntos Exteriores de&hellip;<\/p>\n","protected":false},"author":99,"featured_media":500292,"comment_status":"open","ping_status":"open","sticky":false,"template":"","format":"standard","meta":{"footnotes":""},"categories":[23],"tags":[],"class_list":["post-500290","post","type-post","status-publish","format-standard","has-post-thumbnail","hentry","category-latinoamerica"],"_links":{"self":[{"href":"https:\/\/diarioelpopular.com\/index.php\/wp-json\/wp\/v2\/posts\/500290","targetHints":{"allow":["GET"]}}],"collection":[{"href":"https:\/\/diarioelpopular.com\/index.php\/wp-json\/wp\/v2\/posts"}],"about":[{"href":"https:\/\/diarioelpopular.com\/index.php\/wp-json\/wp\/v2\/types\/post"}],"author":[{"embeddable":true,"href":"https:\/\/diarioelpopular.com\/index.php\/wp-json\/wp\/v2\/users\/99"}],"replies":[{"embeddable":true,"href":"https:\/\/diarioelpopular.com\/index.php\/wp-json\/wp\/v2\/comments?post=500290"}],"version-history":[{"count":1,"href":"https:\/\/diarioelpopular.com\/index.php\/wp-json\/wp\/v2\/posts\/500290\/revisions"}],"predecessor-version":[{"id":500293,"href":"https:\/\/diarioelpopular.com\/index.php\/wp-json\/wp\/v2\/posts\/500290\/revisions\/500293"}],"wp:featuredmedia":[{"embeddable":true,"href":"https:\/\/diarioelpopular.com\/index.php\/wp-json\/wp\/v2\/media\/500292"}],"wp:attachment":[{"href":"https:\/\/diarioelpopular.com\/index.php\/wp-json\/wp\/v2\/media?parent=500290"}],"wp:term":[{"taxonomy":"category","embeddable":true,"href":"https:\/\/diarioelpopular.com\/index.php\/wp-json\/wp\/v2\/categories?post=500290"},{"taxonomy":"post_tag","embeddable":true,"href":"https:\/\/diarioelpopular.com\/index.php\/wp-json\/wp\/v2\/tags?post=500290"}],"curies":[{"name":"wp","href":"https:\/\/api.w.org\/{rel}","templated":true}]}}