{"id":500297,"date":"2021-11-18T10:08:58","date_gmt":"2021-11-18T14:08:58","guid":{"rendered":"https:\/\/diarioelpopular.com\/?p=500297"},"modified":"2021-11-18T10:08:58","modified_gmt":"2021-11-18T14:08:58","slug":"health-canada-aprobara-la-vacuna-pfizer-covid-19-para-ninos-este-viernes","status":"publish","type":"post","link":"https:\/\/diarioelpopular.com\/index.php\/2021\/11\/18\/health-canada-aprobara-la-vacuna-pfizer-covid-19-para-ninos-este-viernes\/","title":{"rendered":"Health Canada aprobar\u00e1 la vacuna Pfizer COVID-19 para ni\u00f1os este viernes"},"content":{"rendered":"<p><img loading=\"lazy\" decoding=\"async\" class=\"alignnone size-custom-full-size wp-image-500298\" src=\"https:\/\/diarioelpopular.com\/wp-content\/uploads\/2021\/11\/1.7614751311-636x358.jpg\" alt=\"\" width=\"636\" height=\"358\" srcset=\"https:\/\/diarioelpopular.com\/wp-content\/uploads\/2021\/11\/1.7614751311-636x358.jpg 636w, https:\/\/diarioelpopular.com\/wp-content\/uploads\/2021\/11\/1.7614751311-300x169.jpg 300w, https:\/\/diarioelpopular.com\/wp-content\/uploads\/2021\/11\/1.7614751311-768x432.jpg 768w, https:\/\/diarioelpopular.com\/wp-content\/uploads\/2021\/11\/1.7614751311-130x73.jpg 130w, https:\/\/diarioelpopular.com\/wp-content\/uploads\/2021\/11\/1.7614751311.jpg 800w\" sizes=\"auto, (max-width: 636px) 100vw, 636px\" \/><\/p>\n<h4><em><strong>&#8211; Health Canada aprobar\u00e1 este viernes la vacuna COVID-19 de Pfizer-BioNTech para ni\u00f1os de cinco a 11 a\u00f1os.<\/strong><\/em><\/h4>\n<h4><strong><em>&#8211; &#8216;Las mercader\u00edas est\u00e1n llegando&#8217;: Exhortaciones a la paciencia en B.C. siguiendo informes de compras de p\u00e1nico<\/em><\/strong><\/h4>\n<p>&nbsp;<\/p>\n<p>El Toronto Star, citando m\u00faltiples fuentes, inform\u00f3 la actualizaci\u00f3n este mi\u00e9rcoles por la noche.<\/p>\n<p>El peri\u00f3dico inform\u00f3 que se espera una entrega de alrededor de tres millones de dosis pedi\u00e1tricas en los pr\u00f3ximos d\u00edas, lo que ser\u00eda suficiente para que cada ni\u00f1o elegible en ese grupo de edad reciba una dosis de la vacuna.<\/p>\n<p>Pfizer-BioNTech present\u00f3 sus datos de vacunas para j\u00f3venes para su revisi\u00f3n el 18 de octubre.<\/p>\n<p>La compa\u00f1\u00eda public\u00f3 recientemente datos de su propio estudio, que encontr\u00f3 que la vacuna es casi un 91 por ciento efectiva para prevenir infecciones sintom\u00e1ticas en ni\u00f1os de cinco a 11 a\u00f1os.<\/p>\n<p>El mes pasado, Canad\u00e1 firm\u00f3 un acuerdo con Pfizer para asegurar 2,9 millones de dosis de su vacuna COVID-19 para ni\u00f1os, que se enviar\u00edan con la aprobaci\u00f3n de Health Canada.<\/p>\n<p>&#8220;Estas entregas proporcionar\u00e1n un suministro suficiente para proporcionar una primera dosis a todos los ni\u00f1os canadienses elegibles&#8221;, dijo en ese momento la ministra de Adquisiciones, Anita Anand.<\/p>\n<p>La vacuna Pfizer se vende con el nombre de Comirnaty. El de los ni\u00f1os utiliza la misma tecnolog\u00eda de ARNm que el de los adultos, pero en una dosis menor. Las dosis son aproximadamente un tercio del tama\u00f1o que se administra a adultos y adolescentes de 12 a\u00f1os en adelante.<\/p>\n<p>A principios de esta semana, Health Canada recibi\u00f3 una presentaci\u00f3n de Moderna para aprobar su vacuna de ARNm COVID-19 para su uso entre ni\u00f1os de seis a 11 a\u00f1os.<\/p>\n<p>&nbsp;<\/p>\n<h4><strong><em>&#8211; &#8216;Las mercader\u00edas est\u00e1n llegando&#8217;: Exhortaciones a la paciencia en B.C. siguiendo informes de compras de p\u00e1nico<\/em><\/strong><\/h4>\n<p><strong><em>VANCOUVER.-<\/em> <\/strong>El director de la BC Trucking Association pide paciencia en medio de las preocupaciones sobre las interrupciones de la cadena de suministro causadas por las inundaciones en la provincia.<\/p>\n<p>&#8220;Realmente necesitamos transmitir el mensaje para que la gente se calme&#8221;, \u200b\u200bdijo Dave Earle a Global News. &#8220;Las mercanc\u00edas est\u00e1n llegando&#8221;.<\/p>\n<p>Todas las rutas de transporte importantes entre el Bajo Continente y el Interior han sido cortadas por deslaves, inundaciones o deslizamientos de tierra luego de lluvias r\u00e9cord en el sur de B.C. entre s\u00e1bado y lunes.<\/p>\n<p>Ha habido informes de compras de p\u00e1nico en las tiendas de comestibles por temor a que la cadena de suministro, que ya est\u00e1 bajo presi\u00f3n debido a la pandemia de COVID-19, podr\u00eda verse a\u00fan m\u00e1s afectada por los cierres de carreteras.<\/p>\n<p>Tras los informes de escasez de alimentos y acaparamiento en las tiendas de comestibles, el minorista de alimentos canadiense Save-On-Foods dijo en un comunicado que todos los env\u00edos dentro y fuera de Lower Mainland se han suspendido debido a las condiciones de las carreteras.<\/p>\n<p>Earle dijo que es completamente comprensible que las personas se preocupen por los retrasos, pero que no hay necesidad de entrar en p\u00e1nico, ya que los art\u00edculos se pueden desviar.<\/p>\n<p>\u201cDesde la perspectiva de la cadena de suministro, es importante que las personas se den cuenta de que no todo pasa por Vancouver, en particular sus consumibles, su d\u00eda a d\u00eda\u201d, dijo.<\/p>\n<p>\u201cPodemos acceder a esos materiales, podemos acceder a esos env\u00edos desde Alberta. Podemos traerlos a trav\u00e9s de Estados Unidos. Hay formas de servir a estas comunidades y eso es en lo que estamos trabajando en este momento &#8220;.<\/p>\n<p>&#8220;Es muy importante que la gente sepa que las mercanc\u00edas est\u00e1n llegando&#8221;, dijo. \u201cVan a llegar un poco tarde. Tal vez sea un d\u00eda o dos, tal vez sea un poco m\u00e1s para las comunidades que est\u00e1n aisladas, ser\u00e1 un poco m\u00e1s dif\u00edcil.<\/p>\n<p>&#8220;Pero no importa d\u00f3nde est\u00e9 la gente &#8230; las mercanc\u00edas llegar\u00e1n&#8221;.<\/p>\n<p>\u201cEsto es lo que hace nuestra industria. Descubrimos formas de llevar lo que las personas necesitan a donde lo necesitan &#8220;.<\/p>\n<p>El ministro de Seguridad P\u00fablica, Mike Farnworth, tambi\u00e9n alent\u00f3 a B.C. Los residentes deben ser pacientes, diciendo que hay soluciones alternativas para transportar alimentos y que hay &#8220;mucha oferta&#8221;.<\/p>\n<p>El primer ministro Justin Trudeau dijo que los funcionarios del gobierno est\u00e1n trabajando con sus contrapartes en los Estados Unidos para encontrar formas de desviar a los aislados de B.C. carreteras que han sido destruidas por deslizamientos de tierra e inundaciones, as\u00ed como para tratar de limitar los desaf\u00edos de la cadena de suministro.<\/p>\n<p>El ministro federal de preparaci\u00f3n para emergencias, Bill Blair, dijo el mi\u00e9rcoles que el ej\u00e9rcito canadiense est\u00e1 enviando m\u00e1s apoyo a\u00e9reo para ayudar a B.C. residentes, con un enfoque en ayudar &#8220;con los esfuerzos de evacuaci\u00f3n, apoyar las rutas de la cadena de suministro y [para] proteger a los residentes contra inundaciones y deslizamientos de tierra&#8221;.<\/p>\n","protected":false},"excerpt":{"rendered":"<p>&#8211; Health Canada aprobar\u00e1 este viernes la vacuna COVID-19 de Pfizer-BioNTech para ni\u00f1os de cinco a 11 a\u00f1os. &#8211; &#8216;Las mercader\u00edas est\u00e1n llegando&#8217;: Exhortaciones a&hellip;<\/p>\n","protected":false},"author":99,"featured_media":500298,"comment_status":"open","ping_status":"open","sticky":false,"template":"","format":"standard","meta":{"footnotes":""},"categories":[21,11191],"tags":[],"class_list":["post-500297","post","type-post","status-publish","format-standard","has-post-thumbnail","hentry","category-canada","category-top-news"],"_links":{"self":[{"href":"https:\/\/diarioelpopular.com\/index.php\/wp-json\/wp\/v2\/posts\/500297","targetHints":{"allow":["GET"]}}],"collection":[{"href":"https:\/\/diarioelpopular.com\/index.php\/wp-json\/wp\/v2\/posts"}],"about":[{"href":"https:\/\/diarioelpopular.com\/index.php\/wp-json\/wp\/v2\/types\/post"}],"author":[{"embeddable":true,"href":"https:\/\/diarioelpopular.com\/index.php\/wp-json\/wp\/v2\/users\/99"}],"replies":[{"embeddable":true,"href":"https:\/\/diarioelpopular.com\/index.php\/wp-json\/wp\/v2\/comments?post=500297"}],"version-history":[{"count":1,"href":"https:\/\/diarioelpopular.com\/index.php\/wp-json\/wp\/v2\/posts\/500297\/revisions"}],"predecessor-version":[{"id":500299,"href":"https:\/\/diarioelpopular.com\/index.php\/wp-json\/wp\/v2\/posts\/500297\/revisions\/500299"}],"wp:featuredmedia":[{"embeddable":true,"href":"https:\/\/diarioelpopular.com\/index.php\/wp-json\/wp\/v2\/media\/500298"}],"wp:attachment":[{"href":"https:\/\/diarioelpopular.com\/index.php\/wp-json\/wp\/v2\/media?parent=500297"}],"wp:term":[{"taxonomy":"category","embeddable":true,"href":"https:\/\/diarioelpopular.com\/index.php\/wp-json\/wp\/v2\/categories?post=500297"},{"taxonomy":"post_tag","embeddable":true,"href":"https:\/\/diarioelpopular.com\/index.php\/wp-json\/wp\/v2\/tags?post=500297"}],"curies":[{"name":"wp","href":"https:\/\/api.w.org\/{rel}","templated":true}]}}