{"id":500304,"date":"2021-11-18T10:21:55","date_gmt":"2021-11-18T14:21:55","guid":{"rendered":"https:\/\/diarioelpopular.com\/?p=500304"},"modified":"2021-11-18T10:21:55","modified_gmt":"2021-11-18T14:21:55","slug":"peru-castillo-nombra-nuevo-ministro-de-defensa","status":"publish","type":"post","link":"https:\/\/diarioelpopular.com\/index.php\/2021\/11\/18\/peru-castillo-nombra-nuevo-ministro-de-defensa\/","title":{"rendered":"Per\u00fa: Castillo nombra nuevo ministro de Defensa"},"content":{"rendered":"<div id=\"attachment_500305\" style=\"width: 646px\" class=\"wp-caption alignnone\"><img loading=\"lazy\" decoding=\"async\" aria-describedby=\"caption-attachment-500305\" class=\"size-custom-full-size wp-image-500305\" src=\"https:\/\/diarioelpopular.com\/wp-content\/uploads\/2021\/11\/1.14a63f-636x424.jpg\" alt=\"\" width=\"636\" height=\"424\" srcset=\"https:\/\/diarioelpopular.com\/wp-content\/uploads\/2021\/11\/1.14a63f-636x424.jpg 636w, https:\/\/diarioelpopular.com\/wp-content\/uploads\/2021\/11\/1.14a63f-300x200.jpg 300w, https:\/\/diarioelpopular.com\/wp-content\/uploads\/2021\/11\/1.14a63f-768x512.jpg 768w, https:\/\/diarioelpopular.com\/wp-content\/uploads\/2021\/11\/1.14a63f-110x73.jpg 110w, https:\/\/diarioelpopular.com\/wp-content\/uploads\/2021\/11\/1.14a63f.jpg 800w\" sizes=\"auto, (max-width: 636px) 100vw, 636px\" \/><p id=\"caption-attachment-500305\" class=\"wp-caption-text\"><em>Pedro Castillo (foto: EPA)<\/em><\/p><\/div>\n<h4><em><strong>&#8211; Sustituy\u00f3 11 ministros en 110 d\u00edas de gobierno<\/strong><\/em><\/h4>\n<p><em><strong>LIMA, 18 NOV &#8211;<\/strong> <\/em>El presidente de Per\u00fa, Pedro Castillo, nombr\u00f3 a Juan Carrasco Millones como nuevo ministro de Defensa.<br \/>\nEl ministro jur\u00f3 el mi\u00e9rcoles en una ceremonia que se llev\u00f3 a cabo en la Sala de Oro del Palacio de gobierno, refiri\u00f3 la agencia Andina.<br \/>\nMillones hab\u00eda sido ministro del Interior hasta el 6 de octubre, y sustituye en el cargo a Walter Ayala, quien renunci\u00f3 por irregularidades en la organizaci\u00f3n de la fiesta de boda de su hija.<br \/>\nDesde su asunci\u00f3n en la presidencia el 28 de julio de 2021, el jefe de Estado realiz\u00f3 continuos ajustes a su gobierno bajo la presi\u00f3n de los partidos de oposici\u00f3n, al punto de reemplazar a 11 ministros en los 110 d\u00edas de su presidencia.<\/p>\n","protected":false},"excerpt":{"rendered":"<p>&#8211; Sustituy\u00f3 11 ministros en 110 d\u00edas de gobierno LIMA, 18 NOV &#8211; El presidente de Per\u00fa, Pedro Castillo, nombr\u00f3 a Juan Carrasco Millones como&hellip;<\/p>\n","protected":false},"author":99,"featured_media":500305,"comment_status":"open","ping_status":"open","sticky":false,"template":"","format":"standard","meta":{"footnotes":""},"categories":[23],"tags":[],"class_list":["post-500304","post","type-post","status-publish","format-standard","has-post-thumbnail","hentry","category-latinoamerica"],"_links":{"self":[{"href":"https:\/\/diarioelpopular.com\/index.php\/wp-json\/wp\/v2\/posts\/500304","targetHints":{"allow":["GET"]}}],"collection":[{"href":"https:\/\/diarioelpopular.com\/index.php\/wp-json\/wp\/v2\/posts"}],"about":[{"href":"https:\/\/diarioelpopular.com\/index.php\/wp-json\/wp\/v2\/types\/post"}],"author":[{"embeddable":true,"href":"https:\/\/diarioelpopular.com\/index.php\/wp-json\/wp\/v2\/users\/99"}],"replies":[{"embeddable":true,"href":"https:\/\/diarioelpopular.com\/index.php\/wp-json\/wp\/v2\/comments?post=500304"}],"version-history":[{"count":1,"href":"https:\/\/diarioelpopular.com\/index.php\/wp-json\/wp\/v2\/posts\/500304\/revisions"}],"predecessor-version":[{"id":500306,"href":"https:\/\/diarioelpopular.com\/index.php\/wp-json\/wp\/v2\/posts\/500304\/revisions\/500306"}],"wp:featuredmedia":[{"embeddable":true,"href":"https:\/\/diarioelpopular.com\/index.php\/wp-json\/wp\/v2\/media\/500305"}],"wp:attachment":[{"href":"https:\/\/diarioelpopular.com\/index.php\/wp-json\/wp\/v2\/media?parent=500304"}],"wp:term":[{"taxonomy":"category","embeddable":true,"href":"https:\/\/diarioelpopular.com\/index.php\/wp-json\/wp\/v2\/categories?post=500304"},{"taxonomy":"post_tag","embeddable":true,"href":"https:\/\/diarioelpopular.com\/index.php\/wp-json\/wp\/v2\/tags?post=500304"}],"curies":[{"name":"wp","href":"https:\/\/api.w.org\/{rel}","templated":true}]}}