{"id":500339,"date":"2021-11-19T10:38:15","date_gmt":"2021-11-19T14:38:15","guid":{"rendered":"https:\/\/diarioelpopular.com\/?p=500339"},"modified":"2021-11-19T10:38:15","modified_gmt":"2021-11-19T14:38:15","slug":"el-convulso-panorama-de-chile-para-las-elecciones-presidenciales","status":"publish","type":"post","link":"https:\/\/diarioelpopular.com\/index.php\/2021\/11\/19\/el-convulso-panorama-de-chile-para-las-elecciones-presidenciales\/","title":{"rendered":"El convulso panorama de Chile para las elecciones presidenciales"},"content":{"rendered":"<p><img loading=\"lazy\" decoding=\"async\" class=\"alignnone size-custom-full-size wp-image-500340\" src=\"https:\/\/diarioelpopular.com\/wp-content\/uploads\/2021\/11\/1._38964675_20211118090905-636x400.jpg\" alt=\"\" width=\"636\" height=\"400\" srcset=\"https:\/\/diarioelpopular.com\/wp-content\/uploads\/2021\/11\/1._38964675_20211118090905-636x400.jpg 636w, https:\/\/diarioelpopular.com\/wp-content\/uploads\/2021\/11\/1._38964675_20211118090905-300x189.jpg 300w, https:\/\/diarioelpopular.com\/wp-content\/uploads\/2021\/11\/1._38964675_20211118090905-768x483.jpg 768w, https:\/\/diarioelpopular.com\/wp-content\/uploads\/2021\/11\/1._38964675_20211118090905-116x73.jpg 116w, https:\/\/diarioelpopular.com\/wp-content\/uploads\/2021\/11\/1._38964675_20211118090905.jpg 800w\" sizes=\"auto, (max-width: 636px) 100vw, 636px\" \/><\/p>\n<p><em><strong>&#8211; Chile tiene una cita en las urnas este domingo 21 de noviembre para las elecciones presidenciales que\u00a0definir\u00e1n al sucesor de Sebasti\u00e1n Pi\u00f1era o perfilar\u00e1n una posible segunda vuelta que se llevar\u00eda a cabo el 19 de diciembre.<\/strong><\/em><\/p>\n<p>Los comicios suceden en un momento convulso:\u00a0el Senado acaba de archivar un juicio de destituci\u00f3n contra Pi\u00f1era, est\u00e1 en proceso de redacci\u00f3n una nueva carta magna, en el marco de la Convenci\u00f3n Constitucional, y la contienda por la Presidencia muestra signos de polarizaci\u00f3n con al ascenso de un candidato de ultraderecha.<\/p>\n<p>Jos\u00e9 Antonio Kast, un exdiputado de derecha que defiende la dictadura de Augusto Pinochet, tiene el 25 % de intenci\u00f3n de voto y se perfila como el favorito para la jornada, seg\u00fan la firma encuestadora Cadem.<\/p>\n<p>A Kasta lo sigue el diputado Gabriel Boric, con el 19 %; el ingeniero Franco Parisi, con el 10 %, y la senadora Yasna Provoste, con el 9 %. Entre los opcionados tambi\u00e9n est\u00e1n Sebasti\u00e1n Sichel (ganador de una de las primarias), Marco Enr\u00edquez Ominami y Eduardo Art\u00e9s.<\/p>\n<p>Los n\u00fameros de las encuestadoras dejan ver una posible segunda vuelta,\u00a0tal vez entre Kast y Boric. El primero tiene un discurso antimigraci\u00f3n, est\u00e1 en contra del matrimonio igualitario y del aborto; el segundo, cercano a la izquierda, comenz\u00f3 su carrera como l\u00edder estudiantil en 2011 y fue uno de los voceros del estallido social de 2019.<\/p>\n<p><em><strong>A la sombra de las protestas<\/strong><\/em><\/p>\n<p>Ese a\u00f1o la poblaci\u00f3n se moviliz\u00f3 masivamente\u00a0contra el incremento en el precio del pasaje de metro de Santiago, la edad para pensionarse,\u00a0las condiciones de los jubilados, las oportunidades de educaci\u00f3n, entre otras cuestiones.<\/p>\n<p>La presi\u00f3n en las calles llev\u00f3 a que Pi\u00f1era convocara a un Plebiscito para definir si se llamaba a una Constituyente para modificar la carga magna vigente, que fue heredada de la dictadura de Pinochet, diligencia que fue aprobada en las urnas en 2020.<\/p>\n<p>Desde entonces,\u00a0Chile encamina una posible transici\u00f3n pol\u00edtica que se ha visto frenada, en ocasiones, por la pandemia del Covid-19.En mayo de 2021 se realizaron las elecciones que definieron los 155 constituyentes, la mayor\u00eda independientes y pol\u00edticos de izquierda.<\/p>\n<p>Sin embargo, seis meses despu\u00e9s,\u00a0<b>l<\/b>as encuestas dejan ver un posible cambio en los intereses del electorado con el ascenso de Jos\u00e9 Antonio Kast,\u00a0quien encarna los ideales pol\u00edticos de la derecha chilena.<\/p>\n<p>En medio de esa coyuntura pol\u00edtica, queda la duda de qu\u00e9 impacto tendr\u00e1 el intento de destituci\u00f3n a Sebasti\u00e1n Pi\u00f1era en el pensamiento que plasmen los ciudadanos en las urnas. Y es que\u00a0el Senado archiv\u00f3 esa diligencia seis d\u00edas antes de la fecha de las elecciones presidenciales.<\/p>\n","protected":false},"excerpt":{"rendered":"<p>&#8211; Chile tiene una cita en las urnas este domingo 21 de noviembre para las elecciones presidenciales que\u00a0definir\u00e1n al sucesor de Sebasti\u00e1n Pi\u00f1era o perfilar\u00e1n&hellip;<\/p>\n","protected":false},"author":99,"featured_media":500340,"comment_status":"open","ping_status":"open","sticky":false,"template":"","format":"standard","meta":{"footnotes":""},"categories":[23],"tags":[],"class_list":["post-500339","post","type-post","status-publish","format-standard","has-post-thumbnail","hentry","category-latinoamerica"],"_links":{"self":[{"href":"https:\/\/diarioelpopular.com\/index.php\/wp-json\/wp\/v2\/posts\/500339","targetHints":{"allow":["GET"]}}],"collection":[{"href":"https:\/\/diarioelpopular.com\/index.php\/wp-json\/wp\/v2\/posts"}],"about":[{"href":"https:\/\/diarioelpopular.com\/index.php\/wp-json\/wp\/v2\/types\/post"}],"author":[{"embeddable":true,"href":"https:\/\/diarioelpopular.com\/index.php\/wp-json\/wp\/v2\/users\/99"}],"replies":[{"embeddable":true,"href":"https:\/\/diarioelpopular.com\/index.php\/wp-json\/wp\/v2\/comments?post=500339"}],"version-history":[{"count":1,"href":"https:\/\/diarioelpopular.com\/index.php\/wp-json\/wp\/v2\/posts\/500339\/revisions"}],"predecessor-version":[{"id":500341,"href":"https:\/\/diarioelpopular.com\/index.php\/wp-json\/wp\/v2\/posts\/500339\/revisions\/500341"}],"wp:featuredmedia":[{"embeddable":true,"href":"https:\/\/diarioelpopular.com\/index.php\/wp-json\/wp\/v2\/media\/500340"}],"wp:attachment":[{"href":"https:\/\/diarioelpopular.com\/index.php\/wp-json\/wp\/v2\/media?parent=500339"}],"wp:term":[{"taxonomy":"category","embeddable":true,"href":"https:\/\/diarioelpopular.com\/index.php\/wp-json\/wp\/v2\/categories?post=500339"},{"taxonomy":"post_tag","embeddable":true,"href":"https:\/\/diarioelpopular.com\/index.php\/wp-json\/wp\/v2\/tags?post=500339"}],"curies":[{"name":"wp","href":"https:\/\/api.w.org\/{rel}","templated":true}]}}