{"id":500351,"date":"2021-11-20T10:33:19","date_gmt":"2021-11-20T14:33:19","guid":{"rendered":"https:\/\/diarioelpopular.com\/?p=500351"},"modified":"2021-11-20T10:33:19","modified_gmt":"2021-11-20T14:33:19","slug":"criticas-a-la-policia-por-apologia-nazi","status":"publish","type":"post","link":"https:\/\/diarioelpopular.com\/index.php\/2021\/11\/20\/criticas-a-la-policia-por-apologia-nazi\/","title":{"rendered":"Cr\u00edticas a la Polic\u00eda por apolog\u00eda nazi"},"content":{"rendered":"<div id=\"attachment_500352\" style=\"width: 646px\" class=\"wp-caption alignnone\"><img loading=\"lazy\" decoding=\"async\" aria-describedby=\"caption-attachment-500352\" class=\"size-custom-full-size wp-image-500352\" src=\"https:\/\/diarioelpopular.com\/wp-content\/uploads\/2021\/11\/1.94e755db-636x421.jpg\" alt=\"\" width=\"636\" height=\"421\" srcset=\"https:\/\/diarioelpopular.com\/wp-content\/uploads\/2021\/11\/1.94e755db-636x421.jpg 636w, https:\/\/diarioelpopular.com\/wp-content\/uploads\/2021\/11\/1.94e755db-300x198.jpg 300w, https:\/\/diarioelpopular.com\/wp-content\/uploads\/2021\/11\/1.94e755db-768x508.jpg 768w, https:\/\/diarioelpopular.com\/wp-content\/uploads\/2021\/11\/1.94e755db-85x55.jpg 85w, https:\/\/diarioelpopular.com\/wp-content\/uploads\/2021\/11\/1.94e755db-110x73.jpg 110w, https:\/\/diarioelpopular.com\/wp-content\/uploads\/2021\/11\/1.94e755db.jpg 800w\" sizes=\"auto, (max-width: 636px) 100vw, 636px\" \/><p id=\"caption-attachment-500352\" class=\"wp-caption-text\"><em>Simbolog\u00eda nazi en un acto de la polic\u00eda colombiana. Im\u00e1genes publicadas en las redes sociales<\/em><\/p><\/div>\n<h4><em><strong>&#8211; El presidente Iv\u00e1n Duque pide despido de los responsables<\/strong><\/em><\/h4>\n<p><em><strong>BOGOTA 20 NOV &#8211;<\/strong><\/em> La polic\u00eda colombiana qued\u00f3 en el centro de las cr\u00edticas, luego que se difundieran fotograf\u00edas de miembros de esa instituci\u00f3n vestidos con uniformes nazis y esbozando banderas del nazismo y esv\u00e1sticas, en una supuesta actividad acad\u00e9mica al interior de una escuela de formaci\u00f3n.<br \/>\nLa respuesta a semejante situaci\u00f3n no se hizo esperar por parte de las embajadas de Alemania e Israel que criticaron el hecho y lo calificaron de &#8220;indignante&#8221; y ofensivo.<br \/>\n&#8220;Eventos como estos son indignantes y ofenden de manera directa no solo a los jud\u00edos sino tambi\u00e9n a todas las v\u00edctimas del r\u00e9gimen nazi y sus criminales&#8221;, se\u00f1al\u00f3 un comunicado conjunto, divulgado por el embajador de Alemania en Bogot\u00e1, Peter Ptassek en sus redes sociales.<br \/>\nAunque los hechos se conocieron la noche del jueves, este viernes se multiplicaron las voces de rechazo de lo ocurrido en la escuela de la polic\u00eda Sim\u00f3n Bol\u00edvar, ubicada en la ciudad de Tulu\u00e1, en el departamento del Valle del Cauca (suroeste), distante 378 kil\u00f3metros de Bogot\u00e1.<br \/>\nLa generala Yackeline Navarro, directora nacional de escuelas de la Polic\u00eda, explic\u00f3 que no se trat\u00f3 de un &#8220;homenaje al nazismo&#8221;, sino de una actividad acad\u00e9mica para &#8220;ilustrar&#8221; de manera err\u00f3nea un &#8220;momento hist\u00f3rico&#8221;.<br \/>\nLa oficial aclar\u00f3 que la puesta en escena, en la que varios cadetes de polic\u00eda se visten con trajes similares a los de la SS, con brazaletes adornados de esv\u00e1sticas, incluso alguno lleva el bigote hitleriano, no hace parte del &#8220;pensum acad\u00e9mico, ni de las l\u00edneas de formaci\u00f3n de nuestros estudiantes&#8221;.<br \/>\nNavarro confi\u00f3 en que la &#8220;comunidad jud\u00eda&#8221; permita a la Polic\u00eda hacerles &#8220;un verdadero homenaje&#8221; con ellos.<br \/>\nAl eco de los reclamos de los gobiernos de Alemania e Israel, se sum\u00f3 hoy el embajador de Estados Unidos, Philip S.<br \/>\nGoldberg, quien asegur\u00f3 que no hab\u00eda justificaci\u00f3n para tal acto.<br \/>\n&#8220;Estoy consternado y profundamente decepcionado por el uso de s\u00edmbolos y uniformes nazis en las instalaciones de entrenamiento de la Polic\u00eda de Colombia. Ninguna explicaci\u00f3n es suficiente. PSG&#8221;, escribi\u00f3 el diplom\u00e1tico en Twitter de la Embajada.<br \/>\nLa Polic\u00eda asegur\u00f3 en un comunicado que se trat\u00f3 de una actividad &#8220;equivocada e inconsulta&#8221; y la rechaz\u00f3 por ir en contra del &#8220;respeto a los derechos humanos&#8221;.<br \/>\n&#8220;El uso de emblemas nazis y la caricaturizaci\u00f3n del uniforme policial son inceptables&#8221;, dijo la instituci\u00f3n, que inform\u00f3 de la salida del cargo del director de esa escuela de formaci\u00f3n.<br \/>\nLas embajadas le pidieron al gobierno de Iv\u00e1n Duque investigar y sancionar a los responsables.<br \/>\nEn un acto de coherencia pol\u00edtica, el jefe de Estado le pidi\u00f3 este viernes al director nacional de la polic\u00eda, general Jorge Luis Vargas, el fin de la carrera de los miembros de esa instituci\u00f3n involucrados en el esc\u00e1ndalo.<br \/>\n&#8220;Los que propiciaron esos hechos se tienen que ir de esa instituci\u00f3n, eso ha sido categ\u00f3rico&#8221; y &#8220;eso se tiene de dar en el d\u00eda de hoy, as\u00ed de claro&#8221;, afirm\u00f3 Duque.<br \/>\nSin embargo, el jefe de Estado sali\u00f3 en defensa de la Polic\u00eda, al tiempo que tild\u00f3 lo ocurrido como &#8220;torpezas inadmisibles&#8221; y una &#8220;situaci\u00f3n inaceptable&#8221;, en declaraciones a la prensa local.<br \/>\n&#8220;Lo que vimos ayer es una situaci\u00f3n inaceptable, es una situaci\u00f3n que no solamente es un error, sino que adem\u00e1s es un hecho que para nosotros no tiene aceptaci\u00f3n alguna&#8221;, argument\u00f3 el Presidente.<br \/>\n&#8220;Pero de ah\u00ed a se\u00f1alar que la polic\u00eda nacional es una polic\u00eda nazista eso no lo voy a permitir, no lo voy a aceptar y los colombianos tampoco, porque la polic\u00eda nacional ha puesto muchos muertos, trabaja todos los d\u00edas en el territorio nacional dando lo mejor&#8221;, afirm\u00f3.<br \/>\nLa polic\u00eda colombiana ha estado envuelta en esc\u00e1ndalos y cr\u00edticas en los dos \u00faltimos a\u00f1os, por la violencia evidenciada en videos de varios de sus miembros durante las protestas sociales y el asesinato de Javier Ordo\u00f1ez, un abogado sometido a choques el\u00e9ctricos, durante un arrestado y quien posteriormente muri\u00f3.<\/p>\n","protected":false},"excerpt":{"rendered":"<p>&#8211; El presidente Iv\u00e1n Duque pide despido de los responsables BOGOTA 20 NOV &#8211; La polic\u00eda colombiana qued\u00f3 en el centro de las cr\u00edticas, luego&hellip;<\/p>\n","protected":false},"author":99,"featured_media":500352,"comment_status":"open","ping_status":"open","sticky":false,"template":"","format":"standard","meta":{"footnotes":""},"categories":[23],"tags":[],"class_list":["post-500351","post","type-post","status-publish","format-standard","has-post-thumbnail","hentry","category-latinoamerica"],"_links":{"self":[{"href":"https:\/\/diarioelpopular.com\/index.php\/wp-json\/wp\/v2\/posts\/500351","targetHints":{"allow":["GET"]}}],"collection":[{"href":"https:\/\/diarioelpopular.com\/index.php\/wp-json\/wp\/v2\/posts"}],"about":[{"href":"https:\/\/diarioelpopular.com\/index.php\/wp-json\/wp\/v2\/types\/post"}],"author":[{"embeddable":true,"href":"https:\/\/diarioelpopular.com\/index.php\/wp-json\/wp\/v2\/users\/99"}],"replies":[{"embeddable":true,"href":"https:\/\/diarioelpopular.com\/index.php\/wp-json\/wp\/v2\/comments?post=500351"}],"version-history":[{"count":1,"href":"https:\/\/diarioelpopular.com\/index.php\/wp-json\/wp\/v2\/posts\/500351\/revisions"}],"predecessor-version":[{"id":500353,"href":"https:\/\/diarioelpopular.com\/index.php\/wp-json\/wp\/v2\/posts\/500351\/revisions\/500353"}],"wp:featuredmedia":[{"embeddable":true,"href":"https:\/\/diarioelpopular.com\/index.php\/wp-json\/wp\/v2\/media\/500352"}],"wp:attachment":[{"href":"https:\/\/diarioelpopular.com\/index.php\/wp-json\/wp\/v2\/media?parent=500351"}],"wp:term":[{"taxonomy":"category","embeddable":true,"href":"https:\/\/diarioelpopular.com\/index.php\/wp-json\/wp\/v2\/categories?post=500351"},{"taxonomy":"post_tag","embeddable":true,"href":"https:\/\/diarioelpopular.com\/index.php\/wp-json\/wp\/v2\/tags?post=500351"}],"curies":[{"name":"wp","href":"https:\/\/api.w.org\/{rel}","templated":true}]}}