{"id":500358,"date":"2021-11-20T13:18:20","date_gmt":"2021-11-20T17:18:20","guid":{"rendered":"https:\/\/diarioelpopular.com\/?p=500358"},"modified":"2021-11-20T13:18:20","modified_gmt":"2021-11-20T17:18:20","slug":"vladimiro-montesinos-es-condenado-a-17-anos-mas-de-carcel","status":"publish","type":"post","link":"https:\/\/diarioelpopular.com\/index.php\/2021\/11\/20\/vladimiro-montesinos-es-condenado-a-17-anos-mas-de-carcel\/","title":{"rendered":"Vladimiro Montesinos es condenado a 17 a\u00f1os m\u00e1s de c\u00e1rcel"},"content":{"rendered":"<div id=\"attachment_500360\" style=\"width: 646px\" class=\"wp-caption alignnone\"><img loading=\"lazy\" decoding=\"async\" aria-describedby=\"caption-attachment-500360\" class=\"size-custom-full-size wp-image-500360\" src=\"https:\/\/diarioelpopular.com\/wp-content\/uploads\/2021\/11\/1.20211119121027-636x400.jpg\" alt=\"\" width=\"636\" height=\"400\" srcset=\"https:\/\/diarioelpopular.com\/wp-content\/uploads\/2021\/11\/1.20211119121027-636x400.jpg 636w, https:\/\/diarioelpopular.com\/wp-content\/uploads\/2021\/11\/1.20211119121027-300x189.jpg 300w, https:\/\/diarioelpopular.com\/wp-content\/uploads\/2021\/11\/1.20211119121027-768x483.jpg 768w, https:\/\/diarioelpopular.com\/wp-content\/uploads\/2021\/11\/1.20211119121027-116x73.jpg 116w, https:\/\/diarioelpopular.com\/wp-content\/uploads\/2021\/11\/1.20211119121027.jpg 800w\" sizes=\"auto, (max-width: 636px) 100vw, 636px\" \/><p id=\"caption-attachment-500360\" class=\"wp-caption-text\"><em>Fue nuevamente declarado culpable Vladimiro Montesinos por cr\u00edmenes asociados al Golpe de Estado de Alberto Fujimori en Per\u00fa.<\/em><\/p><\/div>\n<p>Vladimiro Montesinos, qui\u00e9n fungi\u00f3 como asesor de inteligencia del expresidente peruano Alberto Fujimori\u00a0est\u00e1 preso desde 2001\u00a0y\u00a0cumple condenas por diversos delitos, como corrupci\u00f3n de funcionarios, conspiraci\u00f3n, desaparici\u00f3n forzada, homicidio calificado, lavado de activos, tr\u00e1fico de armas y usurpaci\u00f3n de funciones.<\/p>\n<p>Ahorafue declarado culpable del secuestro del periodista Gustavo Gorriti\u00a0tras el golpe de Estado de Fujimori el 5 de abril de 1992.<\/p>\n<p>Entre sus mayores condenas est\u00e1n 25 a\u00f1os de c\u00e1rcel por los cr\u00edmenes de Colina, as\u00ed como otros 20 a\u00f1os<b>\u00a0<\/b>por la venta ilegal (en 1999) de fusiles comprados en Jordania a las Farc.<\/p>\n<p>El poder judicial peruano inform\u00f3 que la sentencia fue dictada por la Cuarta Sala Penal Superior Nacional Liquidadora Transitoria, que tambi\u00e9n<b>\u00a0<\/b>conden\u00f3 a otros 12 exmandos de las Fuerzas Armadas<b>\u00a0<\/b>por haber coordinado el secuestro de periodistas y pol\u00edticos durante el golpe.<b><\/b><\/p>\n<p>Los sentenciados\u00a0deber\u00e1n pagar, en conjunto,\u00a0una reparaci\u00f3n civil de $550.137.500 d\u00f3lares a favor de los agraviados, entre los que estuvieron, adem\u00e1s de Gorriti, Abel Salinas, C\u00e9sar Barrera, Luis Negreiros, Jorge Del Castillo, Mirtha Cunza, Jorge Mantilla, Luis Kitasono, Fernando Reyes y Dionisio Luque.<\/p>\n<p>Durante el proceso, el fiscal Gino Quiroz<b>\u00a0<\/b>acus\u00f3 a Montesinos y a los exmandos militares del delito de secuestro agravado y pidi\u00f3 penas desde 10 a\u00f1os para los c\u00f3mplices, hasta 20 a\u00f1os para los autores mediatos (con dominio del hecho).<\/p>\n<p>Por su parte,\u00a0el abogado\u00a0de Gorriti, Juan Quispe, sostuvo que\u00a0se hab\u00eda demostrado que no se trat\u00f3 de una detenci\u00f3n ilegal, sino que fueron secuestrados y llevados a instalaciones militares durante el golpe\u00a0que dio Fujimori, quien cerr\u00f3 el Congreso y la Judicatura para asumir el poder.<\/p>\n<p>El secuestro de Gorriti, as\u00ed como del empresario Samuel Dyer, fue uno de los casos por los que fue enjuiciado y condenado a 25 a\u00f1os de c\u00e1rcel el expresidente Fujimori en 2009, quien tambi\u00e9n fue considerado \u201cautor mediato\u201d de las masacres de Barrios Altos y La Cantuta, cometidas por el grupo militar encubierto Colina en 1991 y 1992, respectivamente.<\/p>\n<p>&nbsp;<\/p>\n","protected":false},"excerpt":{"rendered":"<p>Vladimiro Montesinos, qui\u00e9n fungi\u00f3 como asesor de inteligencia del expresidente peruano Alberto Fujimori\u00a0est\u00e1 preso desde 2001\u00a0y\u00a0cumple condenas por diversos delitos, como corrupci\u00f3n de funcionarios, conspiraci\u00f3n,&hellip;<\/p>\n","protected":false},"author":99,"featured_media":500360,"comment_status":"open","ping_status":"open","sticky":false,"template":"","format":"standard","meta":{"footnotes":""},"categories":[23],"tags":[],"class_list":["post-500358","post","type-post","status-publish","format-standard","has-post-thumbnail","hentry","category-latinoamerica"],"_links":{"self":[{"href":"https:\/\/diarioelpopular.com\/index.php\/wp-json\/wp\/v2\/posts\/500358","targetHints":{"allow":["GET"]}}],"collection":[{"href":"https:\/\/diarioelpopular.com\/index.php\/wp-json\/wp\/v2\/posts"}],"about":[{"href":"https:\/\/diarioelpopular.com\/index.php\/wp-json\/wp\/v2\/types\/post"}],"author":[{"embeddable":true,"href":"https:\/\/diarioelpopular.com\/index.php\/wp-json\/wp\/v2\/users\/99"}],"replies":[{"embeddable":true,"href":"https:\/\/diarioelpopular.com\/index.php\/wp-json\/wp\/v2\/comments?post=500358"}],"version-history":[{"count":1,"href":"https:\/\/diarioelpopular.com\/index.php\/wp-json\/wp\/v2\/posts\/500358\/revisions"}],"predecessor-version":[{"id":500361,"href":"https:\/\/diarioelpopular.com\/index.php\/wp-json\/wp\/v2\/posts\/500358\/revisions\/500361"}],"wp:featuredmedia":[{"embeddable":true,"href":"https:\/\/diarioelpopular.com\/index.php\/wp-json\/wp\/v2\/media\/500360"}],"wp:attachment":[{"href":"https:\/\/diarioelpopular.com\/index.php\/wp-json\/wp\/v2\/media?parent=500358"}],"wp:term":[{"taxonomy":"category","embeddable":true,"href":"https:\/\/diarioelpopular.com\/index.php\/wp-json\/wp\/v2\/categories?post=500358"},{"taxonomy":"post_tag","embeddable":true,"href":"https:\/\/diarioelpopular.com\/index.php\/wp-json\/wp\/v2\/tags?post=500358"}],"curies":[{"name":"wp","href":"https:\/\/api.w.org\/{rel}","templated":true}]}}