{"id":500367,"date":"2021-11-22T13:14:18","date_gmt":"2021-11-22T17:14:18","guid":{"rendered":"https:\/\/diarioelpopular.com\/?p=500367"},"modified":"2021-11-22T13:14:18","modified_gmt":"2021-11-22T17:14:18","slug":"ontario-abrira-este-martes-el-portal-de-reserva-de-vacunas-covid-para-citas-de-ninos","status":"publish","type":"post","link":"https:\/\/diarioelpopular.com\/index.php\/2021\/11\/22\/ontario-abrira-este-martes-el-portal-de-reserva-de-vacunas-covid-para-citas-de-ninos\/","title":{"rendered":"Ontario abrir\u00e1 este martes el portal de reserva de vacunas COVID para citas de ni\u00f1os"},"content":{"rendered":"<h4><img loading=\"lazy\" decoding=\"async\" class=\"alignnone size-custom-full-size wp-image-500369\" src=\"https:\/\/diarioelpopular.com\/wp-content\/uploads\/2021\/11\/1.-e1617614751311-636x358.jpg\" alt=\"\" width=\"636\" height=\"358\" srcset=\"https:\/\/diarioelpopular.com\/wp-content\/uploads\/2021\/11\/1.-e1617614751311-636x358.jpg 636w, https:\/\/diarioelpopular.com\/wp-content\/uploads\/2021\/11\/1.-e1617614751311-300x169.jpg 300w, https:\/\/diarioelpopular.com\/wp-content\/uploads\/2021\/11\/1.-e1617614751311-768x432.jpg 768w, https:\/\/diarioelpopular.com\/wp-content\/uploads\/2021\/11\/1.-e1617614751311-130x73.jpg 130w, https:\/\/diarioelpopular.com\/wp-content\/uploads\/2021\/11\/1.-e1617614751311.jpg 800w\" sizes=\"auto, (max-width: 636px) 100vw, 636px\" \/><\/h4>\n<h4><em><strong>&#8211; Padres de esta provinciaa podr\u00e1n comenzar a reservar citas este martes para que sus hijos de cinco a 11 a\u00f1os reciban la vacuna Pfizer COVID-19.<\/strong><\/em><\/h4>\n<h3><em><strong>&#8211; Por qu\u00e9 la inflaci\u00f3n de los alimentos en Canad\u00e1 puede empeorar antes de mejorar<\/strong><\/em><\/h3>\n<p>&nbsp;<\/p>\n<p><em><strong>TORONTO.-<\/strong> <\/em>La provincia dijo que se espera que las citas comiencen el jueves, una vez que el suministro federal de la vacuna llegue a las unidades de salud p\u00fablica de todo el pa\u00eds.<\/p>\n<p>Las citas se pueden hacer a trav\u00e9s del sistema de reserva provincial a partir de las 8 a.m. de este martes, as\u00ed como a trav\u00e9s de las unidades de salud p\u00fablica que utilizan su propio sistema de reserva, las farmacias participantes y los proveedores de atenci\u00f3n primaria seleccionados.<\/p>\n<p>Para reservar una cita en l\u00ednea, los ni\u00f1os deben haber cumplido cinco a\u00f1os a finales de 2021 (es decir, nacidos en 2016).<\/p>\n<p>&#8220;Ofrecer la protecci\u00f3n de la vacuna a ni\u00f1os de cinco a 11 a\u00f1os es un hito importante en la lucha de Ontario contra el COVID-19 antes de la temporada navide\u00f1a&#8221;, dijo Elliott en un comunicado.<\/p>\n<p>Se espera que Ontario reciba 1.076.000 dosis de la vacuna pedi\u00e1trica Pfizer COVID-19 del gobierno federal.<\/p>\n<p>Health Canada aprob\u00f3 el pasado viernes la vacuna Pfizer para su uso en ni\u00f1os de cinco a 11 a\u00f1os y las primeras dosis llegaron al aeropuerto de Hamilton el domingo.<\/p>\n<p>Antes del anuncio de la provincia, la ciudad de Toronto dijo que esta semana abrir\u00e1 aproximadamente 20.000 citas para ni\u00f1os de ese grupo de edad entre el 25 de noviembre y el 5 de diciembre.<\/p>\n<p>Pfizer y su socio BioNTech dijeron que los resultados de sus ensayos en ni\u00f1os muestran resultados de seguridad y eficacia comparables a los registrados en un estudio anterior en adultos de 16 a 25 a\u00f1os.<\/p>\n<p>La vacuna para ni\u00f1os fue aprobada con un intervalo de tres semanas entre dosis, pero el Comit\u00e9 Asesor Nacional de Inmunizaci\u00f3n ha sugerido al menos ocho semanas entre dosis. La evidencia ha demostrado que un intervalo m\u00e1s largo entre dosis aumenta la eficacia del f\u00e1rmaco e incluso puede reducir el riesgo de efectos secundarios raros como la inflamaci\u00f3n del coraz\u00f3n.<\/p>\n<p>&nbsp;<\/p>\n<h3><em><strong>&#8211; Por qu\u00e9 la inflaci\u00f3n de los alimentos en Canad\u00e1 puede empeorar antes de mejorar<\/strong><\/em><\/h3>\n<p><img loading=\"lazy\" decoding=\"async\" class=\"alignnone size-custom-full-size wp-image-500368\" src=\"https:\/\/diarioelpopular.com\/wp-content\/uploads\/2021\/11\/1.download-636x335.jpg\" alt=\"\" width=\"636\" height=\"335\" srcset=\"https:\/\/diarioelpopular.com\/wp-content\/uploads\/2021\/11\/1.download-636x335.jpg 636w, https:\/\/diarioelpopular.com\/wp-content\/uploads\/2021\/11\/1.download-300x158.jpg 300w, https:\/\/diarioelpopular.com\/wp-content\/uploads\/2021\/11\/1.download-768x404.jpg 768w, https:\/\/diarioelpopular.com\/wp-content\/uploads\/2021\/11\/1.download-139x73.jpg 139w, https:\/\/diarioelpopular.com\/wp-content\/uploads\/2021\/11\/1.download.jpg 800w\" sizes=\"auto, (max-width: 636px) 100vw, 636px\" \/><\/p>\n<p>En lo que respecta a los precios de los alimentos, los canadienses pueden tener un invierno caro.<\/p>\n<p>La tasa de inflaci\u00f3n de Canad\u00e1 alcanz\u00f3 el 4,7% en octubre, el aumento de la tasa m\u00e1s r\u00e1pido en casi 19 a\u00f1os. La inflaci\u00f3n de alimentos para el mes se situ\u00f3 en 3.8 por ciento, pero a medida que finaliza la temporada de cultivo en Canad\u00e1 y los EE. UU. Para muchos tipos de productos frescos, los canadienses pueden recibir m\u00e1s sorpresas en la tienda de comestibles.<\/p>\n<p>La inflaci\u00f3n de los alimentos es notoriamente vol\u00e1til. Por ejemplo, los precios pueden subir o bajar considerablemente seg\u00fan el clima.<\/p>\n<p>Y en el invierno no es raro ver que los precios de los productos agr\u00edcolas suban un 10% o m\u00e1s simplemente porque se importan de m\u00e1s lejos, dice Michael von Massow, economista de alimentos de la Universidad de Guelph.<\/p>\n<p>Pero los enredos de la cadena de suministro que envuelven el comercio mundial est\u00e1n complicando la tarea de mantener a Canad\u00e1 abastecido de frutas y verduras fuera de temporada.<\/p>\n<p>Toma ar\u00e1ndanos (blueberries). Un env\u00edo procedente de Per\u00fa suele tardar entre 10 y 12 d\u00edas en llegar a Toronto, dice Larry Davidson, director ejecutivo de North American Produce Buyers, un comprador con sede en Ontario que vende al por mayor productos internacionales.<\/p>\n<p>Sin embargo, en estos d\u00edas, un contenedor de bayas (berries) tarda f\u00e1cilmente de 20 a 25 d\u00edas en llegar a su destino, dice Davidson.<\/p>\n<p>\u201cPara nosotros, como receptor, recibiremos un producto que llegar\u00e1 angustiado\u201d, dice.<\/p>\n<p>Causar retrasos es cualquier cosa, desde la escasez de contenedores hasta los puertos de respaldo, la escasez de trabajadores para cargar y descargar los barcos y tiempos de espera m\u00e1s largos de lo habitual para que los camiones recojan los productos, seg\u00fan Davidson.<\/p>\n<p>Una soluci\u00f3n alternativa es volar en productos frescos y perecederos, pero eso tiene un precio superior, dice von Massow.<\/p>\n<p>Los altos precios de la energ\u00eda tambi\u00e9n est\u00e1n presionando al alza los costos de los alimentos, acot\u00f3. Eso es especialmente cierto para los productos importados de EE. UU. Y otras partes del mundo, que tienen que viajar largas distancias, se\u00f1ala.<\/p>\n<p>Los precios de la carne vacuna en octubre ya eran un 14 por ciento m\u00e1s altos que el a\u00f1o anterior, pero von Massow cree que el aumento podr\u00eda crecer al 20 por ciento o incluso al 25 por ciento, dependiendo de cu\u00e1n persistente sea la sequ\u00eda.<\/p>\n<p>Inundaciones en B.C. tambi\u00e9n est\u00e1 teniendo repercusiones importantes en la cadena de suministro de alimentos de Canad\u00e1.<\/p>\n<p>Las interrupciones en las rutas de transporte clave significan que los agricultores en el valle de Fraser de Columbia Brit\u00e1nica tienen que deshacerse de productos perecederos como leche y huevos simplemente porque no hay camiones que transporten los productos al mercado, dice Sylvain Charlebois, director del Laboratorio de An\u00e1lisis Agroalimentario de la Universidad de Dalhousie. .<\/p>\n<p>\u201cDesafortunadamente, hay muchos desperdicios\u201d, dijo.<\/p>\n<p>Los alimentos m\u00e1s caros se llevar\u00e1n la mayor parte de los presupuestos de los canadienses de bajos ingresos, dice Pedro Antunes, economista jefe del Conference Board of Canada.<\/p>\n<p>\u201cCuando miramos los balances generales de los hogares en este momento, est\u00e1n en bastante buena forma en comparaci\u00f3n con donde est\u00e1bamos incluso en 2019\u201d, dice.<\/p>\n<p>Eso es cierto incluso para muchos hogares de bajos ingresos, gracias a los programas de apoyo a los ingresos COVID-19 implementados por el gobierno federal.<\/p>\n<p>Pero ahora que esos programas est\u00e1n llegando a su fin, \u201cla inflaci\u00f3n est\u00e1 erosionando los ahorros y los ingresos adicionales que encontramos muy, muy r\u00e1pidamente\u201d, dice.<\/p>\n","protected":false},"excerpt":{"rendered":"<p>&#8211; Padres de esta provinciaa podr\u00e1n comenzar a reservar citas este martes para que sus hijos de cinco a 11 a\u00f1os reciban la vacuna Pfizer&hellip;<\/p>\n","protected":false},"author":99,"featured_media":500369,"comment_status":"open","ping_status":"open","sticky":false,"template":"","format":"standard","meta":{"footnotes":""},"categories":[21,11191],"tags":[],"class_list":["post-500367","post","type-post","status-publish","format-standard","has-post-thumbnail","hentry","category-canada","category-top-news"],"_links":{"self":[{"href":"https:\/\/diarioelpopular.com\/index.php\/wp-json\/wp\/v2\/posts\/500367","targetHints":{"allow":["GET"]}}],"collection":[{"href":"https:\/\/diarioelpopular.com\/index.php\/wp-json\/wp\/v2\/posts"}],"about":[{"href":"https:\/\/diarioelpopular.com\/index.php\/wp-json\/wp\/v2\/types\/post"}],"author":[{"embeddable":true,"href":"https:\/\/diarioelpopular.com\/index.php\/wp-json\/wp\/v2\/users\/99"}],"replies":[{"embeddable":true,"href":"https:\/\/diarioelpopular.com\/index.php\/wp-json\/wp\/v2\/comments?post=500367"}],"version-history":[{"count":1,"href":"https:\/\/diarioelpopular.com\/index.php\/wp-json\/wp\/v2\/posts\/500367\/revisions"}],"predecessor-version":[{"id":500370,"href":"https:\/\/diarioelpopular.com\/index.php\/wp-json\/wp\/v2\/posts\/500367\/revisions\/500370"}],"wp:featuredmedia":[{"embeddable":true,"href":"https:\/\/diarioelpopular.com\/index.php\/wp-json\/wp\/v2\/media\/500369"}],"wp:attachment":[{"href":"https:\/\/diarioelpopular.com\/index.php\/wp-json\/wp\/v2\/media?parent=500367"}],"wp:term":[{"taxonomy":"category","embeddable":true,"href":"https:\/\/diarioelpopular.com\/index.php\/wp-json\/wp\/v2\/categories?post=500367"},{"taxonomy":"post_tag","embeddable":true,"href":"https:\/\/diarioelpopular.com\/index.php\/wp-json\/wp\/v2\/tags?post=500367"}],"curies":[{"name":"wp","href":"https:\/\/api.w.org\/{rel}","templated":true}]}}