{"id":500379,"date":"2021-11-22T13:23:31","date_gmt":"2021-11-22T17:23:31","guid":{"rendered":"https:\/\/diarioelpopular.com\/?p=500379"},"modified":"2021-11-22T13:23:31","modified_gmt":"2021-11-22T17:23:31","slug":"chile-kast-27-91-y-boric-25-83-resultado-final","status":"publish","type":"post","link":"https:\/\/diarioelpopular.com\/index.php\/2021\/11\/22\/chile-kast-27-91-y-boric-25-83-resultado-final\/","title":{"rendered":"Chile: Kast 27,91% y Boric 25,83%, resultado final"},"content":{"rendered":"<div id=\"attachment_500380\" style=\"width: 646px\" class=\"wp-caption alignnone\"><img loading=\"lazy\" decoding=\"async\" aria-describedby=\"caption-attachment-500380\" class=\"size-custom-full-size wp-image-500380\" src=\"https:\/\/diarioelpopular.com\/wp-content\/uploads\/2021\/11\/1.7272106-636x424.jpg\" alt=\"\" width=\"636\" height=\"424\" srcset=\"https:\/\/diarioelpopular.com\/wp-content\/uploads\/2021\/11\/1.7272106-636x424.jpg 636w, https:\/\/diarioelpopular.com\/wp-content\/uploads\/2021\/11\/1.7272106-300x200.jpg 300w, https:\/\/diarioelpopular.com\/wp-content\/uploads\/2021\/11\/1.7272106-768x512.jpg 768w, https:\/\/diarioelpopular.com\/wp-content\/uploads\/2021\/11\/1.7272106-110x73.jpg 110w, https:\/\/diarioelpopular.com\/wp-content\/uploads\/2021\/11\/1.7272106.jpg 800w\" sizes=\"auto, (max-width: 636px) 100vw, 636px\" \/><p id=\"caption-attachment-500380\" class=\"wp-caption-text\"><em>Jos\u00e9 Antonio Kast celebra su victoria. Ahora, balotaje<\/em><\/p><\/div>\n<h4><em><strong>&#8211; La Derecha nivela fuerzas en Congreso, pero llegan in\u00e9ditas figuras<\/strong><\/em><\/h4>\n<p><em><strong>SANTIAGO DE CHILE, 22 NOV &#8211;<\/strong> <\/em>El candidato del Frente Social Cristiano, el ultraderechista Jos\u00e9 Antonio Kast, se impuso finalmente con el 27,91% de los votos a su rival del pacto Apruebo Dignidad, el frenteamplista Gabriel Boric, 25,83%, en la primera vuelta electoral en Chile que deber\u00e1 definir en balotaje al pr\u00f3ximo presidente de la Rep\u00fablica, el 19 de diciembre.<br \/>\nEscrutadas el 99,99% de las mesas receptoras de sufragios, Kast recibi\u00f3 1.961.122 votos contra Boric que obtuvo 1.814.809, es decir una diferencia de 146.313 sufragios.<br \/>\nTan disputados estuvieron tambi\u00e9n los otros tres lugares, imponi\u00e9ndose el populista de derecha y l\u00edder del Partido de la Gente Franco Parisi, con el 12,80% (899.403) seguido del representante del oficialismo de derecha, Sebasti\u00e1n Sichel, 12,79% y 898.510 sufragios, mientras la centroizquierda Yasna Provoste consigui\u00f3 el 11,61% y 815.558 votos.<br \/>\nEn los dos \u00faltimos lugares quedaron el l\u00edder del partido Progresista, el cineasta Marco Enr\u00edquez-Ominami, con el 7,61% y 534.485 votos en tanto el ultraizquierdista Eduardo Art\u00e9s lleg\u00f3 apenas al 1,47% y 103.181 votos.<br \/>\nDel padr\u00f3n electoral de 14.959.955 vot\u00f3 el 47,34%, equivalente a 7.081.554 personas, mientras en el extranjero fue similar el porcentaje: 47,93% que representa a 34.036 chilenos de los 71.018 habilitados para votar en el exterior.<br \/>\nMientras en el Congreso, la derecha recuper\u00f3 su presencia al equilibrar a la oposici\u00f3n de izquierda.<br \/>\nPero surgieron in\u00e9ditas figuras como la primera mayor\u00eda para senadora de la regi\u00f3n Metropolitana de Fabiola Campillai, la primera con una discapacidad visual en llegar al Congreso. La joven madre proveniente de un estrato popular qued\u00f3 totalmente ciega en noviembre de 2019 -en el marco de las protestas del estallido social- al impactar en su rostro una bomba lacrim\u00f3gena lanzada por un carabinero cuando ella esperaba locomoci\u00f3n para trasladarse a su trabajo.<br \/>\nEn otro hecho hist\u00f3rico llegan a la C\u00e1mara Baja tres representantes del mundo l\u00e9sbico\/trans, con la elecci\u00f3n de Marcela Riquelme, Camila Musante y Emilia Schneider, expresidenta de la Federaci\u00f3n de Estudiantes de la Universidad de Chile y bisnieta del exjefe del Ej\u00e9rcito, general Ren\u00e9 Schneider, asesinado por fuerzas de derecha en 1970 para impedir el ascenso al poder del presidente socialista Salvador Allende.<br \/>\nDe las 27 senadur\u00edas en disputa, el pacto derechista de gobierno Chile Podemos M\u00e1s consigui\u00f3 12 representantes, mientras que el ganador Frente Social Cristiano, 1.<br \/>\nLa oposici\u00f3n de centroizquierda Nuevo Pacto Social conquist\u00f3 8 y Apruebo Dignidad 4. Candidaturas independientes 2.<br \/>\nEntre los 155 miembros que renov\u00f3 totalmente la C\u00e1mara de Diputados, se observ\u00f3 mayor dispersi\u00f3n: 53 representantes para Chile Podemos M\u00e1s, 15 Frente Social Cristiano, 6 para el Partido de la Gente, 37 Nuevo Pacto Social, 2 Partido Ecologista Verde, 3 Humanistas, 37 Apruebo Dignidad, 1 Independientes Unidos y 1 candidatura independiente.<\/p>\n","protected":false},"excerpt":{"rendered":"<p>&#8211; La Derecha nivela fuerzas en Congreso, pero llegan in\u00e9ditas figuras SANTIAGO DE CHILE, 22 NOV &#8211; El candidato del Frente Social Cristiano, el ultraderechista&hellip;<\/p>\n","protected":false},"author":99,"featured_media":500380,"comment_status":"open","ping_status":"open","sticky":false,"template":"","format":"standard","meta":{"footnotes":""},"categories":[23],"tags":[],"class_list":["post-500379","post","type-post","status-publish","format-standard","has-post-thumbnail","hentry","category-latinoamerica"],"_links":{"self":[{"href":"https:\/\/diarioelpopular.com\/index.php\/wp-json\/wp\/v2\/posts\/500379","targetHints":{"allow":["GET"]}}],"collection":[{"href":"https:\/\/diarioelpopular.com\/index.php\/wp-json\/wp\/v2\/posts"}],"about":[{"href":"https:\/\/diarioelpopular.com\/index.php\/wp-json\/wp\/v2\/types\/post"}],"author":[{"embeddable":true,"href":"https:\/\/diarioelpopular.com\/index.php\/wp-json\/wp\/v2\/users\/99"}],"replies":[{"embeddable":true,"href":"https:\/\/diarioelpopular.com\/index.php\/wp-json\/wp\/v2\/comments?post=500379"}],"version-history":[{"count":1,"href":"https:\/\/diarioelpopular.com\/index.php\/wp-json\/wp\/v2\/posts\/500379\/revisions"}],"predecessor-version":[{"id":500381,"href":"https:\/\/diarioelpopular.com\/index.php\/wp-json\/wp\/v2\/posts\/500379\/revisions\/500381"}],"wp:featuredmedia":[{"embeddable":true,"href":"https:\/\/diarioelpopular.com\/index.php\/wp-json\/wp\/v2\/media\/500380"}],"wp:attachment":[{"href":"https:\/\/diarioelpopular.com\/index.php\/wp-json\/wp\/v2\/media?parent=500379"}],"wp:term":[{"taxonomy":"category","embeddable":true,"href":"https:\/\/diarioelpopular.com\/index.php\/wp-json\/wp\/v2\/categories?post=500379"},{"taxonomy":"post_tag","embeddable":true,"href":"https:\/\/diarioelpopular.com\/index.php\/wp-json\/wp\/v2\/tags?post=500379"}],"curies":[{"name":"wp","href":"https:\/\/api.w.org\/{rel}","templated":true}]}}