{"id":500387,"date":"2021-11-23T10:27:28","date_gmt":"2021-11-23T14:27:28","guid":{"rendered":"https:\/\/diarioelpopular.com\/?p=500387"},"modified":"2021-11-23T10:27:28","modified_gmt":"2021-11-23T14:27:28","slug":"casi-la-mitad-de-los-canadienses-eliminaran-el-distanciamiento-social-en-las-fiestas-navidenas","status":"publish","type":"post","link":"https:\/\/diarioelpopular.com\/index.php\/2021\/11\/23\/casi-la-mitad-de-los-canadienses-eliminaran-el-distanciamiento-social-en-las-fiestas-navidenas\/","title":{"rendered":"Casi la mitad de los canadienses eliminar\u00e1n el distanciamiento social en las fiestas navide\u00f1as"},"content":{"rendered":"<p><img loading=\"lazy\" decoding=\"async\" class=\"alignnone size-custom-full-size wp-image-500388\" src=\"https:\/\/diarioelpopular.com\/wp-content\/uploads\/2021\/11\/1.PE4A-636x424.jpg\" alt=\"\" width=\"636\" height=\"424\" srcset=\"https:\/\/diarioelpopular.com\/wp-content\/uploads\/2021\/11\/1.PE4A-636x424.jpg 636w, https:\/\/diarioelpopular.com\/wp-content\/uploads\/2021\/11\/1.PE4A-300x200.jpg 300w, https:\/\/diarioelpopular.com\/wp-content\/uploads\/2021\/11\/1.PE4A-768x512.jpg 768w, https:\/\/diarioelpopular.com\/wp-content\/uploads\/2021\/11\/1.PE4A-110x73.jpg 110w, https:\/\/diarioelpopular.com\/wp-content\/uploads\/2021\/11\/1.PE4A.jpg 800w\" sizes=\"auto, (max-width: 636px) 100vw, 636px\" \/><\/p>\n<h4><em><strong>&#8211; Casi la mitad de los canadienses planean abandonar el distanciamiento social durante las reuniones navide\u00f1as y abrazar, besar y estrechar la mano de amigos y familiares, muestra una nueva encuesta.<\/strong><\/em><\/h4>\n<p><em><strong>OTTAWA.-<\/strong> <\/em>La encuesta de Leger en colaboraci\u00f3n con The Canadian Press encontr\u00f3 que el 45 por ciento de los canadienses dicen que &#8220;saludar\u00e1n a los dem\u00e1s con un apret\u00f3n de manos, un abrazo o un beso&#8221; en las fiestas de Navidad y otras reuniones festivas.<\/p>\n<p>En Ontario, la cantidad de personas preparadas para deshacerse del distanciamiento social durante las vacaciones de invierno aument\u00f3 al 50 por ciento, en comparaci\u00f3n con solo el 37 por ciento en B.C.<\/p>\n<p>Entre los j\u00f3venes de 18 a 34 a\u00f1os, la proporci\u00f3n de personas que se sienten c\u00f3modas con abrazar a amigos y familiares durante las vacaciones aument\u00f3 al 52 por ciento.<\/p>\n<p>Christian Bourque, vicepresidente ejecutivo de Leger, dijo que el hallazgo sugiere que los canadienses pueden estar volvi\u00e9ndose complacientes con el riesgo de COVID-19 porque est\u00e1n vacunados.<\/p>\n<p>El 49% de los canadienses confes\u00f3 que no ten\u00eda miedo de contraer el virus.<\/p>\n<p>\u201cLos canadienses est\u00e1n mostrando indicios de que se est\u00e1n relajando. Ahora que hay una quinta ola en Europa, los canadienses est\u00e1n indicando que se dirigen a una temporada navide\u00f1a en la que se arriesgar\u00e1n demasiado \u201d, dijo Bourque.<\/p>\n<p>Dijo que los hallazgos le sorprendieron porque, si bien &#8220;arriesgarse es cultural en Estados Unidos&#8221;, los canadienses tienden a ser m\u00e1s cautelosos. Dijo que la actitud audaz puede deberse a la &#8220;fatiga de COVID&#8221; o porque muchos canadienses ahora piensan: &#8220;Todos estamos vacunados en nuestra casa, \u00bfcu\u00e1l es el problema?&#8221;<\/p>\n<p>Al mismo tiempo, el 81 por ciento de los canadienses afirm\u00f3 que respetar\u00edan todas las medidas de seguridad &#8220;restantes&#8221; durante la temporada navide\u00f1a.<\/p>\n<p>No se puede asignar un margen de error a la encuesta de 1.547 canadienses entre el viernes y el domingo porque las encuestas realizadas en Internet no se consideran muestras verdaderamente aleatorias.<\/p>\n<p>El 47% de los canadienses dicen que preguntar\u00edan a las personas si est\u00e1n vacunados antes de invitarlos a una fiesta.<\/p>\n<p>Y solo el 35 por ciento dijo que invitar\u00eda a alguien que no est\u00e9 completamente vacunado a su hogar.<\/p>\n<p>M\u00e1s de un tercio planea celebrar con m\u00e1s amigos y familiares, aunque no en los niveles anteriores a COVID-19.<\/p>\n<p>Los canadienses contin\u00faan apretando sus cinturones con el 46 por ciento diciendo que no ten\u00edan planes de gastar m\u00e1s dinero durante las vacaciones que el a\u00f1o pasado. Solo el siete por ciento dijo que planeaba gastar &#8220;mucho m\u00e1s&#8221;.<\/p>\n<p>Poco m\u00e1s de un tercio de los canadienses dijeron que planeaban hacer sus compras en el centro comercial, como sol\u00edan hacer, y el 42 por ciento dijo que seguir\u00edan comprando en l\u00ednea.<\/p>\n<p>El sesenta por ciento de los canadienses buscar\u00eda el mejor precio y solo el 22 por ciento dijo que estar\u00eda dispuesto a gastar \u201cun poco m\u00e1s\u201d para apoyar a los minoristas locales.<\/p>\n<p>La encuesta sugiere que los canadienses no est\u00e1n acudiendo en masa para volar a lugares soleados durante el per\u00edodo pico de vacaciones, a pesar de la introducci\u00f3n de pasaportes de vacunas.<\/p>\n<p>Solo el 18 por ciento planea subirse a un avi\u00f3n para ver a amigos y familiares durante las vacaciones y el nueve por ciento tiene planes de volar a un lugar de vacaciones durante las vacaciones.<\/p>\n<p>El setenta y nueve por ciento de los canadienses apoyan los pasaportes de vacunas, mientras que el 21 por ciento de los canadienses dice que se oponen a ellos.<\/p>\n<p>Si bien el manejo del COVID-19 por parte del gobierno federal recibe un pulgar cauteloso por parte del p\u00fablico canadiense, la confianza en algunos primeros ministros provinciales sigue siendo d\u00e9bil.<\/p>\n<p>En Alberta, solo el 33 por ciento de los encuestados dijo estar satisfecho con las medidas que el primer ministro Jason Kenney hab\u00eda implementado para combatir el COVID-19, mientras que en Saskatchewan, el 37 por ciento estaba satisfecho con el plan de acci\u00f3n contra la pandemia del primer ministro Scott Moe.<\/p>\n<p>Esto se compara con el 77 por ciento de los residentes de Quebec que piensan que el primer ministro Francois Legault ha hecho un buen trabajo en la lucha contra el COVID-19.<\/p>\n<p>El sesenta y tres por ciento de los canadienses dicen estar satisfechos con las medidas tomadas por el gobierno del primer ministro Justin Trudeau para combatir el COVID-19.<\/p>\n<p>Un tercio est\u00e1 descontento con el manejo de la crisis por parte del gobierno.<\/p>\n<p>La encuesta encontr\u00f3 que solo el 51 por ciento de los canadienses cree que lo peor de la pandemia ya pas\u00f3.<\/p>\n","protected":false},"excerpt":{"rendered":"<p>&#8211; Casi la mitad de los canadienses planean abandonar el distanciamiento social durante las reuniones navide\u00f1as y abrazar, besar y estrechar la mano de amigos&hellip;<\/p>\n","protected":false},"author":99,"featured_media":500388,"comment_status":"open","ping_status":"open","sticky":false,"template":"","format":"standard","meta":{"footnotes":""},"categories":[21,11191],"tags":[],"class_list":["post-500387","post","type-post","status-publish","format-standard","has-post-thumbnail","hentry","category-canada","category-top-news"],"_links":{"self":[{"href":"https:\/\/diarioelpopular.com\/index.php\/wp-json\/wp\/v2\/posts\/500387","targetHints":{"allow":["GET"]}}],"collection":[{"href":"https:\/\/diarioelpopular.com\/index.php\/wp-json\/wp\/v2\/posts"}],"about":[{"href":"https:\/\/diarioelpopular.com\/index.php\/wp-json\/wp\/v2\/types\/post"}],"author":[{"embeddable":true,"href":"https:\/\/diarioelpopular.com\/index.php\/wp-json\/wp\/v2\/users\/99"}],"replies":[{"embeddable":true,"href":"https:\/\/diarioelpopular.com\/index.php\/wp-json\/wp\/v2\/comments?post=500387"}],"version-history":[{"count":1,"href":"https:\/\/diarioelpopular.com\/index.php\/wp-json\/wp\/v2\/posts\/500387\/revisions"}],"predecessor-version":[{"id":500389,"href":"https:\/\/diarioelpopular.com\/index.php\/wp-json\/wp\/v2\/posts\/500387\/revisions\/500389"}],"wp:featuredmedia":[{"embeddable":true,"href":"https:\/\/diarioelpopular.com\/index.php\/wp-json\/wp\/v2\/media\/500388"}],"wp:attachment":[{"href":"https:\/\/diarioelpopular.com\/index.php\/wp-json\/wp\/v2\/media?parent=500387"}],"wp:term":[{"taxonomy":"category","embeddable":true,"href":"https:\/\/diarioelpopular.com\/index.php\/wp-json\/wp\/v2\/categories?post=500387"},{"taxonomy":"post_tag","embeddable":true,"href":"https:\/\/diarioelpopular.com\/index.php\/wp-json\/wp\/v2\/tags?post=500387"}],"curies":[{"name":"wp","href":"https:\/\/api.w.org\/{rel}","templated":true}]}}