{"id":500391,"date":"2021-11-24T10:13:12","date_gmt":"2021-11-24T14:13:12","guid":{"rendered":"https:\/\/diarioelpopular.com\/?p=500391"},"modified":"2021-11-24T10:13:12","modified_gmt":"2021-11-24T14:13:12","slug":"preocupacion-como-poner-comida-en-la-mesa-a-medida-que-aumenta-la-inflacion","status":"publish","type":"post","link":"https:\/\/diarioelpopular.com\/index.php\/2021\/11\/24\/preocupacion-como-poner-comida-en-la-mesa-a-medida-que-aumenta-la-inflacion\/","title":{"rendered":"Preocupaci\u00f3n c\u00f3mo poner comida en la mesa a medida que aumenta la inflaci\u00f3n"},"content":{"rendered":"<p><img loading=\"lazy\" decoding=\"async\" class=\"alignnone size-custom-full-size wp-image-500392\" src=\"https:\/\/diarioelpopular.com\/wp-content\/uploads\/2021\/11\/1.01121-636x358.jpg\" alt=\"\" width=\"636\" height=\"358\" srcset=\"https:\/\/diarioelpopular.com\/wp-content\/uploads\/2021\/11\/1.01121-636x358.jpg 636w, https:\/\/diarioelpopular.com\/wp-content\/uploads\/2021\/11\/1.01121-300x169.jpg 300w, https:\/\/diarioelpopular.com\/wp-content\/uploads\/2021\/11\/1.01121-768x432.jpg 768w, https:\/\/diarioelpopular.com\/wp-content\/uploads\/2021\/11\/1.01121-130x73.jpg 130w, https:\/\/diarioelpopular.com\/wp-content\/uploads\/2021\/11\/1.01121.jpg 800w\" sizes=\"auto, (max-width: 636px) 100vw, 636px\" \/><\/p>\n<h4><em><strong>&#8211; Casi cuatro de cada cinco canadienses est\u00e1n muy preocupados por el aumento de la inflaci\u00f3n, seg\u00fan una nueva encuesta de Ipsos realizada exclusivamente para Global News.<\/strong><\/em><\/h4>\n<p><em><strong>OTTAWA.-<\/strong> <\/em>A medida que la tasa de inflaci\u00f3n anual de Canad\u00e1 alcanz\u00f3 el 4,7 por ciento en octubre, el ritmo m\u00e1s r\u00e1pido en casi 19 a\u00f1os, el aumento de los costos de vida se ha convertido en una de las principales preocupaciones para el 78 por ciento de los canadienses, seg\u00fan la encuesta. Solo el seis por ciento dijo que no estaba preocupado en absoluto por el aumento de los precios.<\/p>\n<p>Entre los m\u00e1s propensos a preocuparse por la inflaci\u00f3n se encuentran los padres de amili, muestra la encuesta de Ipsos. Seis de cada 10 encuestados con hijos menores de 18 a\u00f1os dijeron que les preocupaba no tener suficiente dinero para alimentar a su familia, en comparaci\u00f3n con cuatro de cada 10 que dijeron lo mismo en general.<\/p>\n<p>&#8220;Las personas que van a ser realmente abofeteadas por lo que est\u00e1 sucediendo con la inflaci\u00f3n y el aumento del costo de vida son aquellos miembros muy precarios de la poblaci\u00f3n m\u00e1s joven que est\u00e1n tratando de conseguir trabajos m\u00e1s estables&#8221;, dice Darrell Bricker, director ejecutivo de Ipsos Public. Asuntos.<\/p>\n<p>&#8220;Est\u00e1n teniendo dificultades para pagar bienes ra\u00edces muy costosos en nuestras principales ciudades y tambi\u00e9n est\u00e1n luchando incluso para comenzar y criar familias, cosas que la gente sol\u00eda dar por sentado&#8221;.<\/p>\n<p>El precio promedio nacional de una vivienda en Canad\u00e1 alcanz\u00f3 los $ 716.585 en octubre de 2021, casi un 33 por ciento m\u00e1s desde el inicio de la pandemia, seg\u00fan datos de la Asociaci\u00f3n Canadiense de Bienes Ra\u00edces.<\/p>\n<p>En una historia de comestibles en Saskatoon, Amanda Dyck dice que la factura de la comida para su familia de cinco ahora es de alrededor de $ 200 por mes m\u00e1s de lo que sol\u00eda ser no hace mucho tiempo.<\/p>\n<p>&#8220;Las frutas y verduras son las peores&#8221;, dice. \u201cSon realmente dif\u00edciles de pagar en estos d\u00edas, pero cuando tienes hijos, ellos los necesitan. \u00bfQu\u00e9 puedes hacer?&#8221;<\/p>\n<p>Para controlar los costos, Dyck dice que depende m\u00e1s de las comidas congeladas, se abastece de productos cuando est\u00e1n a la venta y los congela o enlata, y compra carne de los agricultores locales.<\/p>\n<p>Los problemas de la cadena de suministro y el clima extremo est\u00e1n contribuyendo al aumento de los precios de los alimentos en Canad\u00e1 y en todo el mundo. A nivel mundial, los precios de los alimentos han aumentado en m\u00e1s del 30 por ciento durante el a\u00f1o pasado, dijo la Organizaci\u00f3n de las Naciones Unidas para la Agricultura y la Alimentaci\u00f3n a principios de noviembre.<\/p>\n<p>La inflaci\u00f3n de los alimentos se situ\u00f3 en un 3,8% en octubre, pero a medida que finaliza la temporada de cultivo en Canad\u00e1 y partes de EE. UU., Los expertos advierten que los canadienses pueden sufrir m\u00e1s conmociones en la tienda de comestibles.<\/p>\n<p>Los precios de la carne de res para el mes ya eran un 14 por ciento m\u00e1s altos que el a\u00f1o anterior, un aumento que refleja, en parte, el impacto de la severa sequ\u00eda que ha afectado al oeste de Canad\u00e1 y al oeste de los EE. UU. Y ha obligado a muchos ganaderos a liquidar una parte mayor de lo habitual. de sus reba\u00f1os.<\/p>\n<p>Inundaciones en B.C. tambi\u00e9n est\u00e1 teniendo repercusiones importantes en la cadena de suministro de alimentos de Canad\u00e1. El devastador diluvio ha afectado tanto a la producci\u00f3n agr\u00edcola local y ha cortado temporalmente el puerto de Vancouver, una importante puerta de entrada tanto para las importaciones de alimentos como para los productos agr\u00edcolas canadienses que se dirigen al extranjero.<\/p>\n<p>En todo el pa\u00eds, los encuestados en Alberta fueron los m\u00e1s propensos a expresar preocupaci\u00f3n por su capacidad para alimentar a su familia, seg\u00fan la encuesta de Ipsos.<\/p>\n<p>El 54% de los habitantes de Alberta dijeron que les preocupaba poner comida en la mesa, en comparaci\u00f3n con el 49% en Quebec, el 48% en el Atl\u00e1ntico canadiense, el 44% en Saskatchewan y Manitoba, el 40% en Ontario y el 38%. en BC Sin embargo, la encuesta se realiz\u00f3 en parte antes del inicio de las inundaciones en B.C.<\/p>\n<p>\u201cAlberta estaba en una posici\u00f3n econ\u00f3micamente muy precaria mucho antes de todo lo que est\u00e1 sucediendo en este momento. As\u00ed que la gente ya est\u00e1 en sinton\u00eda para temer que las cosas cambien en la econom\u00eda \u201d, dice Bricker.<\/p>\n<p>En general, las preocupaciones sobre la inflaci\u00f3n reflejan el impacto psicol\u00f3gicamente desestabilizador de los precios en r\u00e1pido aumento, dice Bricker.<\/p>\n<p>\u201cLo que hace (la inflaci\u00f3n) es que sacude su sentido de estabilidad. Y cuando cambiamos el sentido de estabilidad de alguien, independientemente de cu\u00e1les sean los aspectos objetivos de su situaci\u00f3n financiera, comienza a sentirse m\u00e1s en peligro que el d\u00eda anterior &#8220;.<\/p>\n","protected":false},"excerpt":{"rendered":"<p>&#8211; Casi cuatro de cada cinco canadienses est\u00e1n muy preocupados por el aumento de la inflaci\u00f3n, seg\u00fan una nueva encuesta de Ipsos realizada exclusivamente para&hellip;<\/p>\n","protected":false},"author":99,"featured_media":500392,"comment_status":"open","ping_status":"open","sticky":false,"template":"","format":"standard","meta":{"footnotes":""},"categories":[21,11191],"tags":[],"class_list":["post-500391","post","type-post","status-publish","format-standard","has-post-thumbnail","hentry","category-canada","category-top-news"],"_links":{"self":[{"href":"https:\/\/diarioelpopular.com\/index.php\/wp-json\/wp\/v2\/posts\/500391","targetHints":{"allow":["GET"]}}],"collection":[{"href":"https:\/\/diarioelpopular.com\/index.php\/wp-json\/wp\/v2\/posts"}],"about":[{"href":"https:\/\/diarioelpopular.com\/index.php\/wp-json\/wp\/v2\/types\/post"}],"author":[{"embeddable":true,"href":"https:\/\/diarioelpopular.com\/index.php\/wp-json\/wp\/v2\/users\/99"}],"replies":[{"embeddable":true,"href":"https:\/\/diarioelpopular.com\/index.php\/wp-json\/wp\/v2\/comments?post=500391"}],"version-history":[{"count":1,"href":"https:\/\/diarioelpopular.com\/index.php\/wp-json\/wp\/v2\/posts\/500391\/revisions"}],"predecessor-version":[{"id":500393,"href":"https:\/\/diarioelpopular.com\/index.php\/wp-json\/wp\/v2\/posts\/500391\/revisions\/500393"}],"wp:featuredmedia":[{"embeddable":true,"href":"https:\/\/diarioelpopular.com\/index.php\/wp-json\/wp\/v2\/media\/500392"}],"wp:attachment":[{"href":"https:\/\/diarioelpopular.com\/index.php\/wp-json\/wp\/v2\/media?parent=500391"}],"wp:term":[{"taxonomy":"category","embeddable":true,"href":"https:\/\/diarioelpopular.com\/index.php\/wp-json\/wp\/v2\/categories?post=500391"},{"taxonomy":"post_tag","embeddable":true,"href":"https:\/\/diarioelpopular.com\/index.php\/wp-json\/wp\/v2\/tags?post=500391"}],"curies":[{"name":"wp","href":"https:\/\/api.w.org\/{rel}","templated":true}]}}