{"id":500398,"date":"2021-11-25T12:11:03","date_gmt":"2021-11-25T16:11:03","guid":{"rendered":"https:\/\/diarioelpopular.com\/?p=500398"},"modified":"2021-11-25T12:11:03","modified_gmt":"2021-11-25T16:11:03","slug":"hrw-acusa-al-presidente-de-peru-de-atentar-contra-libertad-de-expresion","status":"publish","type":"post","link":"https:\/\/diarioelpopular.com\/index.php\/2021\/11\/25\/hrw-acusa-al-presidente-de-peru-de-atentar-contra-libertad-de-expresion\/","title":{"rendered":"HRW acusa al presidente de Per\u00fa de atentar contra libertad de expresi\u00f3n"},"content":{"rendered":"<div id=\"attachment_500399\" style=\"width: 646px\" class=\"wp-caption alignnone\"><img loading=\"lazy\" decoding=\"async\" aria-describedby=\"caption-attachment-500399\" class=\"size-custom-full-size wp-image-500399\" src=\"https:\/\/diarioelpopular.com\/wp-content\/uploads\/2021\/11\/1._20211124162947-636x400.jpg\" alt=\"\" width=\"636\" height=\"400\" srcset=\"https:\/\/diarioelpopular.com\/wp-content\/uploads\/2021\/11\/1._20211124162947-636x400.jpg 636w, https:\/\/diarioelpopular.com\/wp-content\/uploads\/2021\/11\/1._20211124162947-300x189.jpg 300w, https:\/\/diarioelpopular.com\/wp-content\/uploads\/2021\/11\/1._20211124162947-768x483.jpg 768w, https:\/\/diarioelpopular.com\/wp-content\/uploads\/2021\/11\/1._20211124162947-116x73.jpg 116w, https:\/\/diarioelpopular.com\/wp-content\/uploads\/2021\/11\/1._20211124162947.jpg 800w\" sizes=\"auto, (max-width: 636px) 100vw, 636px\" \/><p id=\"caption-attachment-500399\" class=\"wp-caption-text\"><em>El presidente de Per\u00fa, Pedro Castillo, fue acusado por una organizaci\u00f3n internacional de socavar la libertad de expresi\u00f3n en su pa\u00eds.<\/em><br \/><em>FOTO: EFE.<\/em><\/p><\/div>\n<h4 class=\"lead cita\"><em><strong>&#8211; La situaci\u00f3n no es ajena a los comentarios de otros funcionarios del gabinete de Pedro Castillo.<\/strong><\/em><\/h4>\n<p>Jos\u00e9 Miguel Vivanco, director para la regi\u00f3n de Human Rights Watch, acus\u00f3 al presidente de Per\u00fa, Pedro Castillo, de\u00a0socavar la libertad de expresi\u00f3n,\u00a0luego de que el mandatario amenazara con dejar sin publicidad estatal a los medios de comunicaci\u00f3n que, bajo su criterio, desinformen y tergiversen.<\/p>\n<p>\u201cEl uso arbitrario de fondos p\u00fablicos para premiar a aduladores del gobierno y castigar a cr\u00edticos socava la libertad de expresi\u00f3n\u201d, escribi\u00f3 Vivanco en Twitter. El director chileno agreg\u00f3 que el discurso usado por Castillo es \u201cya conocido en Am\u00e9rica Latina al\u00a0amenazar con retirar la publicidad oficial\u00a0de los medios que no le gustan\u201d.<\/p>\n<p>Sus afirmaciones se dan un d\u00eda despu\u00e9s de que el presidente peruano criticara que varios medios de comunicaci\u00f3n nacionales difundieron videos de su reciente visita a Arequipa, Per\u00fa, donde se observa que\u00a0algunas personas le insultaban, increpaban y exig\u00edan su destituci\u00f3n.<\/p>\n<p>\u201cDebo condenar\u00a0algunas actitudes nefastas de algunos medios de comunicaci\u00f3n,\u00a0que han editado que estaba solo y que la gente ped\u00eda vacancia, cuando no es cierto\u201d, manifest\u00f3 Castillo en su visita a la comunidad campesina de Chopcca, en la regi\u00f3n de Huancavelica.<\/p>\n<p>El mandatario a\u00f1adi\u00f3 que, desde su punto de vista, estos medios de comunicaci\u00f3n piden que, \u201cen vez de darle agua a los pueblos,\u00a0se les d\u00e9 presupuestopara que hablen bien del Gobierno\u201d.<\/p>\n<p>\u201cNo me voy a permitir darle ni un centavo a aquellos que tergiversan la realidad, a aquellos que no quieren ver al pueblo, a aquellos que quieren hacer creer otra cosa\u201d, manifest\u00f3 el presidente peruano.<\/p>\n<p><b>Castillo no es el \u00fanico<\/b><\/p>\n<p>Estas pol\u00e9micas declaraciones se produjeron un d\u00eda despu\u00e9s de que el ministro de Energ\u00eda y Minas, Eduardo Gonz\u00e1lez, declarase que solo atender\u00eda a los periodistas de los\u00a0medios de comunicaci\u00f3n que no le creen problemas.<\/p>\n<p>Otro ejemplo es el del ministro de Transportes y Comunicaciones,\u00a0Juan Francisco Silva, quien lament\u00f3 que el canal estatal TV Per\u00fa fuese cr\u00edtico con el Gobierno.<\/p>\n<p>A ello se suma el largo periodo del presidente sin dar entrevistas, pues no concede ninguna desde que gan\u00f3 la segunda vuelta de las elecciones presidenciales, en junio pasado.<\/p>\n<p>En sus intervenciones p\u00fablicas, el mandatario tampoco responde a preguntas de los periodistas y se limita a hacer declaraciones sin opci\u00f3n a r\u00e9plica.<\/p>\n<p><b>Tensi\u00f3n en \u00e9poca electoral<\/b><\/p>\n<p>La dif\u00edcil relaci\u00f3n entre Castillo y varios de los grandes medios de comunicaci\u00f3n de Lima se vislumbr\u00f3 durante la polarizada campa\u00f1a electoral para la segunda vuelta presidencial del 6 de junio, cuando un sector mayoritario de la prensa lime\u00f1a\u00a0ensalz\u00f3 el discurso de la derecha peruana\u00a0contra el entonces candidato del partido marxista Per\u00fa Libre.<\/p>\n<p>En varias ocasiones, Castillo denunci\u00f3 haber sido injustamente \u201cterruqueado\u201d (calificado de terrorista) por varios medios de comunicaci\u00f3n que lo tildaron de esa manera por haber liderado una facci\u00f3n disidente del tradicional Sindicato \u00danico de Trabajadores de la Educaci\u00f3n del Per\u00fa (Sutep), con presuntos nexos con el Movadef, el brazo pol\u00edtico del grupo terrorista\u00a0Sendero Luminoso, algo que \u00e9l siempre ha negado.<\/p>\n<p>La crispaci\u00f3n pol\u00edtica generada durante la segunda vuelta electoral peruana se ha mantenido desde que Castillo asumi\u00f3 la Presidencia, con enfrentamientos con la oposici\u00f3n, que domina el Congreso y\u00a0cuestiona e interpela constantemente a ministros, e incluso busca oficializar un pedido para que se debata la destituci\u00f3n del gobernante por \u201cincapacidad moral\u201d.<\/p>\n","protected":false},"excerpt":{"rendered":"<p>&#8211; La situaci\u00f3n no es ajena a los comentarios de otros funcionarios del gabinete de Pedro Castillo. Jos\u00e9 Miguel Vivanco, director para la regi\u00f3n de&hellip;<\/p>\n","protected":false},"author":99,"featured_media":500399,"comment_status":"open","ping_status":"open","sticky":false,"template":"","format":"standard","meta":{"footnotes":""},"categories":[23],"tags":[],"class_list":["post-500398","post","type-post","status-publish","format-standard","has-post-thumbnail","hentry","category-latinoamerica"],"_links":{"self":[{"href":"https:\/\/diarioelpopular.com\/index.php\/wp-json\/wp\/v2\/posts\/500398","targetHints":{"allow":["GET"]}}],"collection":[{"href":"https:\/\/diarioelpopular.com\/index.php\/wp-json\/wp\/v2\/posts"}],"about":[{"href":"https:\/\/diarioelpopular.com\/index.php\/wp-json\/wp\/v2\/types\/post"}],"author":[{"embeddable":true,"href":"https:\/\/diarioelpopular.com\/index.php\/wp-json\/wp\/v2\/users\/99"}],"replies":[{"embeddable":true,"href":"https:\/\/diarioelpopular.com\/index.php\/wp-json\/wp\/v2\/comments?post=500398"}],"version-history":[{"count":1,"href":"https:\/\/diarioelpopular.com\/index.php\/wp-json\/wp\/v2\/posts\/500398\/revisions"}],"predecessor-version":[{"id":500400,"href":"https:\/\/diarioelpopular.com\/index.php\/wp-json\/wp\/v2\/posts\/500398\/revisions\/500400"}],"wp:featuredmedia":[{"embeddable":true,"href":"https:\/\/diarioelpopular.com\/index.php\/wp-json\/wp\/v2\/media\/500399"}],"wp:attachment":[{"href":"https:\/\/diarioelpopular.com\/index.php\/wp-json\/wp\/v2\/media?parent=500398"}],"wp:term":[{"taxonomy":"category","embeddable":true,"href":"https:\/\/diarioelpopular.com\/index.php\/wp-json\/wp\/v2\/categories?post=500398"},{"taxonomy":"post_tag","embeddable":true,"href":"https:\/\/diarioelpopular.com\/index.php\/wp-json\/wp\/v2\/tags?post=500398"}],"curies":[{"name":"wp","href":"https:\/\/api.w.org\/{rel}","templated":true}]}}