{"id":500433,"date":"2021-11-28T13:50:12","date_gmt":"2021-11-28T17:50:12","guid":{"rendered":"https:\/\/diarioelpopular.com\/?p=500433"},"modified":"2021-11-28T13:50:12","modified_gmt":"2021-11-28T17:50:12","slug":"argentina-introduce-el-pasaporte-verde","status":"publish","type":"post","link":"https:\/\/diarioelpopular.com\/index.php\/2021\/11\/28\/argentina-introduce-el-pasaporte-verde\/","title":{"rendered":"Argentina introduce el pasaporte verde"},"content":{"rendered":"<div id=\"attachment_500434\" style=\"width: 646px\" class=\"wp-caption alignnone\"><img loading=\"lazy\" decoding=\"async\" aria-describedby=\"caption-attachment-500434\" class=\"size-custom-full-size wp-image-500434\" src=\"https:\/\/diarioelpopular.com\/wp-content\/uploads\/2021\/11\/1.2792ff781ee-636x424.jpg\" alt=\"\" width=\"636\" height=\"424\" srcset=\"https:\/\/diarioelpopular.com\/wp-content\/uploads\/2021\/11\/1.2792ff781ee-636x424.jpg 636w, https:\/\/diarioelpopular.com\/wp-content\/uploads\/2021\/11\/1.2792ff781ee-300x200.jpg 300w, https:\/\/diarioelpopular.com\/wp-content\/uploads\/2021\/11\/1.2792ff781ee-768x512.jpg 768w, https:\/\/diarioelpopular.com\/wp-content\/uploads\/2021\/11\/1.2792ff781ee-110x73.jpg 110w, https:\/\/diarioelpopular.com\/wp-content\/uploads\/2021\/11\/1.2792ff781ee.jpg 800w\" sizes=\"auto, (max-width: 636px) 100vw, 636px\" \/><p id=\"caption-attachment-500434\" class=\"wp-caption-text\">La ministra de Salud argentina, Carla Vizzotti<\/p><\/div>\n<h4><em><strong>&#8211; Sigue sin abrir vuelos a Africa. &#8220;A vacunarse&#8221;, ministra<\/strong><\/em><\/h4>\n<p><em><strong>BUENOS AIRES 28 NOV &#8211;<\/strong><\/em> La ministra de Salud de Argentina, Carla Vizzotti, anunci\u00f3 hoy la implementaci\u00f3n de un pase sanitario para reuniones masivas, llam\u00f3 a redoblar los esfuerzos y exhort\u00f3 a completar la campa\u00f1a de vacunaci\u00f3n.<br \/>\nLa funcionaria anticip\u00f3, adem\u00e1s, que se prepara un paso sanitario para los mayores de 13 a\u00f1os para acelerar la inmunizaci\u00f3n, seg\u00fan lo reflejan los peri\u00f3dicos locales en sus portales online. El pase verde, que comenzar\u00e1 a instrumentarse en Argentina, &#8220;va a estar en la app Cuidar (se implementa desde casi el comienzo de la pandemia)&#8221; y &#8220;es algo que tiene cierta complejidad, pero en el Consejo Federal de Salud hubo acuerdo en que este es el momento de implementar esta nueva estrategia&#8221;, detall\u00f3 la funcionaria.<br \/>\nEl pasaporte, detall\u00f3 Vizzotti, a\u00fan no tiene fecha de implementaci\u00f3n ante la amenaza que representa la nueva variante Omicr\u00f3n del Covid-19 y solicit\u00f3 la colaboraci\u00f3n de las provincias, los municipios y el sector privado para realizar los controles necesarios.<br \/>\n&#8220;Si no se empoderan para utilizar la app o realizar los controles la medida va a tener menos impacto&#8221;, se\u00f1al\u00f3 Vizzoti entrevistada por Radio 10.<br \/>\nEl viernes pasado, la ministra de Salud brind\u00f3 una conferencia desde Casa Rosada, donde anunci\u00f3, adem\u00e1s, que el Gobierno postergar\u00e1 el regreso de los vuelos directos a Africa.<br \/>\n&#8220;El pase sanitario que acordamos con las jurisdicciones es tener el esquema completo desde los 14 d\u00edas antes de realizar esa actividad de mayor riesgo, que son eventos masivos y actividades en lugares cerrados. Estamos trabajando con innovaci\u00f3n, que ya est\u00e1 listo, para implementar este pase sanitario con la aplicaci\u00f3n Cuidar y con la secretar\u00eda Legal y T\u00e9cnica para definir la normativa&#8221;, indic\u00f3 la ministra.<br \/>\nLa implementaci\u00f3n de ese pase sanitario &#8220;va empezar a estimular&#8221; y &#8220;ver qui\u00e9nes se han relajado o han dicho &#8216;bueno lo hacemos m\u00e1s adelante'&#8221;, enfatiz\u00f3 y agreg\u00f3 que acelerar esa idea &#8220;es muy importante&#8221;.<br \/>\nOtro elemento de para evitar el ingreso de la variante Omicron es la suspensi\u00f3n de los vuelos directos de Africa. &#8220;Las suspensiones de vuelos en Estados Unidos y Europa impacta positivamente en los vuelos a la Argentina. Quienes hayan estado los \u00faltimos 14 d\u00edas en pa\u00edses africanos o con circulaci\u00f3n del virus van a tener que hacer un aislamiento de 10 d\u00edas y un PCR negativo&#8221;, a\u00f1adi\u00f3.<br \/>\n&#8220;Aceleremos la vacunaci\u00f3n, minimicemos el riesgo. En esos lugares que son espacios cerrados y en eventos masivos es donde hay mayor riesgo. Si las personas est\u00e1n con su esquema completo el riesgo de quienes asistan a esos eventos tambi\u00e9n baja y el riesgo de un impacto sanitario en el pa\u00eds tambi\u00e9n baja. Si las provincias nos empoderan y podemos hacer los controles con la app va a tener menos impacto&#8221;, argument\u00f3.<br \/>\n&#8220;Tenemos a siete millones de personas en condiciones de recibir la segunda dosis y de completar el esquema pero todav\u00eda no lo han hecho&#8221;, alert\u00f3 Vizzotti.<br \/>\n&#8220;Debemos avanzar muy r\u00e1pido en que se completen los esquemas previstos. Esperamos que puedan completarlo porque las vacunas est\u00e1n&#8221;, complet\u00f3.<br \/>\nSeg\u00fan la ministra Argentina tiene al 80% de la poblaci\u00f3n con una dosis y al 64% con dos dosis y ya se est\u00e1 avanzando con la vacunaci\u00f3n en menores. &#8220;A vacunarse por favor. Esta pandemia no termin\u00f3&#8221;, cerr\u00f3.<\/p>\n<p>&nbsp;<\/p>\n","protected":false},"excerpt":{"rendered":"<p>&#8211; Sigue sin abrir vuelos a Africa. &#8220;A vacunarse&#8221;, ministra BUENOS AIRES 28 NOV &#8211; La ministra de Salud de Argentina, Carla Vizzotti, anunci\u00f3 hoy&hellip;<\/p>\n","protected":false},"author":99,"featured_media":500434,"comment_status":"open","ping_status":"open","sticky":false,"template":"","format":"standard","meta":{"footnotes":""},"categories":[23],"tags":[],"class_list":["post-500433","post","type-post","status-publish","format-standard","has-post-thumbnail","hentry","category-latinoamerica"],"_links":{"self":[{"href":"https:\/\/diarioelpopular.com\/index.php\/wp-json\/wp\/v2\/posts\/500433","targetHints":{"allow":["GET"]}}],"collection":[{"href":"https:\/\/diarioelpopular.com\/index.php\/wp-json\/wp\/v2\/posts"}],"about":[{"href":"https:\/\/diarioelpopular.com\/index.php\/wp-json\/wp\/v2\/types\/post"}],"author":[{"embeddable":true,"href":"https:\/\/diarioelpopular.com\/index.php\/wp-json\/wp\/v2\/users\/99"}],"replies":[{"embeddable":true,"href":"https:\/\/diarioelpopular.com\/index.php\/wp-json\/wp\/v2\/comments?post=500433"}],"version-history":[{"count":1,"href":"https:\/\/diarioelpopular.com\/index.php\/wp-json\/wp\/v2\/posts\/500433\/revisions"}],"predecessor-version":[{"id":500435,"href":"https:\/\/diarioelpopular.com\/index.php\/wp-json\/wp\/v2\/posts\/500433\/revisions\/500435"}],"wp:featuredmedia":[{"embeddable":true,"href":"https:\/\/diarioelpopular.com\/index.php\/wp-json\/wp\/v2\/media\/500434"}],"wp:attachment":[{"href":"https:\/\/diarioelpopular.com\/index.php\/wp-json\/wp\/v2\/media?parent=500433"}],"wp:term":[{"taxonomy":"category","embeddable":true,"href":"https:\/\/diarioelpopular.com\/index.php\/wp-json\/wp\/v2\/categories?post=500433"},{"taxonomy":"post_tag","embeddable":true,"href":"https:\/\/diarioelpopular.com\/index.php\/wp-json\/wp\/v2\/tags?post=500433"}],"curies":[{"name":"wp","href":"https:\/\/api.w.org\/{rel}","templated":true}]}}