{"id":500436,"date":"2021-11-28T13:53:17","date_gmt":"2021-11-28T17:53:17","guid":{"rendered":"https:\/\/diarioelpopular.com\/?p=500436"},"modified":"2021-11-28T13:53:17","modified_gmt":"2021-11-28T17:53:17","slug":"mexico-alza-la-voz-ante-las-imposiciones","status":"publish","type":"post","link":"https:\/\/diarioelpopular.com\/index.php\/2021\/11\/28\/mexico-alza-la-voz-ante-las-imposiciones\/","title":{"rendered":"M\u00e9xico alza la voz ante las imposiciones"},"content":{"rendered":"<div id=\"attachment_500437\" style=\"width: 646px\" class=\"wp-caption alignnone\"><img loading=\"lazy\" decoding=\"async\" aria-describedby=\"caption-attachment-500437\" class=\"size-custom-full-size wp-image-500437\" src=\"https:\/\/diarioelpopular.com\/wp-content\/uploads\/2021\/11\/1.ae21c894a-636x409.jpg\" alt=\"\" width=\"636\" height=\"409\" srcset=\"https:\/\/diarioelpopular.com\/wp-content\/uploads\/2021\/11\/1.ae21c894a-636x409.jpg 636w, https:\/\/diarioelpopular.com\/wp-content\/uploads\/2021\/11\/1.ae21c894a-300x193.jpg 300w, https:\/\/diarioelpopular.com\/wp-content\/uploads\/2021\/11\/1.ae21c894a-768x493.jpg 768w, https:\/\/diarioelpopular.com\/wp-content\/uploads\/2021\/11\/1.ae21c894a-85x55.jpg 85w, https:\/\/diarioelpopular.com\/wp-content\/uploads\/2021\/11\/1.ae21c894a-114x73.jpg 114w, https:\/\/diarioelpopular.com\/wp-content\/uploads\/2021\/11\/1.ae21c894a.jpg 800w\" sizes=\"auto, (max-width: 636px) 100vw, 636px\" \/><p id=\"caption-attachment-500437\" class=\"wp-caption-text\"><em>Migrantes centroamericanos en una ruta mexicana<\/em><\/p><\/div>\n<h4><em><strong>&#8211; Pide a EEUU mejores condiciones y asesor\u00eda legal para los demandantes de asilo<\/strong><\/em><\/h4>\n<p><em><strong>CIUDAD DE MEXICO, 28 NOV &#8211;<\/strong><\/em> El gobierno mexicano puso algunas condiciones a Estados Unidos para aceptar que se reactive el programa &#8220;Qu\u00e9date en M\u00e9xico&#8221;, por el cual miles de migrantes extranjeros deben esperar en territorio azteca a aguardar que se procesen sus pedidos de asilo en el pa\u00eds vecino.<br \/>\nDespu\u00e9s de desmantelar en julio pasado este plan, denominado oficialmente Protocolos de Protecci\u00f3n al Migrante (MPP, siglas en ingl\u00e9s), establecido a fines de 2019 por su antecesor Donald Trump, el presidente estadounidense Joe Biden dio a conocer d\u00edas atr\u00e1s su intenci\u00f3n de reinstalarlo a partir de la pr\u00f3xima semana.<br \/>\nSeg\u00fan algunos medios informativos estadounidenses, que citaron fuentes del Departamento de Seguridad Nacional (DHS) la estrategia ser\u00e1 reestablecida, despu\u00e9s de una orden de un juez de Texas, tras una demanda planteada por el gobierno de este estado y el de Missouri.<br \/>\nEl programa se restablecer\u00eda en dos ciudades fronterizas de Texas y una de California, de acuerdo a la resoluci\u00f3n judicial, la cual indic\u00f3 que la restauraci\u00f3n tendr\u00e1 lugar hasta hallar una forma de &#8220;rescindirlo de forma legal&#8221; y hasta que el gobierno tenga la capacidad para detener a los solicitantes de asilo.<br \/>\nSin todav\u00eda admitir que M\u00e9xico dio el visto bueno para reestablecer este plan, la Canciller\u00eda inform\u00f3 que solicit\u00f3 a la administraci\u00f3n de Biden &#8220;recursos para las personas que aguardan de este lado de la frontera, en tanto se resuelve su solicitud de asilo&#8221;.<br \/>\nEl ministerio de Relaciones Exteriores dio a conocer que, en las conversaciones del grupo de trabajo bilateral, M\u00e9xico subray\u00f3 la necesidad de mejorar las condiciones para las personas migrantes, de modo tal que cuenten con mejor asesor\u00eda legal en sus procesos, que deben realizarse de la forma m\u00e1s expedita posible&#8221;.<br \/>\n&#8220;M\u00e9xico ha comunicado a los Estados Unidos que las personas migrantes deben contar con acceso a atenci\u00f3n m\u00e9dica y vacunaci\u00f3n contra Covid-19, a fin de proteger su derecho a la salud y evitar la propagaci\u00f3n de la enfermedad en las comunidades de ambos lados de la frontera&#8221;, se\u00f1al\u00f3.<br \/>\nEl gobierno de Biden ya anticip\u00f3 que otorgar\u00e1 el beneficio de la inmunizaci\u00f3n de los migrantes que ahora est\u00e1n en territorio estadounidense y esperan la respuesta para el asilo de parte de jueces migratorios, que son autoridades no vinculadas al poder judicial, sino al poder ejecutivo.<br \/>\nEl gobierno mexicano pidi\u00f3 &#8220;respetar los criterios&#8221; para grupos de personas vulnerables como menores de edad no acompa\u00f1ados, embarazadas, con enfermedades f\u00edsicas o mentales, ancianos, gays o de otras preferencias sexuales y personas ind\u00edgenas que no hablan ninguna otra lengua m\u00e1s que la materna.<br \/>\nAdicionalmente, solicit\u00f3 respetar &#8220;los puntos de retorno designados&#8221;, tomando en consideraci\u00f3n tanto las capacidades del Instituto Nacional de Migraci\u00f3n (INM), &#8220;para brindar la adecuada atenci\u00f3n a las personas migrantes, como las condiciones de seguridad a nivel local&#8221;.<br \/>\nEl gobierno de M\u00e9xico urgi\u00f3 a Estados Unidos &#8220;acelerar los programas de cooperaci\u00f3n para el desarrollo en el sur del territorio nacional y el norte de Centroam\u00e9rica, a fin de atender las causas estructurales de la migraci\u00f3n&#8221;.<br \/>\nLa Agencia Mexicana de Cooperaci\u00f3n Internacional para el Desarrollo y la Agencia de los Estados Unidos para el Desarrollo Internacional iniciar\u00e1n en el corto plazo un programa piloto en Honduras para avanzar en esfuerzos binacionales en la materia, se\u00f1al\u00f3 el comunicado.<br \/>\nEl programa ideado por Trump desat\u00f3 un &#8220;desastre humanitario sin precedentes&#8221; en la frontera entre Estados Unidos y M\u00e9xico, de acuerdo con el &#8220;think tank&#8221; Oficina en Washington para Asuntos Latinaomericanos (WOLA, siglas en ingl\u00e9s).<br \/>\n&#8220;El restablecimiento de &#8216;Qu\u00e9date en M\u00e9xico&#8217; significar\u00eda un retorno a una pol\u00edtica inhumana e ilegal&#8221; que ha obligado a m\u00e1s de 71.038 personas solicitantes de asilo a esperar en M\u00e9xico por sus audiencias de inmigraci\u00f3n en Estados Unidos.<br \/>\nEste plan &#8220;ha impulsado a niveles sin precedentes la creaci\u00f3n de campamentos con condiciones de vida profundamente insalubres e inseguras, en las ciudades fronterizas mexicanas, donde las personas solicitantes de asilo son expuestas de nuevo a peligrosos actores criminales&#8221;, alert\u00f3 la organizaci\u00f3n.<br \/>\nEl centro de estudio y promoci\u00f3n de los derechos humanos en la regi\u00f3n record\u00f3 que ha habido m\u00e1s de 1.500 casos reportados de violaci\u00f3n, secuestro, tortura y otros delitos contra las personas sujetas al programa.<\/p>\n","protected":false},"excerpt":{"rendered":"<p>&#8211; Pide a EEUU mejores condiciones y asesor\u00eda legal para los demandantes de asilo CIUDAD DE MEXICO, 28 NOV &#8211; El gobierno mexicano puso algunas&hellip;<\/p>\n","protected":false},"author":99,"featured_media":500437,"comment_status":"open","ping_status":"open","sticky":false,"template":"","format":"standard","meta":{"footnotes":""},"categories":[23],"tags":[],"class_list":["post-500436","post","type-post","status-publish","format-standard","has-post-thumbnail","hentry","category-latinoamerica"],"_links":{"self":[{"href":"https:\/\/diarioelpopular.com\/index.php\/wp-json\/wp\/v2\/posts\/500436","targetHints":{"allow":["GET"]}}],"collection":[{"href":"https:\/\/diarioelpopular.com\/index.php\/wp-json\/wp\/v2\/posts"}],"about":[{"href":"https:\/\/diarioelpopular.com\/index.php\/wp-json\/wp\/v2\/types\/post"}],"author":[{"embeddable":true,"href":"https:\/\/diarioelpopular.com\/index.php\/wp-json\/wp\/v2\/users\/99"}],"replies":[{"embeddable":true,"href":"https:\/\/diarioelpopular.com\/index.php\/wp-json\/wp\/v2\/comments?post=500436"}],"version-history":[{"count":1,"href":"https:\/\/diarioelpopular.com\/index.php\/wp-json\/wp\/v2\/posts\/500436\/revisions"}],"predecessor-version":[{"id":500438,"href":"https:\/\/diarioelpopular.com\/index.php\/wp-json\/wp\/v2\/posts\/500436\/revisions\/500438"}],"wp:featuredmedia":[{"embeddable":true,"href":"https:\/\/diarioelpopular.com\/index.php\/wp-json\/wp\/v2\/media\/500437"}],"wp:attachment":[{"href":"https:\/\/diarioelpopular.com\/index.php\/wp-json\/wp\/v2\/media?parent=500436"}],"wp:term":[{"taxonomy":"category","embeddable":true,"href":"https:\/\/diarioelpopular.com\/index.php\/wp-json\/wp\/v2\/categories?post=500436"},{"taxonomy":"post_tag","embeddable":true,"href":"https:\/\/diarioelpopular.com\/index.php\/wp-json\/wp\/v2\/tags?post=500436"}],"curies":[{"name":"wp","href":"https:\/\/api.w.org\/{rel}","templated":true}]}}