{"id":500456,"date":"2021-11-30T10:18:06","date_gmt":"2021-11-30T14:18:06","guid":{"rendered":"https:\/\/diarioelpopular.com\/?p=500456"},"modified":"2021-11-30T10:20:14","modified_gmt":"2021-11-30T14:20:14","slug":"viajeros-no-vacunados-excluidos-de-aviones-y-trenes-a-partir-de-este-martes","status":"publish","type":"post","link":"https:\/\/diarioelpopular.com\/index.php\/2021\/11\/30\/viajeros-no-vacunados-excluidos-de-aviones-y-trenes-a-partir-de-este-martes\/","title":{"rendered":"Viajeros no vacunados excluidos de aviones y trenes a partir de este martes"},"content":{"rendered":"<p><img loading=\"lazy\" decoding=\"async\" class=\"alignnone size-custom-full-size wp-image-500457\" src=\"https:\/\/diarioelpopular.com\/wp-content\/uploads\/2021\/11\/1.e1638266880464-636x358.jpg\" alt=\"\" width=\"636\" height=\"358\" srcset=\"https:\/\/diarioelpopular.com\/wp-content\/uploads\/2021\/11\/1.e1638266880464-636x358.jpg 636w, https:\/\/diarioelpopular.com\/wp-content\/uploads\/2021\/11\/1.e1638266880464-300x169.jpg 300w, https:\/\/diarioelpopular.com\/wp-content\/uploads\/2021\/11\/1.e1638266880464-768x432.jpg 768w, https:\/\/diarioelpopular.com\/wp-content\/uploads\/2021\/11\/1.e1638266880464-130x73.jpg 130w, https:\/\/diarioelpopular.com\/wp-content\/uploads\/2021\/11\/1.e1638266880464.jpg 800w\" sizes=\"auto, (max-width: 636px) 100vw, 636px\" \/><\/p>\n<h4><em><strong>&#8211; Los viajeros no vacunados mayores de 12 a\u00f1os no podr\u00e1n abordar un avi\u00f3n o tren en Canad\u00e1 a partir de este martes, y una prueba COVID-19 negativa ya no servir\u00e1 como sustituto para la mayor\u00eda de las personas.<\/strong><\/em><\/h4>\n<p><em><strong>OTTAWA.-<\/strong> <\/em>La pol\u00edtica entr\u00f3 en vigencia el pasado\u00a0 30 de octubre, pero el gobierno federal permiti\u00f3 un breve per\u00edodo de transici\u00f3n para los viajeros no vacunados que pudieran abordar, siempre que presentaran una prueba de COVID-19 molecular negativa tomada dentro de las 72 horas anteriores a su viaje.<\/p>\n<p>El nuevo y estricto requisito entra en vigor cuando Canad\u00e1 reacciona ante la aparici\u00f3n de la nueva variante Omicron altamente mutada de COVID-19.<\/p>\n<p>El descubrimiento de la nueva variante ha provocado cierres de fronteras y controles m\u00e1s rigurosos en Canad\u00e1 y en el extranjero por temor a que pueda resultar m\u00e1s transmisible.<\/p>\n<p>El riesgo relacionado con la variante Omicron es muy alto, seg\u00fan la Organizaci\u00f3n Mundial de la Salud, pero todav\u00eda hay muchos funcionarios de salud p\u00fablica y los cient\u00edficos no lo saben.<\/p>\n<p>Si bien cualquier persona que ingrese a Canad\u00e1 o aborde un avi\u00f3n o tren dentro del pa\u00eds debe estar vacunada, actualmente no existen medidas de cuarentena, excepto para las personas que han transitado recientemente por el sur de \u00c1frica.<\/p>\n<p>Si bien hasta ahora muchas aerol\u00edneas han estado haciendo controles aleatorios para asegurarse de que los viajeros est\u00e9n vacunados, Air Canada y West Jet han confirmado que solicitar\u00e1n un comprobante de todos los que embarquen en Canad\u00e1 a partir de hoy.<\/p>\n<p>Otras medidas, como mascarillas y ex\u00e1menes m\u00e9dicos, seguir\u00e1n siendo obligatorias.<\/p>\n<p>&#8220;Si le indica a su aerol\u00ednea o compa\u00f1\u00eda ferroviaria que es elegible para abordar, pero no proporciona un comprobante de vacunaci\u00f3n o un resultado v\u00e1lido de la prueba COVID-19, no se le permitir\u00e1 viajar y podr\u00eda enfrentar sanciones o multas&#8221;, el estados del sitio web del gobierno.<\/p>\n<p>El gobierno ha emitido advertencias en las redes sociales de que incluso los canadienses y los residentes permanentes en el extranjero no podr\u00e1n regresar a casa sin una lista completa de vacunas aprobadas.<\/p>\n<p>Existen algunas excepciones, incluidas las exenciones m\u00e9dicas v\u00e1lidas, los viajes a comunidades remotas a las que solo se puede acceder en avi\u00f3n y los que transitan por Canad\u00e1 en ruta a otro destino.<\/p>\n<p>La mayor\u00eda de las personas que califican para una exenci\u00f3n necesitar\u00e1n una prueba COVID-19 reciente.<\/p>\n<p>El mandato de la vacuna recibi\u00f3 una reacci\u00f3n positiva de la industria de las aerol\u00edneas de Canad\u00e1 cuando se anunci\u00f3 por primera vez en octubre, aunque a algunas empresas les preocupaba hacer los preparativos necesarios a tiempo.<\/p>\n<p>Desde entonces, el gobierno federal anunci\u00f3 un documento estandarizado de prueba de vacunaci\u00f3n, que ha sido distribuido por provincias y territorios para viajes nacionales e internacionales.<\/p>\n<p>Mientras tanto, a partir de este martes, para los viajes a los EE. UU. de menos de 72 horas, los canadienses completamente vacunados y los residentes permanentes ya no necesitar\u00e1n mostrar una prueba de una prueba de PCR negativa en la frontera para volver a ingresar a Canad\u00e1. El cambio se aplicar\u00e1 a los viajes realizados por v\u00eda terrestre y a\u00e9rea. Sin embargo, para cualquier viaje de m\u00e1s de tres d\u00edas, y todos los viajes para ciudadanos no canadienses o residentes no permanentes, a\u00fan se requiere una prueba negativa.<\/p>\n","protected":false},"excerpt":{"rendered":"<p>&#8211; Los viajeros no vacunados mayores de 12 a\u00f1os no podr\u00e1n abordar un avi\u00f3n o tren en Canad\u00e1 a partir de este martes, y una&hellip;<\/p>\n","protected":false},"author":99,"featured_media":500457,"comment_status":"open","ping_status":"open","sticky":false,"template":"","format":"standard","meta":{"footnotes":""},"categories":[21,11191],"tags":[],"class_list":["post-500456","post","type-post","status-publish","format-standard","has-post-thumbnail","hentry","category-canada","category-top-news"],"_links":{"self":[{"href":"https:\/\/diarioelpopular.com\/index.php\/wp-json\/wp\/v2\/posts\/500456","targetHints":{"allow":["GET"]}}],"collection":[{"href":"https:\/\/diarioelpopular.com\/index.php\/wp-json\/wp\/v2\/posts"}],"about":[{"href":"https:\/\/diarioelpopular.com\/index.php\/wp-json\/wp\/v2\/types\/post"}],"author":[{"embeddable":true,"href":"https:\/\/diarioelpopular.com\/index.php\/wp-json\/wp\/v2\/users\/99"}],"replies":[{"embeddable":true,"href":"https:\/\/diarioelpopular.com\/index.php\/wp-json\/wp\/v2\/comments?post=500456"}],"version-history":[{"count":2,"href":"https:\/\/diarioelpopular.com\/index.php\/wp-json\/wp\/v2\/posts\/500456\/revisions"}],"predecessor-version":[{"id":500459,"href":"https:\/\/diarioelpopular.com\/index.php\/wp-json\/wp\/v2\/posts\/500456\/revisions\/500459"}],"wp:featuredmedia":[{"embeddable":true,"href":"https:\/\/diarioelpopular.com\/index.php\/wp-json\/wp\/v2\/media\/500457"}],"wp:attachment":[{"href":"https:\/\/diarioelpopular.com\/index.php\/wp-json\/wp\/v2\/media?parent=500456"}],"wp:term":[{"taxonomy":"category","embeddable":true,"href":"https:\/\/diarioelpopular.com\/index.php\/wp-json\/wp\/v2\/categories?post=500456"},{"taxonomy":"post_tag","embeddable":true,"href":"https:\/\/diarioelpopular.com\/index.php\/wp-json\/wp\/v2\/tags?post=500456"}],"curies":[{"name":"wp","href":"https:\/\/api.w.org\/{rel}","templated":true}]}}