{"id":500492,"date":"2021-12-02T10:50:24","date_gmt":"2021-12-02T14:50:24","guid":{"rendered":"https:\/\/diarioelpopular.com\/?p=500492"},"modified":"2021-12-02T10:50:24","modified_gmt":"2021-12-02T14:50:24","slug":"argentina-expresidente-macri-sera-procesado-por-espionaje","status":"publish","type":"post","link":"https:\/\/diarioelpopular.com\/index.php\/2021\/12\/02\/argentina-expresidente-macri-sera-procesado-por-espionaje\/","title":{"rendered":"Argentina: Expresidente Macri ser\u00e1 procesado por espionaje"},"content":{"rendered":"<div id=\"attachment_500493\" style=\"width: 646px\" class=\"wp-caption alignnone\"><img loading=\"lazy\" decoding=\"async\" aria-describedby=\"caption-attachment-500493\" class=\"size-custom-full-size wp-image-500493\" src=\"https:\/\/diarioelpopular.com\/wp-content\/uploads\/2021\/12\/1.0e9f655f-636x424.jpg\" alt=\"\" width=\"636\" height=\"424\" srcset=\"https:\/\/diarioelpopular.com\/wp-content\/uploads\/2021\/12\/1.0e9f655f-636x424.jpg 636w, https:\/\/diarioelpopular.com\/wp-content\/uploads\/2021\/12\/1.0e9f655f-300x200.jpg 300w, https:\/\/diarioelpopular.com\/wp-content\/uploads\/2021\/12\/1.0e9f655f-768x512.jpg 768w, https:\/\/diarioelpopular.com\/wp-content\/uploads\/2021\/12\/1.0e9f655f-110x73.jpg 110w, https:\/\/diarioelpopular.com\/wp-content\/uploads\/2021\/12\/1.0e9f655f.jpg 800w\" sizes=\"auto, (max-width: 636px) 100vw, 636px\" \/><p id=\"caption-attachment-500493\" class=\"wp-caption-text\"><em>Espionaje, expresidente Macri ser\u00e1 procesado (foto: EPA)<\/em><\/p><\/div>\n<h4><em><strong>&#8211; No podr\u00e1 abandonar el pa\u00eds<\/strong><\/em><\/h4>\n<p><em><strong>BUENOS AIRES, 02 DIC &#8211;<\/strong><\/em> El juez federal argentino Mart\u00edn Bava orden\u00f3 el procesamiento del expresidente de la rep\u00fablica Mauricio Macri, responsabiliz\u00e1ndolo de haber ordenado una acci\u00f3n ilegal de espionaje a las familias de las v\u00edctimas del submarino ARA San Juan, el cual desapareci\u00f3 en el Oc\u00e9ano Atl\u00e1ntico en 2017 con 44 tripulantes.<br \/>\nEn su sentencia, informa la agencia de noticias T\u00e9lam, Bava argument\u00f3 que, tras analizar las pruebas e interrogarlo, el imputado &#8220;aparentemente&#8221; es &#8220;penalmente responsable del delito de haber ordenado acciones de inteligencia prohibidas&#8221; contra familiares de las v\u00edctimas del accidente.<br \/>\nEl hundimiento del ARA San Juan, en el que murieron 44 personas, ocurri\u00f3 en noviembre de 2017. Pero los familiares de esas v\u00edctimas no habr\u00edan sido los \u00fanicos espiados.<br \/>\nLos agentes tambi\u00e9n monitorearon a los familiares de otros dos barcos hundidos: el pesquero &#8220;El Repunte&#8221;, que naufrag\u00f3 en el Mar Argentino el 17 de junio de 2017 y provoc\u00f3 la desaparici\u00f3n de 10 marineros; y el buque &#8220;Rigel&#8221;, que zarp\u00f3 el 5 de junio de 2018 del puerto de Mar del Plata (a 400 kil\u00f3metros de Buenos Aires) y perdi\u00f3 contacto cuatro d\u00edas despu\u00e9s frente a las costas de Chubut en medio de un temporal, mientras participaba en la campa\u00f1a del langostino. All\u00ed perdieron la vida nueve personas.<br \/>\nTras la ordenanza del juez, Macri no podr\u00e1 salir de Argentina, medida que aplicar\u00e1 cuando regrese de Chile donde se encuentra actualmente, y sufrir\u00e1 un embargo sobre sus activos de 100 millones de pesos (989.000 d\u00f3lares al tipo de cambio oficial).<br \/>\nEn los \u00faltimos dos a\u00f1os, durante la primera parte del gobierno del presidente Alberto Fern\u00e1ndez, el Poder Judicial argentino abri\u00f3 varias investigaciones contra Macri, ninguna de las cuales, antes de la actual sobre espionaje, hab\u00eda dado lugar a procesamiento judicial.<br \/>\nLos abogados del exjefe de Estado, hijo del empresario italiano Franco Macri, tambi\u00e9n siguen otros procesos, entre ellos el env\u00edo clandestino de municiones a Bolivia durante la presidencia interina de Jeanine A\u00f1ez, la gesti\u00f3n del &#8216;Correo argentino&#8217; por parte de una empresa perteneciente a la familia, un tercero por la compraventa de parques e\u00f3licos y un cuarto por irregularidades en la concesi\u00f3n de peajes de autopistas.<br \/>\nMacri se reuni\u00f3 hoy en Santiago de Chile, en su calidad de presidente de la Fundaci\u00f3n FIFA, con el presidente chileno Sebasti\u00e1n Pi\u00f1era, y declar\u00f3 a la prensa que &#8220;Chile es probablemente el \u00fanico pa\u00eds que se puede definir como Primer Mundo de Am\u00e9rica Latina&#8221;.<br \/>\nAludiendo a la pr\u00f3xima votaci\u00f3n presidencial del 19 de diciembre entre el candidato ultraconservador Jos\u00e9 Antonio Kast y el l\u00edder izquierdista Gabriel Boric, Macri se comprometi\u00f3 con la continuidad de la l\u00ednea de gobierno, alentando a &#8220;proteger aquello que tiene&#8221;.<br \/>\nSobre la posibilidad de que Kast suceda a Pi\u00f1era dijo: &#8220;No lo conozco, pero intuyo que intentar\u00e1 gobernar en la misma l\u00ednea que el actual gobierno&#8221;.<\/p>\n<div class=\"row bk-sep\">\n<div class=\"content-article col-md-9 col-sm-9 col-xs-12\">\n<div class=\"mm-photo-img\"><\/div>\n<\/div>\n<\/div>\n<p>&nbsp;<\/p>\n","protected":false},"excerpt":{"rendered":"<p>&#8211; No podr\u00e1 abandonar el pa\u00eds BUENOS AIRES, 02 DIC &#8211; El juez federal argentino Mart\u00edn Bava orden\u00f3 el procesamiento del expresidente de la rep\u00fablica&hellip;<\/p>\n","protected":false},"author":99,"featured_media":500493,"comment_status":"open","ping_status":"open","sticky":false,"template":"","format":"standard","meta":{"footnotes":""},"categories":[23],"tags":[],"class_list":["post-500492","post","type-post","status-publish","format-standard","has-post-thumbnail","hentry","category-latinoamerica"],"_links":{"self":[{"href":"https:\/\/diarioelpopular.com\/index.php\/wp-json\/wp\/v2\/posts\/500492","targetHints":{"allow":["GET"]}}],"collection":[{"href":"https:\/\/diarioelpopular.com\/index.php\/wp-json\/wp\/v2\/posts"}],"about":[{"href":"https:\/\/diarioelpopular.com\/index.php\/wp-json\/wp\/v2\/types\/post"}],"author":[{"embeddable":true,"href":"https:\/\/diarioelpopular.com\/index.php\/wp-json\/wp\/v2\/users\/99"}],"replies":[{"embeddable":true,"href":"https:\/\/diarioelpopular.com\/index.php\/wp-json\/wp\/v2\/comments?post=500492"}],"version-history":[{"count":1,"href":"https:\/\/diarioelpopular.com\/index.php\/wp-json\/wp\/v2\/posts\/500492\/revisions"}],"predecessor-version":[{"id":500494,"href":"https:\/\/diarioelpopular.com\/index.php\/wp-json\/wp\/v2\/posts\/500492\/revisions\/500494"}],"wp:featuredmedia":[{"embeddable":true,"href":"https:\/\/diarioelpopular.com\/index.php\/wp-json\/wp\/v2\/media\/500493"}],"wp:attachment":[{"href":"https:\/\/diarioelpopular.com\/index.php\/wp-json\/wp\/v2\/media?parent=500492"}],"wp:term":[{"taxonomy":"category","embeddable":true,"href":"https:\/\/diarioelpopular.com\/index.php\/wp-json\/wp\/v2\/categories?post=500492"},{"taxonomy":"post_tag","embeddable":true,"href":"https:\/\/diarioelpopular.com\/index.php\/wp-json\/wp\/v2\/tags?post=500492"}],"curies":[{"name":"wp","href":"https:\/\/api.w.org\/{rel}","templated":true}]}}