{"id":500503,"date":"2021-12-03T11:07:07","date_gmt":"2021-12-03T15:07:07","guid":{"rendered":"https:\/\/diarioelpopular.com\/?p=500503"},"modified":"2021-12-03T11:07:07","modified_gmt":"2021-12-03T15:07:07","slug":"la-economia-canadiense-agrega-154-mil-empleos-en-noviembre-la-tasa-de-desempleo-cae-al-6","status":"publish","type":"post","link":"https:\/\/diarioelpopular.com\/index.php\/2021\/12\/03\/la-economia-canadiense-agrega-154-mil-empleos-en-noviembre-la-tasa-de-desempleo-cae-al-6\/","title":{"rendered":"La econom\u00eda canadiense agrega 154 mil empleos en noviembre, la tasa de desempleo cae al 6%"},"content":{"rendered":"<p><img loading=\"lazy\" decoding=\"async\" class=\"alignnone size-custom-full-size wp-image-500504\" src=\"https:\/\/diarioelpopular.com\/wp-content\/uploads\/2021\/12\/1.633697490740-636x358.jpg\" alt=\"\" width=\"636\" height=\"358\" srcset=\"https:\/\/diarioelpopular.com\/wp-content\/uploads\/2021\/12\/1.633697490740-636x358.jpg 636w, https:\/\/diarioelpopular.com\/wp-content\/uploads\/2021\/12\/1.633697490740-300x169.jpg 300w, https:\/\/diarioelpopular.com\/wp-content\/uploads\/2021\/12\/1.633697490740-768x432.jpg 768w, https:\/\/diarioelpopular.com\/wp-content\/uploads\/2021\/12\/1.633697490740-130x73.jpg 130w, https:\/\/diarioelpopular.com\/wp-content\/uploads\/2021\/12\/1.633697490740.jpg 800w\" sizes=\"auto, (max-width: 636px) 100vw, 636px\" \/><\/p>\n<h4><em><strong>&#8211; Statistics Canada anunci\u00f3 que la econom\u00eda agreg\u00f3 154.000 puestos de trabajo en noviembre, ya que el mercado laboral mostr\u00f3 m\u00e1s se\u00f1ales de que est\u00e1 volviendo a los niveles anteriores a la pandemia.<\/strong><\/em><\/h4>\n<p><em><strong>&#8211; Ontarianos de 50 a\u00f1os o m\u00e1s elegibles para vacunas de refuerzo de COVID-19 a partir del 13 de diciembre<\/strong><\/em><\/p>\n<p><em><strong>OTTAWA.-<\/strong><\/em> La tasa de desempleo cay\u00f3 al 6,0 por ciento el mes pasado en comparaci\u00f3n con el 6,7 por ciento en octubre, la sexta ca\u00edda mensual consecutiva y la mayor ca\u00edda desde marzo de 2021.<\/p>\n<p>Eso llev\u00f3 la tasa general a 0.3 puntos porcentuales del 5.7 por ciento registrado en febrero de 2020, justo antes de que golpeara la pandemia.<\/p>\n<p>Statistics Canada dijo que la tasa de desempleo habr\u00eda sido del 7,8 por ciento en noviembre si hubiera incluido a canadienses que quer\u00edan trabajar pero no buscaron trabajo, por debajo del 8,7 por ciento en octubre.<\/p>\n<p>Statistics Canada tambi\u00e9n anot\u00f3 que el n\u00famero de desempleados de larga duraci\u00f3n se redujo en 62.000, lo que marca la primera ca\u00edda mensual desde agosto.<\/p>\n<p>La agencia exploca que la disminuci\u00f3n de los desempleados de larga duraci\u00f3n fue particularmente pronunciada para los canadienses que hab\u00edan estado sin trabajo durante un a\u00f1o o m\u00e1s.<\/p>\n<p>Statistics Canada tambi\u00e9n inform\u00f3 que el total de horas trabajadas volvi\u00f3 a niveles prepand\u00e9micos por primera vez en noviembre, luego de un tramo en el que algunos trabajadores vieron recortar sus horas.<\/p>\n<p>Seis provincias (Ontario, Quebec, Alberta, Terranova y Labrador, Nueva Escocia e Isla del Pr\u00edncipe Eduardo) registraron ganancias, con pocos cambios para las cuatro restantes. La agencia se\u00f1ala que la encuesta de empleo mensual se llev\u00f3 a cabo justo antes de que las graves inundaciones azotaran a Columbia Brit\u00e1nica.<\/p>\n<p>Con el desempleo disminuyendo y las vacantes de empleo aumentando, la oficina de estad\u00edsticas dice que hay se\u00f1ales que apuntan a una escasez de mano de obra nueva o a un empeoramiento o desajustes de habilidades.<\/p>\n<p>Leah Nord, directora senior de estrategias de fuerza laboral de la C\u00e1mara de Comercio de Canad\u00e1, dijo que el pa\u00eds no est\u00e1 mejor hoy que antes de la pandemia porque todav\u00eda no hay una forma significativa de conectar a los trabajadores desempleados con los trabajos disponibles.<\/p>\n<p>\u201cAhora que se han despejado los impactos de los programas de apoyo, el problema estructural de nuestro mercado laboral queda al descubierto: una desalineaci\u00f3n arraigada entre las habilidades que los empleadores est\u00e1n buscando y las personas que buscan trabajo ofrecen\u201d, dice, advirtiendo que los dolores del mercado laboral probablemente empeoren en las etapas iniciales. el pr\u00f3ximo a\u00f1o.<\/p>\n<p><em><strong>Ontarianos de 50 a\u00f1os o m\u00e1s elegibles para vacunas de refuerzo de COVID-19 a partir del 13 de diciembre<\/strong><\/em><\/p>\n<p><em><strong>TORONTO.-<\/strong> <\/em>El gobierno provincial ha acelerado el lanzamiento de inyecciones de refuerzo de la vacuna COVID-19 para cualquier persona de 50 a\u00f1os o m\u00e1s en medio de la llegada de la nueva variante de Omicron.<\/p>\n<p>A partir del 13 de diciembre a las 8 a.m., los funcionarios del gobierno dicen que las citas para la tercera dosis se pueden reservar a trav\u00e9s del portal de vacunaci\u00f3n COVID-19 llamando al &#8220;Centro Provincial de Contacto de Vacunas&#8221;, cl\u00ednicas de vacunaci\u00f3n dirigidas por ind\u00edgenas y farmacias selectas y entornos de atenci\u00f3n primaria.<\/p>\n<p>Las citas se reservar\u00e1n aproximadamente seis meses (168 d\u00edas) despu\u00e9s de una segunda dosis. Las personas que reciben di\u00e1lisis tambi\u00e9n son elegibles para la tercera dosis de la vacuna COVID-19 si han pasado 56 d\u00edas desde la segunda inyecci\u00f3n.<\/p>\n<p>&#8220;Si es elegible para una dosis de refuerzo de la vacuna COVID-19, programe su cita lo antes posible para tener una capa adicional de protecci\u00f3n&#8221;, dijo el Dr. Kieran Moore, director m\u00e9dico de salud de Ontario.<\/p>\n<p>A partir de enero, el Dr. Moore dijo que la provincia ampliar\u00e1 a\u00fan m\u00e1s la elegibilidad para dosis de refuerzo seg\u00fan la edad y el riesgo, con un intervalo de seis a ocho meses desde la segunda dosis.<\/p>\n<p>Actualmente, las personas de 70 a\u00f1os o m\u00e1s son elegibles para las vacunas de refuerzo, as\u00ed como cualquier persona que haya recibido dos dosis de la vacuna AstraZeneca. La provincia ahora recomienda que las personas que est\u00e1n recibiendo tratamientos celulares despu\u00e9s de la terapia o un trasplante se vacunen nuevamente con ambas inyecciones debido a la p\u00e9rdida de inmunidad.<\/p>\n<p>Como parte del anuncio, el gobierno de Ontario tambi\u00e9n dijo que ahora se ofrecen dosis limitadas de la vacuna Johnson and Johnson de una sola inyecci\u00f3n a adultos con alergias a las inyecciones de ARNm o personas no vacunadas que se comunican con su unidad de salud p\u00fablica local.<\/p>\n<p>A principios de esta semana, la ministra de Salud, Christine Elliott, dijo que se esperaba una actualizaci\u00f3n sobre el lanzamiento del refuerzo de la provincia en los pr\u00f3ximos d\u00edas.<\/p>\n<p>&#8220;Hemos tomado todas las precauciones posibles&#8221;, dijo Elliott el martes cuando se le pregunt\u00f3 sobre la variante de Omicron durante el per\u00edodo de preguntas en la legislatura de Ontario. \u201cEstamos preparados para lo que pueda suceder. Tenemos una estrategia de prueba muy s\u00f3lida &#8220;.<\/p>\n<p>Esto se produce en medio de una creciente presencia de la variante Omicron a nivel mundial y en la provincia. Salud P\u00fablica de la Regi\u00f3n de Durham confirm\u00f3 el jueves que una persona dio positivo por la variante de preocupaci\u00f3n.<\/p>\n<p>El caso es un contacto cercano de un viajero que regresa de uno de los pa\u00edses identificados en el sur de \u00c1frica. Tambi\u00e9n se han encontrado cuatro casos de Omicron en Ottawa, otros en una c\u00e1rcel de Toronto y se han confirmado varios casos en Columbia Brit\u00e1nica, Alberta y Qu\u00e9bec.<\/p>\n<p>La Organizaci\u00f3n Mundial de la Salud (OMS) ha nombrado a Omicron como una variante de preocupaci\u00f3n y muchos pa\u00edses han implementado medidas de viaje para contenerlo, aunque a\u00fan no se sabe mucho sobre sus caracter\u00edsticas.<\/p>\n<p>El Dr. Moore dijo que el gobierno estaba revisando las medidas a la luz de la variante que evoluciona r\u00e1pidamente. Actualmente, la provincia est\u00e1 trabajando para administrar las primeras dosis de la vacuna COVID-19 a ni\u00f1os de cinco a 11 a\u00f1os despu\u00e9s de que fueran elegibles la semana pasada.<\/p>\n<p>CityNews se puso en contacto con las unidades de salud p\u00fablica en Toronto, la regi\u00f3n de Peel, la regi\u00f3n de York y la regi\u00f3n de Durham para saber c\u00f3mo se pueden ampliar las cl\u00ednicas de vacunas para satisfacer la creciente demanda.<\/p>\n<p>Si bien los detalles de qui\u00e9n podr\u00eda agregarse a la lista de Ontario no se conocieron p\u00fablicamente el mi\u00e9rcoles por la tarde, un portavoz de Salud P\u00fablica de Toronto dijo en un comunicado que existe capacidad dentro de las cl\u00ednicas de inmunizaci\u00f3n masiva del municipio para proporcionar dosis. A\u00fan as\u00ed, tambi\u00e9n se\u00f1alaron las opciones de farmacia, cl\u00ednica hospitalaria y proveedor de atenci\u00f3n primaria como alternativas.<\/p>\n<p>Mientras tanto, un portavoz del Departamento de Salud de la Regi\u00f3n de Durham escribi\u00f3 que el personal estaba planeando responder a las instrucciones sobre los refuerzos.<\/p>\n<p>\u201cHemos planeado la dotaci\u00f3n de personal y podemos hacerlo de manera oportuna seg\u00fan las instrucciones de la provincia. Entendemos que hay suficientes suministros de la provincia para cualquier tercera dosis \/ refuerzo planificado \u201d, dice el comunicado.<\/p>\n<p>\u201cEn este momento, nuestra prioridad contin\u00faa centrada en la vacunaci\u00f3n para la poblaci\u00f3n de cinco a 11 a\u00f1os seg\u00fan las indicaciones de la provincia, y continuaremos enfoc\u00e1ndonos en este grupo mientras abordamos las necesidades de grupos de elegibilidad adicionales como se anunci\u00f3. . &#8221;<\/p>\n<p>Las respuestas de las regiones de York y Peel no se recibieron en el momento de la publicaci\u00f3n.<\/p>\n","protected":false},"excerpt":{"rendered":"<p>&#8211; Statistics Canada anunci\u00f3 que la econom\u00eda agreg\u00f3 154.000 puestos de trabajo en noviembre, ya que el mercado laboral mostr\u00f3 m\u00e1s se\u00f1ales de que est\u00e1&hellip;<\/p>\n","protected":false},"author":99,"featured_media":500504,"comment_status":"open","ping_status":"open","sticky":false,"template":"","format":"standard","meta":{"footnotes":""},"categories":[21,11191],"tags":[],"class_list":["post-500503","post","type-post","status-publish","format-standard","has-post-thumbnail","hentry","category-canada","category-top-news"],"_links":{"self":[{"href":"https:\/\/diarioelpopular.com\/index.php\/wp-json\/wp\/v2\/posts\/500503","targetHints":{"allow":["GET"]}}],"collection":[{"href":"https:\/\/diarioelpopular.com\/index.php\/wp-json\/wp\/v2\/posts"}],"about":[{"href":"https:\/\/diarioelpopular.com\/index.php\/wp-json\/wp\/v2\/types\/post"}],"author":[{"embeddable":true,"href":"https:\/\/diarioelpopular.com\/index.php\/wp-json\/wp\/v2\/users\/99"}],"replies":[{"embeddable":true,"href":"https:\/\/diarioelpopular.com\/index.php\/wp-json\/wp\/v2\/comments?post=500503"}],"version-history":[{"count":1,"href":"https:\/\/diarioelpopular.com\/index.php\/wp-json\/wp\/v2\/posts\/500503\/revisions"}],"predecessor-version":[{"id":500505,"href":"https:\/\/diarioelpopular.com\/index.php\/wp-json\/wp\/v2\/posts\/500503\/revisions\/500505"}],"wp:featuredmedia":[{"embeddable":true,"href":"https:\/\/diarioelpopular.com\/index.php\/wp-json\/wp\/v2\/media\/500504"}],"wp:attachment":[{"href":"https:\/\/diarioelpopular.com\/index.php\/wp-json\/wp\/v2\/media?parent=500503"}],"wp:term":[{"taxonomy":"category","embeddable":true,"href":"https:\/\/diarioelpopular.com\/index.php\/wp-json\/wp\/v2\/categories?post=500503"},{"taxonomy":"post_tag","embeddable":true,"href":"https:\/\/diarioelpopular.com\/index.php\/wp-json\/wp\/v2\/tags?post=500503"}],"curies":[{"name":"wp","href":"https:\/\/api.w.org\/{rel}","templated":true}]}}